{"id":10166,"date":"2018-03-14T15:00:29","date_gmt":"2018-03-14T18:00:29","guid":{"rendered":"https:\/\/blogs.correiobraziliense.com.br\/aricunha\/?p=10166"},"modified":"2018-03-15T20:35:49","modified_gmt":"2018-03-15T23:35:49","slug":"tribunal-de-contas","status":"publish","type":"post","link":"https:\/\/blogs.correiobraziliense.com.br\/aricunha\/tribunal-de-contas\/","title":{"rendered":"Tribunal de Contas"},"content":{"rendered":"<p>ARI CUNHA<\/p>\n<p>Visto, lido e ouvido<\/p>\n<p>Desde 1960<\/p>\n<p>colunadoaricunha@gmail.com;<\/p>\n<p>com Circe Cunha e Mamfil<\/p>\n<figure id=\"attachment_10179\" aria-describedby=\"caption-attachment-10179\" style=\"width: 413px\" class=\"wp-caption alignleft\"><img loading=\"lazy\" decoding=\"async\" class=\" wp-image-10179\" src=\"https:\/\/blogs.correiobraziliense.com.br\/aricunha\/wp-content\/uploads\/sites\/13\/2018\/03\/tcm.jpg\" alt=\"Foto: epocanegocios.globo.com\" width=\"413\" height=\"310\" srcset=\"https:\/\/blogs.correiobraziliense.com.br\/aricunha\/wp-content\/uploads\/sites\/13\/2018\/03\/tcm.jpg 344w, https:\/\/blogs.correiobraziliense.com.br\/aricunha\/wp-content\/uploads\/sites\/13\/2018\/03\/tcm-300x225.jpg 300w, https:\/\/blogs.correiobraziliense.com.br\/aricunha\/wp-content\/uploads\/sites\/13\/2018\/03\/tcm-230x173.jpg 230w\" sizes=\"auto, (max-width: 413px) 100vw, 413px\" \/><figcaption id=\"caption-attachment-10179\" class=\"wp-caption-text\">Foto: epocanegocios.globo.com<\/figcaption><\/figure>\n<p style=\"text-align: justify\">\u00a0\u00a0\u00a0\u00a0\u00a0\u00a0\u00a0 Nesta altura dos acontecimentos, com muitos brasileiros contemplando o pa\u00eds a partir do fundo do po\u00e7o, j\u00e1 deu para formar na cabe\u00e7a de muitos contribuintes a convic\u00e7\u00e3o de que n\u00e3o est\u00e1 no aumento da carga tribut\u00e1ria a sa\u00edda para a crise econ\u00f4mica, mas, e sobretudo, num corte profundo de despesas da m\u00e1quina do Estado.<\/p>\n<p style=\"text-align: justify\">\u00a0\u00a0\u00a0\u00a0\u00a0\u00a0\u00a0 Em todos os n\u00edveis, a come\u00e7ar do topo onde a gastan\u00e7a \u00e9 enorme e dissociada da atual realidade do pa\u00eds. Mordomias e super sal\u00e1rios pagos a servidores n\u00e3o cabem mais no bolso do pagador de impostos, principalmente para aquela imensa multid\u00e3o que n\u00e3o v\u00ea retorno algum dessa dinheirama confiscada, a todo o momento, nos infinitos meandros de impostos, contribui\u00e7\u00f5es e taxas.<\/p>\n<p style=\"text-align: justify\">\u00a0\u00a0\u00a0\u00a0\u00a0\u00a0\u00a0\u00a0 De S\u00e3o Paulo, vem agora uma iniciativa que procura melhorar a qualidade e a quantidade desses gastos. A ideia dos vereadores daquela cidade \u00e9 come\u00e7ar pela desburocratiza\u00e7\u00e3o e pela redu\u00e7\u00e3o de despesas do pr\u00f3prio Tribunal de Contas do Munic\u00edpio (TCM), apontado como um \u00f3rg\u00e3o excessivamente caro, de baix\u00edssima transpar\u00eancia e cujo o trabalho de fiscaliza\u00e7\u00e3o, por suas caracter\u00edsticas, acaba por tornar ainda mais cara as a\u00e7\u00f5es do pr\u00f3prio Executivo.<\/p>\n<p style=\"text-align: justify\">\u00a0\u00a0\u00a0\u00a0\u00a0\u00a0\u00a0 Por outro lado, essa corte, que \u00e9 um \u00f3rg\u00e3o auxiliar do Legislativo, tem servido, nos \u00faltimos anos para acomodar indica\u00e7\u00f5es pol\u00edticas, inclusive para cargos vital\u00edcios, sem a m\u00ednima contrapartida para o cidad\u00e3o comum, alijado desse processo exclusiv\u00edssimo. Para muitos especialistas, a participa\u00e7\u00e3o ativa da sociedade, por meio do livre trabalho das entidades de vigil\u00e2ncia popular, \u00e9 capaz de, n\u00e3o s\u00f3 melhorar o controle sobre os gastos, mas reduzi-los \u00e0 n\u00edveis aceit\u00e1veis e realistas.<\/p>\n<p style=\"text-align: justify\">\u00a0\u00a0\u00a0\u00a0\u00a0\u00a0\u00a0 Pelos debates que v\u00eam se estendendo, h\u00e1 aqueles, inclusive, que pregam abertamente a extin\u00e7\u00e3o do TCM, que passaria a incorporar suas fun\u00e7\u00f5es ao Tribunal de Contas do Estado (TCE). Em Bras\u00edlia, como de resto em todo o pa\u00eds, os Tribunais de Contas, em momento algum, foram capazes de alertar e mesmo coibir que gastos com evid\u00eancia de superfaturamento fossem realizados nos \u00faltimos anos.<\/p>\n<p style=\"text-align: justify\">\u00a0\u00a0\u00a0\u00a0\u00a0\u00a0\u00a0 Para os cr\u00edticos, fica dif\u00edcil a um \u00f3rg\u00e3o, com esse modelo de composi\u00e7\u00e3o e ligado umbilicalmente ao Legislativo, fiscalizar antigos colegas, muitos deles, respons\u00e1veis pela indica\u00e7\u00e3o \u00e0quela corte, considerada o c\u00e9u na carreira.<\/p>\n<p style=\"text-align: justify\"><strong>A frase que foi pronunciada:<\/strong><\/p>\n<p style=\"text-align: justify\">\u201cN\u00e3o \u00e9 o Tribunal de Contas cria\u00e7\u00e3o de ordem legislativa; \u00e9 uma institui\u00e7\u00e3o constitucional da mesma import\u00e2ncia dos outros \u00f3rg\u00e3os pelos quais a nossa Constitui\u00e7\u00e3o buscou assegurar o exerc\u00edcio efetivo das garantias de moralidade e justi\u00e7a do sistema republicano.\u201d<\/p>\n<p style=\"text-align: justify\">Rui Barbosa no \u201cO Neg\u00f3cio da Prata\u201d.<\/p>\n<p style=\"text-align: justify\"><strong>Cultura milenar<\/strong><\/p>\n<p style=\"text-align: justify\">Em uma cerim\u00f4nia simples, o Embaixador do Jap\u00e3o no Brasil, Akira Yamada, com a presen\u00e7a do Secret\u00e1rio Adjunto de Educa\u00e7\u00e3o do DF, Clovis Lucio da Fonseca Sabino, o Subsecret\u00e1rio de Educa\u00e7\u00e3o B\u00e1sica, Daniel Damasceno Crepaldi, e o Coordenador Regional do Parano\u00e1 e Itapo\u00e3, Isac Aguiar de Castro, doou para o CIL do Parano\u00e1 US $52.210 para estimular o aprendizado da l\u00edngua japonesa. Na ocasi\u00e3o, o Embaixador Yamada disse estar esperan\u00e7oso que a garotada adote os mang\u00e1s como leitura, para se familiarizar com a l\u00edngua e cultura do Jap\u00e3o.<\/p>\n<figure id=\"attachment_10173\" aria-describedby=\"caption-attachment-10173\" style=\"width: 624px\" class=\"wp-caption aligncenter\"><img loading=\"lazy\" decoding=\"async\" class=\" wp-image-10173\" src=\"https:\/\/blogs.correiobraziliense.com.br\/aricunha\/wp-content\/uploads\/sites\/13\/2018\/03\/Design-sem-nome.jpg\" alt=\"Fotos: facebook.com\/EmbaixadaDoJapao\" width=\"624\" height=\"499\" srcset=\"https:\/\/blogs.correiobraziliense.com.br\/aricunha\/wp-content\/uploads\/sites\/13\/2018\/03\/Design-sem-nome.jpg 945w, https:\/\/blogs.correiobraziliense.com.br\/aricunha\/wp-content\/uploads\/sites\/13\/2018\/03\/Design-sem-nome-300x240.jpg 300w, https:\/\/blogs.correiobraziliense.com.br\/aricunha\/wp-content\/uploads\/sites\/13\/2018\/03\/Design-sem-nome-768x614.jpg 768w, https:\/\/blogs.correiobraziliense.com.br\/aricunha\/wp-content\/uploads\/sites\/13\/2018\/03\/Design-sem-nome-350x280.jpg 350w, https:\/\/blogs.correiobraziliense.com.br\/aricunha\/wp-content\/uploads\/sites\/13\/2018\/03\/Design-sem-nome-550x440.jpg 550w, https:\/\/blogs.correiobraziliense.com.br\/aricunha\/wp-content\/uploads\/sites\/13\/2018\/03\/Design-sem-nome-230x184.jpg 230w\" sizes=\"auto, (max-width: 624px) 100vw, 624px\" \/><figcaption id=\"caption-attachment-10173\" class=\"wp-caption-text\">Fotos: facebook.com\/EmbaixadaDoJapao<\/figcaption><\/figure>\n<p style=\"text-align: justify\"><strong>D\u00favidas<\/strong><\/p>\n<p style=\"text-align: justify\">Por falar em embaixada&#8230; Por que os funcion\u00e1rios da Embaixada de Portugal, come\u00e7ando pelo guarda que fica no Facebook no lugar de trabalhar, s\u00e3o t\u00e3o grosseiros? As informa\u00e7\u00f5es do site incompletas e as informa\u00e7\u00f5es do balc\u00e3o desencontradas. Por que n\u00e3o colocam uma pessoa bem informada para atender as liga\u00e7\u00f5es no lugar de cortar o telefone? Por que escolhem trabalhar em um lugar que odeiam tanto? \u00c9 s\u00f3 curiosidade, diz o leitor.<\/p>\n<p style=\"text-align: justify\"><strong>C\u00e2ncer<\/strong><\/p>\n<p style=\"text-align: justify\">Quem foi ao Audit\u00f3rio do Interlegis, no Senado, teve a oportunidade de saber mais como, al\u00e9m do tabaco, outros fatores, como polui\u00e7\u00e3o ambiental e rad\u00f4nio, est\u00e3o associados ao c\u00e2ncer de pulm\u00e3o. O Brasil precisa acordar, como outros pa\u00edses, para pol\u00edticas p\u00fablicas e legisla\u00e7\u00e3o eficiente relativas a esse problema de sa\u00fade p\u00fablica. Quem organizou o evento foi o Instituto Lado a Lado Pela Vida, que trouxe especialistas e representantes do poder p\u00fablico para discutir o cen\u00e1rio do c\u00e2ncer de pulm\u00e3o no pa\u00eds. O aumento da incid\u00eancia deste tipo de tumor entre n\u00e3o fumantes tem implica\u00e7\u00f5es na forma como olhamos para as suas causas. Neste encontro, o Poder P\u00fablico, educa\u00e7\u00e3o, Meio Ambiente e \u00e1reas da Sa\u00fade discutiram o assunto com propostas tang\u00edveis. Tudo sobre o evento no blog do Ari Cunha.<\/p>\n<figure id=\"attachment_10171\" aria-describedby=\"caption-attachment-10171\" style=\"width: 1283px\" class=\"wp-caption aligncenter\"><img loading=\"lazy\" decoding=\"async\" class=\"size-full wp-image-10171\" src=\"https:\/\/blogs.correiobraziliense.com.br\/aricunha\/wp-content\/uploads\/sites\/13\/2018\/03\/Capturar.jpg\" alt=\"Imagem: ladoaladopelavida.org.br\" width=\"1283\" height=\"443\" srcset=\"https:\/\/blogs.correiobraziliense.com.br\/aricunha\/wp-content\/uploads\/sites\/13\/2018\/03\/Capturar.jpg 1283w, https:\/\/blogs.correiobraziliense.com.br\/aricunha\/wp-content\/uploads\/sites\/13\/2018\/03\/Capturar-300x104.jpg 300w, https:\/\/blogs.correiobraziliense.com.br\/aricunha\/wp-content\/uploads\/sites\/13\/2018\/03\/Capturar-768x265.jpg 768w, https:\/\/blogs.correiobraziliense.com.br\/aricunha\/wp-content\/uploads\/sites\/13\/2018\/03\/Capturar-1024x354.jpg 1024w, https:\/\/blogs.correiobraziliense.com.br\/aricunha\/wp-content\/uploads\/sites\/13\/2018\/03\/Capturar-350x121.jpg 350w, https:\/\/blogs.correiobraziliense.com.br\/aricunha\/wp-content\/uploads\/sites\/13\/2018\/03\/Capturar-550x190.jpg 550w, https:\/\/blogs.correiobraziliense.com.br\/aricunha\/wp-content\/uploads\/sites\/13\/2018\/03\/Capturar-230x79.jpg 230w\" sizes=\"auto, (max-width: 1283px) 100vw, 1283px\" \/><figcaption id=\"caption-attachment-10171\" class=\"wp-caption-text\">Imagem: ladoaladopelavida.org.br<\/figcaption><\/figure>\n<p style=\"text-align: justify\">Link para mais informa\u00e7\u00f5es:\u00a0<a href=\"https:\/\/www.ladoaladopelavida.org.br\/workshop-cancer-de-pulmao\">https:\/\/www.ladoaladopelavida.org.br\/workshop-cancer-de-pulmao<\/a><\/p>\n<p style=\"text-align: justify\"><strong>Apare\u00e7am <\/strong><\/p>\n<p style=\"text-align: justify\">Parafraseando a Casa do Cear\u00e1, ele saiu de Bras\u00edlia, mas Bras\u00edlia n\u00e3o saiu dele. Sucesso no Rio de Janeiro, F\u00e1bio Gesteira se apresenta hoje, 19h30, no Zahia Caf\u00e9 e Comida \u00e1rabe, na 301 do Sudoeste, bloco\u00a0 B, loja 1.<\/p>\n<p style=\"text-align: justify\"><img loading=\"lazy\" decoding=\"async\" class=\" wp-image-10172 aligncenter\" src=\"https:\/\/blogs.correiobraziliense.com.br\/aricunha\/wp-content\/uploads\/sites\/13\/2018\/03\/WhatsApp-Image-2018-03-14-at-12.01.25-1.jpeg\" alt=\"\" width=\"578\" height=\"578\" srcset=\"https:\/\/blogs.correiobraziliense.com.br\/aricunha\/wp-content\/uploads\/sites\/13\/2018\/03\/WhatsApp-Image-2018-03-14-at-12.01.25-1.jpeg 1080w, https:\/\/blogs.correiobraziliense.com.br\/aricunha\/wp-content\/uploads\/sites\/13\/2018\/03\/WhatsApp-Image-2018-03-14-at-12.01.25-1-150x150.jpeg 150w, https:\/\/blogs.correiobraziliense.com.br\/aricunha\/wp-content\/uploads\/sites\/13\/2018\/03\/WhatsApp-Image-2018-03-14-at-12.01.25-1-300x300.jpeg 300w, https:\/\/blogs.correiobraziliense.com.br\/aricunha\/wp-content\/uploads\/sites\/13\/2018\/03\/WhatsApp-Image-2018-03-14-at-12.01.25-1-768x768.jpeg 768w, https:\/\/blogs.correiobraziliense.com.br\/aricunha\/wp-content\/uploads\/sites\/13\/2018\/03\/WhatsApp-Image-2018-03-14-at-12.01.25-1-1024x1024.jpeg 1024w, https:\/\/blogs.correiobraziliense.com.br\/aricunha\/wp-content\/uploads\/sites\/13\/2018\/03\/WhatsApp-Image-2018-03-14-at-12.01.25-1-350x350.jpeg 350w, https:\/\/blogs.correiobraziliense.com.br\/aricunha\/wp-content\/uploads\/sites\/13\/2018\/03\/WhatsApp-Image-2018-03-14-at-12.01.25-1-550x550.jpeg 550w, https:\/\/blogs.correiobraziliense.com.br\/aricunha\/wp-content\/uploads\/sites\/13\/2018\/03\/WhatsApp-Image-2018-03-14-at-12.01.25-1-230x230.jpeg 230w\" sizes=\"auto, (max-width: 578px) 100vw, 578px\" \/><\/p>\n<p style=\"text-align: justify\"><strong>HIST\u00d3RIA DE BRAS\u00cdLIA<\/strong><\/p>\n<p style=\"text-align: justify\">Mas esta n\u00e3o ser\u00e1 a \u00faltima vez que o mesmo sr. L\u00facio Cardoso invista contra Bras\u00edlia. Lamentavelmente, ele est\u00e1 apoiado na atitude dos ministros, que preferem as conversas pol\u00edticas do \u201cSerrador\u201d ao trabalho produtivo de Bras\u00edlia. <strong>(Publicado em 17.10.1961)<\/strong><\/p>\n","protected":false},"excerpt":{"rendered":"<p>ARI CUNHA Visto, lido e ouvido Desde 1960 colunadoaricunha@gmail.com; com Circe Cunha e Mamfil \u00a0\u00a0\u00a0\u00a0\u00a0\u00a0\u00a0 Nesta altura dos acontecimentos, com muitos brasileiros contemplando o pa\u00eds a partir do fundo do po\u00e7o, j\u00e1 deu para formar na cabe\u00e7a de muitos contribuintes a convic\u00e7\u00e3o de que n\u00e3o est\u00e1 no aumento da carga tribut\u00e1ria a sa\u00edda para a crise econ\u00f4mica, mas, e sobretudo, [&hellip;]<\/p>\n","protected":false},"author":34,"featured_media":0,"comment_status":"open","ping_status":"open","sticky":false,"template":"","format":"standard","meta":{"footnotes":""},"categories":[23],"tags":[67],"class_list":["post-10166","post","type-post","status-publish","format-standard","hentry","category-integra","tag-brasilia-historiadebrasilia-aricunha-circecunha-mamfil"],"_links":{"self":[{"href":"https:\/\/blogs.correiobraziliense.com.br\/aricunha\/wp-json\/wp\/v2\/posts\/10166","targetHints":{"allow":["GET"]}}],"collection":[{"href":"https:\/\/blogs.correiobraziliense.com.br\/aricunha\/wp-json\/wp\/v2\/posts"}],"about":[{"href":"https:\/\/blogs.correiobraziliense.com.br\/aricunha\/wp-json\/wp\/v2\/types\/post"}],"author":[{"embeddable":true,"href":"https:\/\/blogs.correiobraziliense.com.br\/aricunha\/wp-json\/wp\/v2\/users\/34"}],"replies":[{"embeddable":true,"href":"https:\/\/blogs.correiobraziliense.com.br\/aricunha\/wp-json\/wp\/v2\/comments?post=10166"}],"version-history":[{"count":8,"href":"https:\/\/blogs.correiobraziliense.com.br\/aricunha\/wp-json\/wp\/v2\/posts\/10166\/revisions"}],"predecessor-version":[{"id":10180,"href":"https:\/\/blogs.correiobraziliense.com.br\/aricunha\/wp-json\/wp\/v2\/posts\/10166\/revisions\/10180"}],"wp:attachment":[{"href":"https:\/\/blogs.correiobraziliense.com.br\/aricunha\/wp-json\/wp\/v2\/media?parent=10166"}],"wp:term":[{"taxonomy":"category","embeddable":true,"href":"https:\/\/blogs.correiobraziliense.com.br\/aricunha\/wp-json\/wp\/v2\/categories?post=10166"},{"taxonomy":"post_tag","embeddable":true,"href":"https:\/\/blogs.correiobraziliense.com.br\/aricunha\/wp-json\/wp\/v2\/tags?post=10166"}],"curies":[{"name":"wp","href":"https:\/\/api.w.org\/{rel}","templated":true}]}}