{"id":10154,"date":"2018-03-13T21:00:16","date_gmt":"2018-03-14T00:00:16","guid":{"rendered":"https:\/\/blogs.correiobraziliense.com.br\/aricunha\/?p=10154"},"modified":"2018-03-15T21:41:53","modified_gmt":"2018-03-16T00:41:53","slug":"brasil-pronto-para-ser-mudado","status":"publish","type":"post","link":"https:\/\/blogs.correiobraziliense.com.br\/aricunha\/brasil-pronto-para-ser-mudado\/","title":{"rendered":"Brasil, pronto para ser mudado"},"content":{"rendered":"<p style=\"text-align: justify\">ARI CUNHA<\/p>\n<p style=\"text-align: justify\">Visto, lido e ouvido<\/p>\n<p style=\"text-align: justify\">Desde 1960<\/p>\n<p style=\"text-align: justify\">colunadoaricunha@gmail.com;<\/p>\n<p style=\"text-align: justify\">com Circe Cunha e Mamfil<\/p>\n<figure id=\"attachment_10161\" aria-describedby=\"caption-attachment-10161\" style=\"width: 800px\" class=\"wp-caption aligncenter\"><img loading=\"lazy\" decoding=\"async\" class=\"size-full wp-image-10161\" src=\"https:\/\/blogs.correiobraziliense.com.br\/aricunha\/wp-content\/uploads\/sites\/13\/2018\/03\/Charge-128.jpg\" alt=\"Charge: lorotaspoliticaseverdades.blogspot.com.br\" width=\"800\" height=\"667\" srcset=\"https:\/\/blogs.correiobraziliense.com.br\/aricunha\/wp-content\/uploads\/sites\/13\/2018\/03\/Charge-128.jpg 800w, https:\/\/blogs.correiobraziliense.com.br\/aricunha\/wp-content\/uploads\/sites\/13\/2018\/03\/Charge-128-300x250.jpg 300w, https:\/\/blogs.correiobraziliense.com.br\/aricunha\/wp-content\/uploads\/sites\/13\/2018\/03\/Charge-128-768x640.jpg 768w, https:\/\/blogs.correiobraziliense.com.br\/aricunha\/wp-content\/uploads\/sites\/13\/2018\/03\/Charge-128-350x292.jpg 350w, https:\/\/blogs.correiobraziliense.com.br\/aricunha\/wp-content\/uploads\/sites\/13\/2018\/03\/Charge-128-550x459.jpg 550w, https:\/\/blogs.correiobraziliense.com.br\/aricunha\/wp-content\/uploads\/sites\/13\/2018\/03\/Charge-128-230x192.jpg 230w\" sizes=\"auto, (max-width: 800px) 100vw, 800px\" \/><figcaption id=\"caption-attachment-10161\" class=\"wp-caption-text\">Charge: lorotaspoliticaseverdades.blogspot.com.br<\/figcaption><\/figure>\n<p style=\"text-align: justify\">\u00a0\u00a0\u00a0\u00a0\u00a0\u00a0\u00a0 Com a divulga\u00e7\u00e3o agora da pesquisa Retratos da Sociedade Brasileira \u2013 Perspectivas para as elei\u00e7\u00f5es de 2018, elaborada pela Confedera\u00e7\u00e3o Nacional da Ind\u00fastria (CNI) em parceria com o Ibope, fica evidenciado, matematicamente, em n\u00fameros, estat\u00edsticas e gr\u00e1ficos, sobre os quais esta Coluna vem chamando a aten\u00e7\u00e3o h\u00e1 tempos: o eleitor mudou e quer mudan\u00e7as imediatas.<\/p>\n<p style=\"text-align: justify\">\u00a0\u00a0\u00a0\u00a0\u00a0\u00a0\u00a0 Esse parece ser um dos efeitos induzidos pela longa crise, sobre os cidad\u00e3os, e indica, claramente, que para muitos, a sa\u00edda para esse quadro de recess\u00e3o econ\u00f4mica, \u00e9tica e pol\u00edtica \u00e9 pela trilha da moraliza\u00e7\u00e3o administrativa da m\u00e1quina p\u00fablica, a come\u00e7ar pela qualidade moral dos novos candidatos que vierem a se colocar no pr\u00f3ximo pleito.<\/p>\n<p style=\"text-align: justify\">\u00a0\u00a0\u00a0\u00a0\u00a0\u00a0\u00a0 In\u00fameros exemplos hist\u00f3ricos demonstram que, ao longo da hist\u00f3ria da humanidade, nenhuma civiliza\u00e7\u00e3o logrou sucesso abandonando princ\u00edpios \u00e9ticos nas rela\u00e7\u00f5es entre a sociedade e o Estado. N\u00e3o foi diferente no passado e n\u00e3o \u00e9 no presente. Observada pelo seu lado pedag\u00f3gico, crises possuem o cond\u00e3o incandescente de inflamar as pessoas, retirando-as de seu conforto passivo.<\/p>\n<p style=\"text-align: justify\">\u00a0\u00a0\u00a0\u00a0\u00a0\u00a0\u00a0 As grandes manifesta\u00e7\u00f5es de rua de 2013 j\u00e1 assinalavam uma nascente corrente de descontentamento dos brasileiros, principalmente com o comportamento, digamos, desleal, dos pol\u00edticos do pa\u00eds. \u201cN\u00e3o nos representam\u201d era a frase que se via estampada na maioria dos cartazes.<\/p>\n<p style=\"text-align: justify\">\u00a0\u00a0\u00a0\u00a0\u00a0\u00a0\u00a0 Mais do que ideologias vazias e manique\u00edsmos artificiais, criados por marqueteiros cuja a imagina\u00e7\u00e3o se iguala em gan\u00e2ncia, o que o brasileiro exige agora (92%) \u00e9 o pragmatismo sob a forma de intenso controle dos gastos p\u00fablicos. Chega de gastar muito e mal o dinheiro suado do contribuinte. O que se espera dos candidatos para 2018 \u00e9 um real conhecimento dos problemas do pa\u00eds (89%). Para tanto, o eleitor quer que os pretendentes a cargos eletivos demonstrem experi\u00eancia em assuntos econ\u00f4micos (77%).<\/p>\n<figure id=\"attachment_10162\" aria-describedby=\"caption-attachment-10162\" style=\"width: 384px\" class=\"wp-caption alignleft\"><img loading=\"lazy\" decoding=\"async\" class=\" wp-image-10162\" src=\"https:\/\/blogs.correiobraziliense.com.br\/aricunha\/wp-content\/uploads\/sites\/13\/2018\/03\/CHARGE-POLITICO-HONESTO.jpg\" alt=\"Charge: ozailtonmelo.blogspot.com.br\" width=\"384\" height=\"288\" srcset=\"https:\/\/blogs.correiobraziliense.com.br\/aricunha\/wp-content\/uploads\/sites\/13\/2018\/03\/CHARGE-POLITICO-HONESTO.jpg 480w, https:\/\/blogs.correiobraziliense.com.br\/aricunha\/wp-content\/uploads\/sites\/13\/2018\/03\/CHARGE-POLITICO-HONESTO-300x225.jpg 300w, https:\/\/blogs.correiobraziliense.com.br\/aricunha\/wp-content\/uploads\/sites\/13\/2018\/03\/CHARGE-POLITICO-HONESTO-350x263.jpg 350w, https:\/\/blogs.correiobraziliense.com.br\/aricunha\/wp-content\/uploads\/sites\/13\/2018\/03\/CHARGE-POLITICO-HONESTO-230x173.jpg 230w\" sizes=\"auto, (max-width: 384px) 100vw, 384px\" \/><figcaption id=\"caption-attachment-10162\" class=\"wp-caption-text\">Charge: ozailtonmelo.blogspot.com.br<\/figcaption><\/figure>\n<p style=\"text-align: justify\">\u00a0 \u00a0 \u00a0 \u00a0 \u00a0Um aspecto que chama a aten\u00e7\u00e3o na pesquisa, e que tamb\u00e9m temos insistido aqui, \u00e9 que a performance dos candidatos como prefeito e governador deveriam ter um grande peso no processo de escolha do novo presidente (72%). Na realidade, e pelo que tem demonstrado recentes experi\u00eancias malfadadas, ter sido prefeito e governador anteriormente e ter recebido, em ambas as fun\u00e7\u00f5es, a aprova\u00e7\u00e3o da comunidade, deveria se constituir na condi\u00e7\u00e3o sine qua non para todo e qualquer candidato \u00e0 presid\u00eancia da rep\u00fablica.<\/p>\n<p style=\"text-align: justify\">\u00a0\u00a0\u00a0\u00a0\u00a0\u00a0\u00a0 A pesquisa mostrou ainda que os brasileiros anseiam pela moraliza\u00e7\u00e3o administrativa, pelo combate \u00e0 corrup\u00e7\u00e3o e principalmente pela puni\u00e7\u00e3o dos corruptos. Nesse quesito, no perfil exigido aos pr\u00f3ximos (87%), a honestidade deveria ser o principal atributo pessoal. Para (84%) dos pesquisados \u00e9 preciso que os candidatos tenham nome absolutamente limpo.<\/p>\n<p style=\"text-align: justify\">\u00a0\u00a0\u00a0\u00a0\u00a0\u00a0\u00a0 A pesquisa da CNI mostrou ainda que \u00e9 alto o n\u00famero de eleitores pessimistas com as pr\u00f3ximas elei\u00e7\u00f5es e um dos motivos \u00e9 justamente os seguidos casos de corrup\u00e7\u00e3o. Sem d\u00favida as elei\u00e7\u00f5es desse ano servir\u00e3o como um bal\u00e3o de ensaio para as mudan\u00e7as que a na\u00e7\u00e3o quer.<\/p>\n<p style=\"text-align: justify\">\u00a0\u00a0\u00a0\u00a0\u00a0\u00a0\u00a0 O fato \u00e9 que, pelo o que se tem visto at\u00e9 agora, nenhum dos candidatos que tem se apresentado ao pleito, com exce\u00e7\u00e3o do atual governador de S\u00e3o Paulo, Geraldo Alckmin, possuem, nem de longe, o perfil exigido agora pelo cidad\u00e3o. Veja a pesquisa completa no blog do Ari Cunha<\/p>\n<p style=\"text-align: justify\"><strong>Link para a pesquisa:<\/strong>\u00a0<a href=\"https:\/\/static-cms-si.s3.amazonaws.com\/media\/filer_public\/0d\/c4\/0dc466d0-a5c8-46cb-bbac-0e846860deba\/retratosdasociedadebrasileira_43_perspectivasparaaseleicoesde2018.pdf\">https:\/\/static-cms-si.s3.amazonaws.com\/media\/filer_public\/0d\/c4\/0dc466d0-a5c8-46cb-bbac-0e846860deba\/retratosdasociedadebrasileira_43_perspectivasparaaseleicoesde2018.pdf<\/a><\/p>\n<p style=\"text-align: justify\"><strong>A frase que foi pronunciada:<\/strong><\/p>\n<p style=\"text-align: justify\">\u201cO pa\u00eds n\u00e3o pode parar, apesar da crise pol\u00edtica. H\u00e1 no Brasil lideran\u00e7as capazes de buscar equil\u00edbrio entre os poderes.\u201d<\/p>\n<p style=\"text-align: justify\">Robson Braga de Andrade, presidente da CNI<\/p>\n<p style=\"text-align: justify\"><strong>Voto legal<\/strong><\/p>\n<p style=\"text-align: justify\">Semin\u00e1rio Financiamento Eleitoral e o uso de crowdfunding (vaquinhas) nas elei\u00e7\u00f5es. Com a participa\u00e7\u00e3o de Eduardo Fraz\u00e3o do Amaral. Hoje \u00e0s 14h30, no edif\u00edcio da OAB, no SAS Quadra 5 \u2013 21939746.<\/p>\n<p style=\"text-align: justify\"><strong>Cultura<\/strong><\/p>\n<p style=\"text-align: justify\">Vem de Porto Alegre a boa nova.\u00a0 Hoje, toma posse como presidente da Funda\u00e7\u00e3o Theatro S\u00e3o Pedro, um dos \u00edcones da cultura do Rio Grande do Sul, Antonio Holfedt, professor universit\u00e1rio e um dos cr\u00edticos de teatro que h\u00e1 mais tempo mant\u00e9m uma coluna em jornal impresso, Jornal do Com\u00e9rcio. O governador ga\u00facho, Jos\u00e9 Ivo Sartori, sinaliza com essa nomea\u00e7\u00e3o seu apoio aos artistas e intelectuais da terra de \u00c9rico Ver\u00edssimo e M\u00e1rio Quintana.<\/p>\n<figure id=\"attachment_10158\" aria-describedby=\"caption-attachment-10158\" style=\"width: 191px\" class=\"wp-caption aligncenter\"><img loading=\"lazy\" decoding=\"async\" class=\"size-full wp-image-10158\" src=\"https:\/\/blogs.correiobraziliense.com.br\/aricunha\/wp-content\/uploads\/sites\/13\/2018\/03\/images.jpg\" alt=\"Foto: univates.br\" width=\"191\" height=\"264\" \/><figcaption id=\"caption-attachment-10158\" class=\"wp-caption-text\">Foto: univates.br<\/figcaption><\/figure>\n<p style=\"text-align: justify\"><strong>Novo diret\u00f3rio<\/strong><\/p>\n<p style=\"text-align: justify\">O Partido Novo inaugura novo diret\u00f3rio em Bras\u00edlia e imerge dentro do sistema da economia colaborativa. Eles inauguram o espa\u00e7o dentro do Copa Network, que abre suas portas no dia 7 de mar\u00e7o, na 305 Norte. Ser\u00e1 uma boa oportunidade de ter um contato direto com empreendedores da cidade, j\u00e1 que o grupo prima pela liberdade de mercado, al\u00e9m de v\u00e1rias propostas para a economia.\u00a0 A ideia do espa\u00e7o compartilhado \u00e9 justamente proporcionar uma experi\u00eancia agregadora, interatividade e conex\u00e3o entre os usu\u00e1rios.<\/p>\n<figure id=\"attachment_10159\" aria-describedby=\"caption-attachment-10159\" style=\"width: 1132px\" class=\"wp-caption alignnone\"><img loading=\"lazy\" decoding=\"async\" class=\"size-full wp-image-10159\" src=\"https:\/\/blogs.correiobraziliense.com.br\/aricunha\/wp-content\/uploads\/sites\/13\/2018\/03\/Copa-Coworking-Proposta202-1-1132x509.jpg\" alt=\"Foto: donnysilva.com.br\" width=\"1132\" height=\"509\" srcset=\"https:\/\/blogs.correiobraziliense.com.br\/aricunha\/wp-content\/uploads\/sites\/13\/2018\/03\/Copa-Coworking-Proposta202-1-1132x509.jpg 1132w, https:\/\/blogs.correiobraziliense.com.br\/aricunha\/wp-content\/uploads\/sites\/13\/2018\/03\/Copa-Coworking-Proposta202-1-1132x509-300x135.jpg 300w, https:\/\/blogs.correiobraziliense.com.br\/aricunha\/wp-content\/uploads\/sites\/13\/2018\/03\/Copa-Coworking-Proposta202-1-1132x509-768x345.jpg 768w, https:\/\/blogs.correiobraziliense.com.br\/aricunha\/wp-content\/uploads\/sites\/13\/2018\/03\/Copa-Coworking-Proposta202-1-1132x509-1024x460.jpg 1024w, https:\/\/blogs.correiobraziliense.com.br\/aricunha\/wp-content\/uploads\/sites\/13\/2018\/03\/Copa-Coworking-Proposta202-1-1132x509-350x157.jpg 350w, https:\/\/blogs.correiobraziliense.com.br\/aricunha\/wp-content\/uploads\/sites\/13\/2018\/03\/Copa-Coworking-Proposta202-1-1132x509-550x247.jpg 550w, https:\/\/blogs.correiobraziliense.com.br\/aricunha\/wp-content\/uploads\/sites\/13\/2018\/03\/Copa-Coworking-Proposta202-1-1132x509-230x103.jpg 230w\" sizes=\"auto, (max-width: 1132px) 100vw, 1132px\" \/><figcaption id=\"caption-attachment-10159\" class=\"wp-caption-text\">Foto: donnysilva.com.br<\/figcaption><\/figure>\n<p style=\"text-align: justify\"><strong>HIST\u00d3RIA DE BRAS\u00cdLIA<\/strong><\/p>\n<p style=\"text-align: justify\">Basta, para tanto, que se vejam as cole\u00e7\u00f5es dos jornais da \u00e9poca das outras elei\u00e7\u00f5es, para que se constate que no Rio os deputados n\u00e3o compareciam, preferindo as campanhas eleitorais em seu Estado. <strong>(Publicado em 17.10.1961)<\/strong><\/p>\n","protected":false},"excerpt":{"rendered":"<p>ARI CUNHA Visto, lido e ouvido Desde 1960 colunadoaricunha@gmail.com; com Circe Cunha e Mamfil \u00a0\u00a0\u00a0\u00a0\u00a0\u00a0\u00a0 Com a divulga\u00e7\u00e3o agora da pesquisa Retratos da Sociedade Brasileira \u2013 Perspectivas para as elei\u00e7\u00f5es de 2018, elaborada pela Confedera\u00e7\u00e3o Nacional da Ind\u00fastria (CNI) em parceria com o Ibope, fica evidenciado, matematicamente, em n\u00fameros, estat\u00edsticas e gr\u00e1ficos, sobre os quais esta Coluna vem chamando a [&hellip;]<\/p>\n","protected":false},"author":34,"featured_media":10161,"comment_status":"open","ping_status":"open","sticky":false,"template":"","format":"standard","meta":{"footnotes":""},"categories":[23],"tags":[67],"class_list":["post-10154","post","type-post","status-publish","format-standard","has-post-thumbnail","hentry","category-integra","tag-brasilia-historiadebrasilia-aricunha-circecunha-mamfil"],"_links":{"self":[{"href":"https:\/\/blogs.correiobraziliense.com.br\/aricunha\/wp-json\/wp\/v2\/posts\/10154","targetHints":{"allow":["GET"]}}],"collection":[{"href":"https:\/\/blogs.correiobraziliense.com.br\/aricunha\/wp-json\/wp\/v2\/posts"}],"about":[{"href":"https:\/\/blogs.correiobraziliense.com.br\/aricunha\/wp-json\/wp\/v2\/types\/post"}],"author":[{"embeddable":true,"href":"https:\/\/blogs.correiobraziliense.com.br\/aricunha\/wp-json\/wp\/v2\/users\/34"}],"replies":[{"embeddable":true,"href":"https:\/\/blogs.correiobraziliense.com.br\/aricunha\/wp-json\/wp\/v2\/comments?post=10154"}],"version-history":[{"count":6,"href":"https:\/\/blogs.correiobraziliense.com.br\/aricunha\/wp-json\/wp\/v2\/posts\/10154\/revisions"}],"predecessor-version":[{"id":10192,"href":"https:\/\/blogs.correiobraziliense.com.br\/aricunha\/wp-json\/wp\/v2\/posts\/10154\/revisions\/10192"}],"wp:featuredmedia":[{"embeddable":true,"href":"https:\/\/blogs.correiobraziliense.com.br\/aricunha\/wp-json\/wp\/v2\/media\/10161"}],"wp:attachment":[{"href":"https:\/\/blogs.correiobraziliense.com.br\/aricunha\/wp-json\/wp\/v2\/media?parent=10154"}],"wp:term":[{"taxonomy":"category","embeddable":true,"href":"https:\/\/blogs.correiobraziliense.com.br\/aricunha\/wp-json\/wp\/v2\/categories?post=10154"},{"taxonomy":"post_tag","embeddable":true,"href":"https:\/\/blogs.correiobraziliense.com.br\/aricunha\/wp-json\/wp\/v2\/tags?post=10154"}],"curies":[{"name":"wp","href":"https:\/\/api.w.org\/{rel}","templated":true}]}}