{"id":10142,"date":"2018-03-13T11:00:12","date_gmt":"2018-03-13T14:00:12","guid":{"rendered":"https:\/\/blogs.correiobraziliense.com.br\/aricunha\/?p=10142"},"modified":"2018-03-13T11:25:25","modified_gmt":"2018-03-13T14:25:25","slug":"prateleiras-vazias-da-venezuela","status":"publish","type":"post","link":"https:\/\/blogs.correiobraziliense.com.br\/aricunha\/prateleiras-vazias-da-venezuela\/","title":{"rendered":"Prateleiras vazias da Venezuela"},"content":{"rendered":"<p style=\"text-align: justify\">ARI CUNHA<\/p>\n<p style=\"text-align: justify\">Visto, lido e ouvido<\/p>\n<p style=\"text-align: justify\">Desde 1960<\/p>\n<p style=\"text-align: justify\">colunadoaricunha@gmail.com;<\/p>\n<p style=\"text-align: justify\">com Circe Cunha e Mamfil<\/p>\n<figure id=\"attachment_10147\" aria-describedby=\"caption-attachment-10147\" style=\"width: 319px\" class=\"wp-caption alignright\"><img loading=\"lazy\" decoding=\"async\" class=\" wp-image-10147\" src=\"https:\/\/blogs.correiobraziliense.com.br\/aricunha\/wp-content\/uploads\/sites\/13\/2018\/03\/alx_farmacia_venezuela_original.jpeg\" alt=\"Foto: veja.abril.com.br\" width=\"319\" height=\"239\" srcset=\"https:\/\/blogs.correiobraziliense.com.br\/aricunha\/wp-content\/uploads\/sites\/13\/2018\/03\/alx_farmacia_venezuela_original.jpeg 500w, https:\/\/blogs.correiobraziliense.com.br\/aricunha\/wp-content\/uploads\/sites\/13\/2018\/03\/alx_farmacia_venezuela_original-300x225.jpeg 300w, https:\/\/blogs.correiobraziliense.com.br\/aricunha\/wp-content\/uploads\/sites\/13\/2018\/03\/alx_farmacia_venezuela_original-350x263.jpeg 350w, https:\/\/blogs.correiobraziliense.com.br\/aricunha\/wp-content\/uploads\/sites\/13\/2018\/03\/alx_farmacia_venezuela_original-230x173.jpeg 230w\" sizes=\"auto, (max-width: 319px) 100vw, 319px\" \/><figcaption id=\"caption-attachment-10147\" class=\"wp-caption-text\">Foto: veja.abril.com.br<\/figcaption><\/figure>\n<p style=\"text-align: justify\">\u00a0 \u00a0 \u00a0 \u00a0Imagens feitas h\u00e1 alguns dias mostrando o interior de uma farm\u00e1cia, num bairro de classe m\u00e9dia alta, em Caracas, revela toda a nudez de um regime que parece respirar com ajuda de aparelhos. O que se via nas imagens eram sequ\u00eancias de prateleiras completamente vazias, onde n\u00e3o restava sequer um cotonete. No interior do balc\u00e3o, um atendente de roupa impecavelmente branca, sorria meio desapontado, indicando a inutilidade em que se transformou seus afazeres di\u00e1rios, mas que n\u00e3o \u00e9 diferente para muitos venezuelanos, nestes dias surrealistas.<\/p>\n<p style=\"text-align: justify\">\u00a0 \u00a0 \u00a0 \u00a0 \u00a0 \u00a0Aquelas imagens, mostrando um pa\u00eds que j\u00e1 n\u00e3o tem nada a oferecer, em certa medida, faz lembrar tamb\u00e9m a escassez na oferta de material humano, no caso, candidatos para as pr\u00f3ximas elei\u00e7\u00f5es no Brasil. Mercado, na defini\u00e7\u00e3o de economia, \u00e9 o lugar geogr\u00e1fico onde oferta e procura se encontram e, dependendo da quantidade em cada uma das prateleiras, o pre\u00e7o \u00e9 formado.<\/p>\n<p style=\"text-align: justify\">\u00a0 \u00a0 \u00a0 \u00a0Em se tratando das pr\u00f3ximas elei\u00e7\u00f5es, as prateleiras da oferta de candidatos est\u00e3o t\u00e3o minguadas como as apresentadas no interior da farm\u00e1cia venezuelana. Al\u00e9m da oferta pobre de candidatos, o eleitor brasileiro tem mostrado um fastio e mesmo uma certa repugn\u00e2ncia pelo o que encontra exposto. O que parece haver \u00e9 uma dissintonia absoluta entre o que o cidad\u00e3o busca para o momento atual do pa\u00eds e o que ele tem a oferecer: as mesmas e conhecidas caras expostas h\u00e1 muitos anos na vitrine.<\/p>\n<figure id=\"attachment_10149\" aria-describedby=\"caption-attachment-10149\" style=\"width: 442px\" class=\"wp-caption alignleft\"><img loading=\"lazy\" decoding=\"async\" class=\" wp-image-10149\" src=\"https:\/\/blogs.correiobraziliense.com.br\/aricunha\/wp-content\/uploads\/sites\/13\/2018\/03\/13681041_1266367263387912_7719081015822216163_n.jpg\" alt=\"Charge: arteemanhasdalingua.blogspot.com.br\" width=\"442\" height=\"441\" srcset=\"https:\/\/blogs.correiobraziliense.com.br\/aricunha\/wp-content\/uploads\/sites\/13\/2018\/03\/13681041_1266367263387912_7719081015822216163_n.jpg 693w, https:\/\/blogs.correiobraziliense.com.br\/aricunha\/wp-content\/uploads\/sites\/13\/2018\/03\/13681041_1266367263387912_7719081015822216163_n-150x150.jpg 150w, https:\/\/blogs.correiobraziliense.com.br\/aricunha\/wp-content\/uploads\/sites\/13\/2018\/03\/13681041_1266367263387912_7719081015822216163_n-300x300.jpg 300w, https:\/\/blogs.correiobraziliense.com.br\/aricunha\/wp-content\/uploads\/sites\/13\/2018\/03\/13681041_1266367263387912_7719081015822216163_n-350x350.jpg 350w, https:\/\/blogs.correiobraziliense.com.br\/aricunha\/wp-content\/uploads\/sites\/13\/2018\/03\/13681041_1266367263387912_7719081015822216163_n-550x549.jpg 550w, https:\/\/blogs.correiobraziliense.com.br\/aricunha\/wp-content\/uploads\/sites\/13\/2018\/03\/13681041_1266367263387912_7719081015822216163_n-230x230.jpg 230w\" sizes=\"auto, (max-width: 442px) 100vw, 442px\" \/><figcaption id=\"caption-attachment-10149\" class=\"wp-caption-text\">Charge: arteemanhasdalingua.blogspot.com.br<\/figcaption><\/figure>\n<p style=\"text-align: justify\">\u00a0 \u00a0 \u00a0 \u00a0 \u00a0Os atuais postulantes, que se gabam de conhecer o jogo pol\u00edtico e que se apresentam como verdadeiros mestres nessa arte, podem n\u00e3o ter percebido, mas o que os eleitores andam em busca ainda n\u00e3o est\u00e1 em oferta. O pior, \u00e9 que muitos daqueles que j\u00e1 se lan\u00e7aram em campanha aberta correm o s\u00e9rio risco de encontrar um ambiente externo totalmente diferente daquilo que imaginaram.<\/p>\n<p style=\"text-align: justify\">\u00a0 \u00a0 \u00a0 \u00a0 \u00a0 N\u00e3o seria de todo absurdo afirmar que o que espera hoje pelos candidatos, Brasil afora, \u00e9 um territ\u00f3rio desconhecido para muitos, hostil e mesmo in\u00f3spito ao extremo.<\/p>\n<p style=\"text-align: justify\">\u00a0 \u00a0 \u00a0 \u00a0 \u00a0 Depois de anos de desemprego, recess\u00e3o, esc\u00e2ndalos de corrup\u00e7\u00e3o e outras desilus\u00f5es, os eleitores, sobretudo a camada mais jovem que mais tem sentido os efeitos desses fen\u00f4menos nefastos, n\u00e3o enxergam com bons olhos a classe pol\u00edtica, sobretudo aquela, que para muitos, teve responsabilidade direta pela crise.<\/p>\n<p style=\"text-align: justify\">\u00a0 \u00a0 \u00a0 \u00a0 \u00a0H\u00e1, al\u00e9m de um enfado com o modelo atual, uma descren\u00e7a dos mais mo\u00e7os com essa gera\u00e7\u00e3o de pol\u00edticos. O mais incr\u00edvel \u00e9 que esse parece ser um fen\u00f4meno que perpassa a maioria dos pa\u00edses ocidentais na atualidade. O perigo com essa descren\u00e7a generalizada \u00e9 que ela induz, em muitos casos, o aparecimento de candidatos com propostas extremas. E \u00e9 justamente o que tem aparecido por aqui e em outras partes.<\/p>\n<p style=\"text-align: justify\">\u00a0 \u00a0 \u00a0 \u00a0 \u00a0 \u00a0Depois de provar o p\u00e3o da direita e mais recentemente da esquerda, o que muitos brasileiros parecem buscar \u00e9 algo realmente novo. Ocorre que o novo, como no caso do Movimento 5 Estrelas da It\u00e1lia, n\u00e3o nasce de uma hora para outra. E mesmo esse tipo de movimento carrega consigo frustra\u00e7\u00f5es e outras ide\u00e1rios j\u00e1 experimentados e deixados de lado.<\/p>\n<p style=\"text-align: justify\">\u00a0 \u00a0 \u00a0 \u00a0De olho nessa desilus\u00e3o geral, que parece tomar conta do eleitorado nacional, alguns pol\u00edticos mais espertalh\u00f5es, buscam na janela aberta para trocas partid\u00e1rias, um lugar ao sol. Para aqueles que t\u00eam suas caras estampadas nas manchetes de esc\u00e2ndalos, de nada adianta trocar de fantasia. Os eleitores conhecem o perfil de cada um e o que se pode adiantar \u00e9 que n\u00e3o gostam, nem um pouco, do que j\u00e1 sabem. Como nas prateleiras vazias da Venezuela, n\u00e3o h\u00e1 nada de novo no front da democracia brasileira.<\/p>\n<p style=\"text-align: justify\"><strong>A frase que foi pronunciada:<\/strong><\/p>\n<p style=\"text-align: justify\">\u201cA pol\u00edtica \u00e9 quase t\u00e3o excitante como a guerra e n\u00e3o menos perigosa. Na guerra a pessoa s\u00f3 pode ser morta uma vez, mas na pol\u00edtica diversas vezes.\u201d<\/p>\n<p style=\"text-align: justify\">Winston Churchil<\/p>\n<figure id=\"attachment_10148\" aria-describedby=\"caption-attachment-10148\" style=\"width: 480px\" class=\"wp-caption aligncenter\"><img loading=\"lazy\" decoding=\"async\" class=\"size-full wp-image-10148\" src=\"https:\/\/blogs.correiobraziliense.com.br\/aricunha\/wp-content\/uploads\/sites\/13\/2018\/03\/charge220912.jpg\" alt=\"Charge: esmaelmorais.com.br\" width=\"480\" height=\"360\" srcset=\"https:\/\/blogs.correiobraziliense.com.br\/aricunha\/wp-content\/uploads\/sites\/13\/2018\/03\/charge220912.jpg 480w, https:\/\/blogs.correiobraziliense.com.br\/aricunha\/wp-content\/uploads\/sites\/13\/2018\/03\/charge220912-300x225.jpg 300w, https:\/\/blogs.correiobraziliense.com.br\/aricunha\/wp-content\/uploads\/sites\/13\/2018\/03\/charge220912-350x263.jpg 350w, https:\/\/blogs.correiobraziliense.com.br\/aricunha\/wp-content\/uploads\/sites\/13\/2018\/03\/charge220912-230x173.jpg 230w\" sizes=\"auto, (max-width: 480px) 100vw, 480px\" \/><figcaption id=\"caption-attachment-10148\" class=\"wp-caption-text\">Charge: esmaelmorais.com.br<\/figcaption><\/figure>\n<p style=\"text-align: justify\"><strong>Conserva\u00e7\u00e3o<\/strong><\/p>\n<p style=\"text-align: justify\">Frequentadores do Parque da Cidade sentem o abandono do local. Sujeira por todo lado. De onde surgiu uma embalagem de \u00e1gua sanit\u00e1ria boiando no laguinho do parque, ningu\u00e9m sabe. Se verba p\u00fablica est\u00e1 sendo usada para a conserva\u00e7\u00e3o do local, ent\u00e3o que seja cobrado o trabalho.<\/p>\n<p style=\"font-weight: 400\"><strong>HIST\u00d3RIA DE BRAS\u00cdLIA\u00a0<\/strong><\/p>\n<p style=\"font-weight: 400\">Mas esta n\u00e3o ser\u00e1 a \u00faltima vez que o mesmo sr. L\u00facio Cardoso invista contra Bras\u00edlia. Lamentavelmente, ele est\u00e1 apoiado na atitude dos ministros, que preferem as conversas pol\u00edticas do \u201cSerrador\u201d ao trabalho produtivo de Bras\u00edlia.<\/p>\n<p style=\"font-weight: 400\">(Publicado em 17.10.1961)<\/p>\n","protected":false},"excerpt":{"rendered":"<p>ARI CUNHA Visto, lido e ouvido Desde 1960 colunadoaricunha@gmail.com; com Circe Cunha e Mamfil \u00a0 \u00a0 \u00a0 \u00a0Imagens feitas h\u00e1 alguns dias mostrando o interior de uma farm\u00e1cia, num bairro de classe m\u00e9dia alta, em Caracas, revela toda a nudez de um regime que parece respirar com ajuda de aparelhos. O que se via nas imagens eram sequ\u00eancias de prateleiras [&hellip;]<\/p>\n","protected":false},"author":34,"featured_media":10147,"comment_status":"open","ping_status":"open","sticky":false,"template":"","format":"standard","meta":{"footnotes":""},"categories":[23],"tags":[67],"class_list":["post-10142","post","type-post","status-publish","format-standard","has-post-thumbnail","hentry","category-integra","tag-brasilia-historiadebrasilia-aricunha-circecunha-mamfil"],"_links":{"self":[{"href":"https:\/\/blogs.correiobraziliense.com.br\/aricunha\/wp-json\/wp\/v2\/posts\/10142","targetHints":{"allow":["GET"]}}],"collection":[{"href":"https:\/\/blogs.correiobraziliense.com.br\/aricunha\/wp-json\/wp\/v2\/posts"}],"about":[{"href":"https:\/\/blogs.correiobraziliense.com.br\/aricunha\/wp-json\/wp\/v2\/types\/post"}],"author":[{"embeddable":true,"href":"https:\/\/blogs.correiobraziliense.com.br\/aricunha\/wp-json\/wp\/v2\/users\/34"}],"replies":[{"embeddable":true,"href":"https:\/\/blogs.correiobraziliense.com.br\/aricunha\/wp-json\/wp\/v2\/comments?post=10142"}],"version-history":[{"count":7,"href":"https:\/\/blogs.correiobraziliense.com.br\/aricunha\/wp-json\/wp\/v2\/posts\/10142\/revisions"}],"predecessor-version":[{"id":10153,"href":"https:\/\/blogs.correiobraziliense.com.br\/aricunha\/wp-json\/wp\/v2\/posts\/10142\/revisions\/10153"}],"wp:featuredmedia":[{"embeddable":true,"href":"https:\/\/blogs.correiobraziliense.com.br\/aricunha\/wp-json\/wp\/v2\/media\/10147"}],"wp:attachment":[{"href":"https:\/\/blogs.correiobraziliense.com.br\/aricunha\/wp-json\/wp\/v2\/media?parent=10142"}],"wp:term":[{"taxonomy":"category","embeddable":true,"href":"https:\/\/blogs.correiobraziliense.com.br\/aricunha\/wp-json\/wp\/v2\/categories?post=10142"},{"taxonomy":"post_tag","embeddable":true,"href":"https:\/\/blogs.correiobraziliense.com.br\/aricunha\/wp-json\/wp\/v2\/tags?post=10142"}],"curies":[{"name":"wp","href":"https:\/\/api.w.org\/{rel}","templated":true}]}}