{"id":10129,"date":"2018-03-10T21:00:08","date_gmt":"2018-03-11T00:00:08","guid":{"rendered":"https:\/\/blogs.correiobraziliense.com.br\/aricunha\/?p=10129"},"modified":"2018-03-12T19:37:05","modified_gmt":"2018-03-12T22:37:05","slug":"lei-do-silencio-2","status":"publish","type":"post","link":"https:\/\/blogs.correiobraziliense.com.br\/aricunha\/lei-do-silencio-2\/","title":{"rendered":"\u00c1lcool \u00e9 a morte servida em pequenas doses"},"content":{"rendered":"<p style=\"text-align: justify\">ARI CUNHA<\/p>\n<p style=\"text-align: justify\">Visto, lido e ouvido<\/p>\n<p style=\"text-align: justify\">Desde 1960<\/p>\n<p style=\"text-align: justify\">colunadoaricunha@gmail.com;<\/p>\n<p style=\"text-align: justify\">com Circe Cunha e Mamfil<\/p>\n<figure id=\"attachment_10133\" aria-describedby=\"caption-attachment-10133\" style=\"width: 755px\" class=\"wp-caption aligncenter\"><img loading=\"lazy\" decoding=\"async\" class=\" wp-image-10133\" src=\"https:\/\/blogs.correiobraziliense.com.br\/aricunha\/wp-content\/uploads\/sites\/13\/2018\/03\/Alcool-4_HooRoo-Graphics_iStock_Destaque-1.jpg\" alt=\"Foto: drauziovarella.com.br\" width=\"755\" height=\"272\" srcset=\"https:\/\/blogs.correiobraziliense.com.br\/aricunha\/wp-content\/uploads\/sites\/13\/2018\/03\/Alcool-4_HooRoo-Graphics_iStock_Destaque-1.jpg 669w, https:\/\/blogs.correiobraziliense.com.br\/aricunha\/wp-content\/uploads\/sites\/13\/2018\/03\/Alcool-4_HooRoo-Graphics_iStock_Destaque-1-300x108.jpg 300w, https:\/\/blogs.correiobraziliense.com.br\/aricunha\/wp-content\/uploads\/sites\/13\/2018\/03\/Alcool-4_HooRoo-Graphics_iStock_Destaque-1-350x126.jpg 350w, https:\/\/blogs.correiobraziliense.com.br\/aricunha\/wp-content\/uploads\/sites\/13\/2018\/03\/Alcool-4_HooRoo-Graphics_iStock_Destaque-1-550x198.jpg 550w, https:\/\/blogs.correiobraziliense.com.br\/aricunha\/wp-content\/uploads\/sites\/13\/2018\/03\/Alcool-4_HooRoo-Graphics_iStock_Destaque-1-230x83.jpg 230w\" sizes=\"auto, (max-width: 755px) 100vw, 755px\" \/><figcaption id=\"caption-attachment-10133\" class=\"wp-caption-text\">Foto: drauziovarella.com.br<\/figcaption><\/figure>\n<p style=\"text-align: justify\">\u00a0 \u00a0 \u00a0 \u00a0 \u00a0Ditado antigo e conhecido diz que a uni\u00e3o faz a for\u00e7a. No caso espec\u00edfico, da chamada Lei do Sil\u00eancio, que temos de fato, \u00e9 a uni\u00e3o de deputados distritais com os propriet\u00e1rios de bares e similares para for\u00e7ar a altera\u00e7\u00e3o dos n\u00edveis de decib\u00e9is produzidos por esses estabelecimentos, impondo a todos aqueles que, querem e t\u00eam o direito de repousar em paz \u00e0 noite, a algazarra irrespons\u00e1vel e inoportuna desses locais.<\/p>\n<p style=\"text-align: justify\">\u00a0\u00a0\u00a0\u00a0\u00a0\u00a0\u00a0\u00a0 \u00c9 preciso que a popula\u00e7\u00e3o da capital, principalmente aqueles que se importam com o futuro da cidade e da sua gente, comece, desde j\u00e1, uma ampla campanha visando alertar os mais jovens para os perigos do consumo de bebidas alco\u00f3licas, que no Distrito Federal j\u00e1 alcan\u00e7ou n\u00edveis de epidemia. Basta circular pelas quadras residenciais e pelos points das regi\u00f5es administrativas para verificar, que na falta de outras op\u00e7\u00f5es, e mesmo de outros exemplos, nossos jovens afundam, cada vez mais cedo, na bebida.<\/p>\n<p style=\"text-align: justify\">\u00a0 \u00a0 \u00a0 \u00a0 \u00a0 Praticamente parece n\u00e3o existir outro programa de fim de semana que n\u00e3o seja ir \u00e0 bares, encher a cara. N\u00e3o se v\u00ea, em lugar nenhum, qualquer propaganda ou campanha que alerte para o grande perigo provocado pelo \u00e1lcool. Hospitais, delegacias, cl\u00ednicas de psicologia e mesmo cemit\u00e9rios, est\u00e3o cada vez mais repletos de jovens que adoecem, matam no tr\u00e2nsito, morrem em brigas, enlouquecem e perdem a vida devido ao consumo de bebidas. Fato estarrecedor \u00e9 notar hoje o grande n\u00famero de estabelecimentos que vendem bebidas perto das faculdades.<\/p>\n<figure id=\"attachment_10137\" aria-describedby=\"caption-attachment-10137\" style=\"width: 474px\" class=\"wp-caption alignleft\"><img loading=\"lazy\" decoding=\"async\" class=\" wp-image-10137\" src=\"https:\/\/blogs.correiobraziliense.com.br\/aricunha\/wp-content\/uploads\/sites\/13\/2018\/03\/pinella-600x328.jpg\" alt=\"Foto: bsbflash.com\" width=\"474\" height=\"259\" srcset=\"https:\/\/blogs.correiobraziliense.com.br\/aricunha\/wp-content\/uploads\/sites\/13\/2018\/03\/pinella-600x328.jpg 600w, https:\/\/blogs.correiobraziliense.com.br\/aricunha\/wp-content\/uploads\/sites\/13\/2018\/03\/pinella-600x328-300x164.jpg 300w, https:\/\/blogs.correiobraziliense.com.br\/aricunha\/wp-content\/uploads\/sites\/13\/2018\/03\/pinella-600x328-350x191.jpg 350w, https:\/\/blogs.correiobraziliense.com.br\/aricunha\/wp-content\/uploads\/sites\/13\/2018\/03\/pinella-600x328-550x301.jpg 550w, https:\/\/blogs.correiobraziliense.com.br\/aricunha\/wp-content\/uploads\/sites\/13\/2018\/03\/pinella-600x328-230x126.jpg 230w\" sizes=\"auto, (max-width: 474px) 100vw, 474px\" \/><figcaption id=\"caption-attachment-10137\" class=\"wp-caption-text\">Foto: bsbflash.com<\/figcaption><\/figure>\n<p style=\"text-align: justify\">\u00a0 \u00a0 \u00a0 Nos intervalos das aulas noturnas, \u00e9 poss\u00edvel encontrar mais jovens sentados nos bares da redondeza do que nas salas de aula. Na sexta-feira, \u00e9 poss\u00edvel verificar que, por volta das 21 horas, a quase totalidade dos alunos das principais faculdades j\u00e1 migraram direto para os bares pr\u00f3ximos, onde o consumo de \u00e1lcool ganha ares de competi\u00e7\u00e3o.<\/p>\n<p style=\"text-align: justify\">\u00a0 \u00a0 \u00a0 \u00a0 \u00a0 Bebe-se muito. Bebe-se de tudo. Misturas ex\u00f3ticas e bebidas altamente fortes s\u00e3o consumidas como se fosse \u00e1gua. Nenhuma autoridade tem tido a coragem, at\u00e9 agora, de vir \u00e0 p\u00fablico denunciar, em alto e bom som, que estamos inertes a esse problema. Continuamos indiferentes como se esse n\u00e3o fosse um problema nosso, de cada um de n\u00f3s.<\/p>\n<p style=\"text-align: justify\">\u00a0 \u00a0 \u00a0 \u00a0 \u00a0Ao aceitarmos placidamente esse estado de coisa, estamos, conscientemente, criando um enorme problema para n\u00f3s mesmos, alimentando um futuro que, com certeza, n\u00e3o suportaremos viver. Nossos melhores e mais jovens cidad\u00e3os, aqueles que herdar\u00e3o os destinos dessa cidade e continuar\u00e3o nosso trabalho adiante, est\u00e3o sendo envenenados bem debaixo de nossos olhos e n\u00e3o fazemos nada.<\/p>\n<p style=\"text-align: justify\">\u00a0\u00a0\u00a0\u00a0\u00a0\u00a0\u00a0\u00a0 Em nenhum outro pa\u00eds civilizado se v\u00ea a permissividade que temos com rela\u00e7\u00e3o \u00e0 bebida. A altera\u00e7\u00e3o dos n\u00edveis de barulho da nova Lei do Sil\u00eancio j\u00e1 fala por si. Est\u00e3o gritando em nossos ouvidos, mais por detr\u00e1s de toda essa triste agita\u00e7\u00e3o, h\u00e1 vozes pedindo socorro e ningu\u00e9m parece escutar.<\/p>\n<p style=\"text-align: justify\"><strong>A frase que foi pronunciada:<\/strong><\/p>\n<p style=\"text-align: justify\">\u201cQuem se vangloria de beber cinco doses de vodcas, de u\u00edsque ou dez latinhas de cerveja sem ficar b\u00eabado j\u00e1 demonstra sinais de depend\u00eancia porque pode expor o organismo a grandes volumes sem alterar o comportamento.\u201d<\/p>\n<p style=\"text-align: justify\">Ronaldo Laranjeira em entrevista \u00e0 Drauzio Varella (veja a entrevista no blog do Ari Cunha)<\/p>\n<p style=\"text-align: left\"><span style=\"color: #3366ff\">Link para entrevista:<\/span><\/p>\n<p style=\"text-align: left\"><a href=\"https:\/\/drauziovarella.com.br\/drogas-licitas-e-ilicitas\/alcoolismo-na-adolescencia\/\" target=\"_blank\">https:\/\/drauziovarella.com.br\/drogas-licitas-e-ilicitas\/alcoolismo-na-adolescencia\/<\/a><\/p>\n<p style=\"text-align: justify\"><strong>Visitantes<\/strong><\/p>\n<p style=\"text-align: justify\">Uma comitiva de 12 ministros do Caribe visita a Embrapa Hortali\u00e7as do Gama nesta ter\u00e7a-feira. Um equipamento de simula\u00e7\u00e3o clim\u00e1tica ser\u00e1 o centro das aten\u00e7\u00f5es. Trata-se de uma c\u00e2mara que mostrar\u00e1 o comportamento das plantas em condi\u00e7\u00f5es clim\u00e1ticas extremas. A visita faz parte de uma agenda de 7 dias, organizada pelo Instituto Interamericano de Coopera\u00e7\u00e3o para a Agricultura (IICA), que percorrer\u00e1 Brasil e Argentina. Mais informa\u00e7\u00f5es no blog do Ari Cunha.<\/p>\n<p style=\"text-align: justify\"><span style=\"color: #3366ff\">Link para entrevista:<\/span><\/p>\n<p style=\"text-align: justify\"><a href=\"https:\/\/www.embrapa.br\/busca-de-projetos\/-\/projeto\/21977\/simulacao-de-cenarios-agricolas-futuros-a-partir-de-projecoes-de-mudancas-climaticas-regionalizadas\">https:\/\/www.embrapa.br\/busca-de-projetos\/-\/projeto\/21977\/simulacao-de-cenarios-agricolas-futuros-a-partir-de-projecoes-de-mudancas-climaticas-regionalizadas<\/a><\/p>\n<p style=\"text-align: justify\"><strong>Caesb<\/strong><\/p>\n<p style=\"text-align: justify\">Na pista de passagem da L4 Norte, para chegar a N2, uma obra mal-acabada no asfalto, numa curva, estava completamente sem sinaliza\u00e7\u00e3o \u00e0 noite e no in\u00edcio da manh\u00e3, o que assustou todos os motoristas que passavam por ali. Dias antes, parecia ter estourado algum cano de esgoto nesse mesmo local.<\/p>\n<p style=\"text-align: justify\"><strong>Contribui\u00e7\u00e3o<\/strong><\/p>\n<p style=\"text-align: justify\">O servidor p\u00fablico est\u00e1 liberado, mas m\u00e9dicos e jornalistas continuam com a contribui\u00e7\u00e3o sindical subtra\u00edda do contracheque.<\/p>\n<figure id=\"attachment_10134\" aria-describedby=\"caption-attachment-10134\" style=\"width: 600px\" class=\"wp-caption aligncenter\"><img loading=\"lazy\" decoding=\"async\" class=\"size-full wp-image-10134\" src=\"https:\/\/blogs.correiobraziliense.com.br\/aricunha\/wp-content\/uploads\/sites\/13\/2018\/03\/charge-impostos-600x600.png\" alt=\"Charge: institutoliberal.org.br\" width=\"600\" height=\"600\" srcset=\"https:\/\/blogs.correiobraziliense.com.br\/aricunha\/wp-content\/uploads\/sites\/13\/2018\/03\/charge-impostos-600x600.png 600w, https:\/\/blogs.correiobraziliense.com.br\/aricunha\/wp-content\/uploads\/sites\/13\/2018\/03\/charge-impostos-600x600-150x150.png 150w, https:\/\/blogs.correiobraziliense.com.br\/aricunha\/wp-content\/uploads\/sites\/13\/2018\/03\/charge-impostos-600x600-300x300.png 300w, https:\/\/blogs.correiobraziliense.com.br\/aricunha\/wp-content\/uploads\/sites\/13\/2018\/03\/charge-impostos-600x600-350x350.png 350w, https:\/\/blogs.correiobraziliense.com.br\/aricunha\/wp-content\/uploads\/sites\/13\/2018\/03\/charge-impostos-600x600-550x550.png 550w, https:\/\/blogs.correiobraziliense.com.br\/aricunha\/wp-content\/uploads\/sites\/13\/2018\/03\/charge-impostos-600x600-230x230.png 230w\" sizes=\"auto, (max-width: 600px) 100vw, 600px\" \/><figcaption id=\"caption-attachment-10134\" class=\"wp-caption-text\">Charge: institutoliberal.org.br<\/figcaption><\/figure>\n<p style=\"text-align: justify\"><strong>HIST\u00d3RIA DE BRAS\u00cdLIA<\/strong><\/p>\n<p style=\"text-align: justify\">O deputado L\u00facio Cardoso, manhosamente, est\u00e1 tramando a volta do Congresso ao Rio. \u00c9 uma ideia infeliz, triste, impatri\u00f3tica e lament\u00e1vel. A alega\u00e7\u00e3o de que o Congresso n\u00e3o vai ter n\u00famero no per\u00edodo pr\u00e9-eleitoral \u00e9 infantil e destitu\u00edda de qualquer fundamento. <strong>(Publicado em 17.10.1961)<\/strong><\/p>\n","protected":false},"excerpt":{"rendered":"<p>ARI CUNHA Visto, lido e ouvido Desde 1960 colunadoaricunha@gmail.com; com Circe Cunha e Mamfil \u00a0 \u00a0 \u00a0 \u00a0 \u00a0Ditado antigo e conhecido diz que a uni\u00e3o faz a for\u00e7a. No caso espec\u00edfico, da chamada Lei do Sil\u00eancio, que temos de fato, \u00e9 a uni\u00e3o de deputados distritais com os propriet\u00e1rios de bares e similares para for\u00e7ar a altera\u00e7\u00e3o dos n\u00edveis [&hellip;]<\/p>\n","protected":false},"author":34,"featured_media":10133,"comment_status":"open","ping_status":"open","sticky":false,"template":"","format":"standard","meta":{"footnotes":""},"categories":[23],"tags":[67],"class_list":["post-10129","post","type-post","status-publish","format-standard","has-post-thumbnail","hentry","category-integra","tag-brasilia-historiadebrasilia-aricunha-circecunha-mamfil"],"_links":{"self":[{"href":"https:\/\/blogs.correiobraziliense.com.br\/aricunha\/wp-json\/wp\/v2\/posts\/10129","targetHints":{"allow":["GET"]}}],"collection":[{"href":"https:\/\/blogs.correiobraziliense.com.br\/aricunha\/wp-json\/wp\/v2\/posts"}],"about":[{"href":"https:\/\/blogs.correiobraziliense.com.br\/aricunha\/wp-json\/wp\/v2\/types\/post"}],"author":[{"embeddable":true,"href":"https:\/\/blogs.correiobraziliense.com.br\/aricunha\/wp-json\/wp\/v2\/users\/34"}],"replies":[{"embeddable":true,"href":"https:\/\/blogs.correiobraziliense.com.br\/aricunha\/wp-json\/wp\/v2\/comments?post=10129"}],"version-history":[{"count":8,"href":"https:\/\/blogs.correiobraziliense.com.br\/aricunha\/wp-json\/wp\/v2\/posts\/10129\/revisions"}],"predecessor-version":[{"id":10140,"href":"https:\/\/blogs.correiobraziliense.com.br\/aricunha\/wp-json\/wp\/v2\/posts\/10129\/revisions\/10140"}],"wp:featuredmedia":[{"embeddable":true,"href":"https:\/\/blogs.correiobraziliense.com.br\/aricunha\/wp-json\/wp\/v2\/media\/10133"}],"wp:attachment":[{"href":"https:\/\/blogs.correiobraziliense.com.br\/aricunha\/wp-json\/wp\/v2\/media?parent=10129"}],"wp:term":[{"taxonomy":"category","embeddable":true,"href":"https:\/\/blogs.correiobraziliense.com.br\/aricunha\/wp-json\/wp\/v2\/categories?post=10129"},{"taxonomy":"post_tag","embeddable":true,"href":"https:\/\/blogs.correiobraziliense.com.br\/aricunha\/wp-json\/wp\/v2\/tags?post=10129"}],"curies":[{"name":"wp","href":"https:\/\/api.w.org\/{rel}","templated":true}]}}