{"id":10119,"date":"2018-03-09T21:00:04","date_gmt":"2018-03-10T00:00:04","guid":{"rendered":"https:\/\/blogs.correiobraziliense.com.br\/aricunha\/?p=10119"},"modified":"2018-03-09T18:17:15","modified_gmt":"2018-03-09T21:17:15","slug":"imprensa-tradicional-modo-de-usar-segundo-o-partido-dos-trabalhadores","status":"publish","type":"post","link":"https:\/\/blogs.correiobraziliense.com.br\/aricunha\/imprensa-tradicional-modo-de-usar-segundo-o-partido-dos-trabalhadores\/","title":{"rendered":"Imprensa tradicional: modo de usar segundo o Partido dos Trabalhadores"},"content":{"rendered":"<p style=\"text-align: justify\">ARI CUNHA<\/p>\n<p style=\"text-align: justify\">Visto, lido e ouvido<\/p>\n<p style=\"text-align: justify\">Desde 1960<\/p>\n<p style=\"text-align: justify\">colunadoaricunha@gmail.com;<\/p>\n<p style=\"text-align: justify\">com Circe Cunha e Mamfil<\/p>\n<figure id=\"attachment_10126\" aria-describedby=\"caption-attachment-10126\" style=\"width: 500px\" class=\"wp-caption aligncenter\"><img loading=\"lazy\" decoding=\"async\" class=\"size-full wp-image-10126\" src=\"https:\/\/blogs.correiobraziliense.com.br\/aricunha\/wp-content\/uploads\/sites\/13\/2018\/03\/charge-imprensa-censura.jpg\" alt=\"Charge: aluizioamorim.blogspot.com.br\" width=\"500\" height=\"323\" srcset=\"https:\/\/blogs.correiobraziliense.com.br\/aricunha\/wp-content\/uploads\/sites\/13\/2018\/03\/charge-imprensa-censura.jpg 500w, https:\/\/blogs.correiobraziliense.com.br\/aricunha\/wp-content\/uploads\/sites\/13\/2018\/03\/charge-imprensa-censura-300x194.jpg 300w, https:\/\/blogs.correiobraziliense.com.br\/aricunha\/wp-content\/uploads\/sites\/13\/2018\/03\/charge-imprensa-censura-350x226.jpg 350w, https:\/\/blogs.correiobraziliense.com.br\/aricunha\/wp-content\/uploads\/sites\/13\/2018\/03\/charge-imprensa-censura-230x149.jpg 230w\" sizes=\"auto, (max-width: 500px) 100vw, 500px\" \/><figcaption id=\"caption-attachment-10126\" class=\"wp-caption-text\">Charge: aluizioamorim.blogspot.com.br<\/figcaption><\/figure>\n<p style=\"text-align: justify\">\u00a0 \u00a0 \u00a0Na novil\u00edngua, ou mais precisamente no dialeto companheiro criado pelo Partido dos Trabalhadores, principalmente depois dos desdobramentos de opera\u00e7\u00f5es policiais como a Lava Jato, que esmiu\u00e7aram os subterr\u00e2neos da legenda, a express\u00e3o \u201cImprensa tradicional\u201d passou a ser todo aquele ve\u00edculo de comunica\u00e7\u00e3o que ouse investigar e divulgar quaisquer fatos desabonadores para a sigla.<\/p>\n<p style=\"text-align: justify\">\u00a0 \u00a0 \u00a0 \u00a0 \u00a0Nesse rol, que inclui uma grande quantidade de ve\u00edculos de comunica\u00e7\u00e3o, a maioria de circula\u00e7\u00e3o nacional, est\u00e3o os principais jornais, revistas, r\u00e1dios e televis\u00f5es do pa\u00eds. Encurralado por uma tropa ansiosa de rep\u00f3rteres, as principais lideran\u00e7as desse partido n\u00e3o t\u00eam tido vida f\u00e1cil. A todo instante e em todo o lugar, deputados, senadores, governadores, dirigentes do partido e outras autoridades petistas s\u00e3o cercados pela imprensa com perguntas e questionamentos considerados inc\u00f4modos e inconvenientes.<\/p>\n<p style=\"text-align: justify\">\u00a0 \u00a0 \u00a0 \u00a0 A imprensa, \u00e9 preciso dizer, faz o seu trabalho que consiste em ir atr\u00e1s dos fatos. Nesses tempos, particularmente conturbados para a legenda, colocada sob a lupa fina da Pol\u00edcia Federal, do Minist\u00e9rio P\u00fablico e por boa parte dos brasileiros indignados com as revela\u00e7\u00f5es que v\u00e3o vindo \u00e0 tona, qualquer declara\u00e7\u00e3o mal colocada ou mal interpretada causa n\u00e3o s\u00f3 estragos de monta, mas obriga seus dirigentes a reavivar fatos que, na maioria das vezes, s\u00e3o extremamente negativos.<\/p>\n<figure id=\"attachment_10123\" aria-describedby=\"caption-attachment-10123\" style=\"width: 379px\" class=\"wp-caption alignleft\"><img loading=\"lazy\" decoding=\"async\" class=\" wp-image-10123\" src=\"https:\/\/blogs.correiobraziliense.com.br\/aricunha\/wp-content\/uploads\/sites\/13\/2018\/03\/Midia-em-guerra-contra-governo.jpg\" alt=\"Charge: materiaincognita.com.br\" width=\"379\" height=\"261\" srcset=\"https:\/\/blogs.correiobraziliense.com.br\/aricunha\/wp-content\/uploads\/sites\/13\/2018\/03\/Midia-em-guerra-contra-governo.jpg 563w, https:\/\/blogs.correiobraziliense.com.br\/aricunha\/wp-content\/uploads\/sites\/13\/2018\/03\/Midia-em-guerra-contra-governo-300x207.jpg 300w, https:\/\/blogs.correiobraziliense.com.br\/aricunha\/wp-content\/uploads\/sites\/13\/2018\/03\/Midia-em-guerra-contra-governo-350x241.jpg 350w, https:\/\/blogs.correiobraziliense.com.br\/aricunha\/wp-content\/uploads\/sites\/13\/2018\/03\/Midia-em-guerra-contra-governo-550x379.jpg 550w, https:\/\/blogs.correiobraziliense.com.br\/aricunha\/wp-content\/uploads\/sites\/13\/2018\/03\/Midia-em-guerra-contra-governo-230x159.jpg 230w\" sizes=\"auto, (max-width: 379px) 100vw, 379px\" \/><figcaption id=\"caption-attachment-10123\" class=\"wp-caption-text\">Charge: materiaincognita.com.br<\/figcaption><\/figure>\n<p style=\"text-align: justify\">\u00a0\u00a0\u00a0\u00a0\u00a0\u00a0\u00a0Neste caso, entendem os petistas, a melhor defesa passa a ser atacar, por todos os meios, a imprensa bisbilhoteira, com classifica\u00e7\u00f5es que v\u00e3o de imprensa tradicional, golpista ou imprensa burguesa. Para um partido que preferiu partir em sentido oposto ao da refunda\u00e7\u00e3o, como recomendavam alguns dirigentes mais realistas depois dos esc\u00e2ndalos do mensal\u00e3o em 2002, restou ao PT seguir a senda torta dos desmentidos e da nega\u00e7\u00e3o reiterada, obviamente imposta pelo grupo que, desde sempre, comanda o partido com m\u00e3o de ferro.<\/p>\n<p style=\"text-align: justify\">\u00a0\u00a0\u00a0\u00a0\u00a0\u00a0\u00a0 O mea-culpa, que poderia dar uma reorienta\u00e7\u00e3o mais racional ao partido, foi deixado de lado em favor de um personalismo, t\u00edpico de partidos com essa orienta\u00e7\u00e3o, que al\u00e7ou o chamado lulismo bem acima dos valores da legenda. O pre\u00e7o por escolhas equivocadas e individualistas tem suas consequ\u00eancias. Dessa vez, s\u00e3o espinhosas.<\/p>\n<p style=\"text-align: justify\">\u00a0\u00a0\u00a0\u00a0\u00a0\u00a0\u00a0 O abra\u00e7o de afogado, dado por Lula e sua turma em torno do PT, tem contribu\u00eddo para atolar, ainda mais, o partido no loda\u00e7al de den\u00fancias. A sa\u00edda para um impasse desse tamanho, obviamente maquinado pelos controladores da legenda, em que a turma \u00e9 encostada contra parede pela imprensa s\u00e9ria do pa\u00eds, n\u00e3o podia ser pior. Segundo o portal Os Antagonistas, na quinta-feira, talib\u00e3s do Movimento dos Sem-Terra, a maioria mulheres, invadiram o parque gr\u00e1fico do jornal O Globo.<\/p>\n<p style=\"text-align: justify\">\u00a0\u00a0\u00a0\u00a0\u00a0\u00a0\u00a0 S\u00e3o esses os estrategistas que t\u00eam levado a legenda a pique, com orienta\u00e7\u00f5es e dicas de como tratar a imprensa tradicional. Em uma cartilha sobre as regras para o tratamento da imprensa, publicada anos atr\u00e1s pelo PT, o texto recomendava, entre outras p\u00e9rolas de t\u00e1ticas mambembes, que o deputado do partido falasse pouco, deixando nas entrelinhas que a pauta que traz o rep\u00f3rter, na verdade \u00e9 uma armadilha ou uma \u201ctese\u201d que esse tipo de imprensa quer ver comprovada de qualquer forma. \u201cA pauta, diz o manual, vale mais do que a realidade. Mesmo que o fato n\u00e3o corresponda a ela, acaba prevalecendo no notici\u00e1rio de determinados ve\u00edculos a vers\u00e3o previamente preparada pela chefia ou mesmo uma fonte com interesse espec\u00edfico em distorcer a realidade.<\/p>\n<p style=\"text-align: justify\">\u00a0\u00a0\u00a0\u00a0\u00a0\u00a0\u00a0 O manual chamado \u201cGuia de Funcionamento da C\u00e2mara dos Deputados e da Lideran\u00e7a do PT\u201d lembra que o rep\u00f3rter escreve a not\u00edcia a partir de uma pr\u00e9-pauta elaborada por pessoas que pretendem distorcer os fatos. Para situa\u00e7\u00f5es mais embara\u00e7osas, o manual dessa legenda recomenda, ao parlamentar ne\u00f3fito, n\u00e3o conceder entrevista ou tentar derrubar a mat\u00e9ria com argumentos. A din\u00e2mica faz lembrar cada dia mais com um aparelho subversivo, como designavam os militares nos anos sessenta, os n\u00facleos de resist\u00eancia ao regime,<\/p>\n<p style=\"text-align: justify\">\u00a0\u00a0\u00a0\u00a0\u00a0\u00a0\u00a0 O desespero com a situa\u00e7\u00e3o a que chegou o partido, explica, por si s\u00f3, a exist\u00eancia de seguir at\u00e9 hoje uma cartilha desse n\u00edvel.<\/p>\n<p style=\"text-align: justify\"><strong>A frase que foi pronunciada:<\/strong><\/p>\n<p style=\"text-align: justify\">\u201cNenhum pol\u00edtico pode falar do PT. Ele foi o \u00fanico partido que n\u00e3o teve oposi\u00e7\u00e3o. Caiu em desgra\u00e7a gra\u00e7as a ele mesmo.\u201d<\/p>\n<p style=\"text-align: justify\">Ulisses Guimar\u00e3es, de onde estiver.<\/p>\n<figure id=\"attachment_10125\" aria-describedby=\"caption-attachment-10125\" style=\"width: 390px\" class=\"wp-caption aligncenter\"><img loading=\"lazy\" decoding=\"async\" class=\" wp-image-10125\" src=\"https:\/\/blogs.correiobraziliense.com.br\/aricunha\/wp-content\/uploads\/sites\/13\/2018\/03\/NaniPT.jpg\" alt=\"Charge: bocamaldita.com\" width=\"390\" height=\"318\" srcset=\"https:\/\/blogs.correiobraziliense.com.br\/aricunha\/wp-content\/uploads\/sites\/13\/2018\/03\/NaniPT.jpg 600w, https:\/\/blogs.correiobraziliense.com.br\/aricunha\/wp-content\/uploads\/sites\/13\/2018\/03\/NaniPT-300x245.jpg 300w, https:\/\/blogs.correiobraziliense.com.br\/aricunha\/wp-content\/uploads\/sites\/13\/2018\/03\/NaniPT-350x285.jpg 350w, https:\/\/blogs.correiobraziliense.com.br\/aricunha\/wp-content\/uploads\/sites\/13\/2018\/03\/NaniPT-550x448.jpg 550w, https:\/\/blogs.correiobraziliense.com.br\/aricunha\/wp-content\/uploads\/sites\/13\/2018\/03\/NaniPT-230x187.jpg 230w\" sizes=\"auto, (max-width: 390px) 100vw, 390px\" \/><figcaption id=\"caption-attachment-10125\" class=\"wp-caption-text\">Charge: bocamaldita.com<\/figcaption><\/figure>\n<p style=\"text-align: justify\"><strong>Release<\/strong><\/p>\n<p style=\"text-align: justify\">Ap\u00f3s aprova\u00e7\u00e3o em Assembleia Geral Ordin\u00e1ria, a 4\u00aa Se\u00e7\u00e3o Regional do IBRACON &#8211; Instituto dos Auditores Independentes do Brasil reelegeu Paulo C\u00e9zar Santana como presidente para a gest\u00e3o 2018-2020. O executivo \u00e9 contador e apresenta mais de 36 anos de experi\u00eancia na \u00e1rea da auditoria independente.<\/p>\n<p style=\"text-align: justify\"><strong>Posi\u00e7\u00e3o<\/strong><\/p>\n<p style=\"text-align: justify\">\u201cA principal frente de trabalho ser\u00e1 a Educa\u00e7\u00e3o Profissional Continuada, tanto para os auditores independentes quanto para os contadores respons\u00e1veis t\u00e9cnicos pela elabora\u00e7\u00e3o de demonstra\u00e7\u00f5es cont\u00e1beis\u201d, afirma Paulo C\u00e9zar Santana, que continuar\u00e1 desenvolvendo o trabalho como presidente da regional que compreende Minas Gerais, Distrito Federal, Tocantins e Goi\u00e1s.<\/p>\n<p style=\"text-align: justify\"><strong>HIST\u00d3RIA DE BRAS\u00cdLIA<\/strong><\/p>\n<p style=\"text-align: justify\">\u00c9 o caso tamb\u00e9m da represa. N\u00e3o h\u00e1 um restaurante, n\u00e3o h\u00e1 um bar, e os visitantes s\u00e3o obrigados a n\u00e3o descerem do autom\u00f3vel. <strong>(Publicado em 17.10.1961)<\/strong><\/p>\n","protected":false},"excerpt":{"rendered":"<p>ARI CUNHA Visto, lido e ouvido Desde 1960 colunadoaricunha@gmail.com; com Circe Cunha e Mamfil \u00a0 \u00a0 \u00a0Na novil\u00edngua, ou mais precisamente no dialeto companheiro criado pelo Partido dos Trabalhadores, principalmente depois dos desdobramentos de opera\u00e7\u00f5es policiais como a Lava Jato, que esmiu\u00e7aram os subterr\u00e2neos da legenda, a express\u00e3o \u201cImprensa tradicional\u201d passou a ser todo aquele ve\u00edculo de comunica\u00e7\u00e3o que ouse [&hellip;]<\/p>\n","protected":false},"author":34,"featured_media":10126,"comment_status":"open","ping_status":"open","sticky":false,"template":"","format":"standard","meta":{"footnotes":""},"categories":[23],"tags":[67],"class_list":["post-10119","post","type-post","status-publish","format-standard","has-post-thumbnail","hentry","category-integra","tag-brasilia-historiadebrasilia-aricunha-circecunha-mamfil"],"_links":{"self":[{"href":"https:\/\/blogs.correiobraziliense.com.br\/aricunha\/wp-json\/wp\/v2\/posts\/10119","targetHints":{"allow":["GET"]}}],"collection":[{"href":"https:\/\/blogs.correiobraziliense.com.br\/aricunha\/wp-json\/wp\/v2\/posts"}],"about":[{"href":"https:\/\/blogs.correiobraziliense.com.br\/aricunha\/wp-json\/wp\/v2\/types\/post"}],"author":[{"embeddable":true,"href":"https:\/\/blogs.correiobraziliense.com.br\/aricunha\/wp-json\/wp\/v2\/users\/34"}],"replies":[{"embeddable":true,"href":"https:\/\/blogs.correiobraziliense.com.br\/aricunha\/wp-json\/wp\/v2\/comments?post=10119"}],"version-history":[{"count":5,"href":"https:\/\/blogs.correiobraziliense.com.br\/aricunha\/wp-json\/wp\/v2\/posts\/10119\/revisions"}],"predecessor-version":[{"id":10128,"href":"https:\/\/blogs.correiobraziliense.com.br\/aricunha\/wp-json\/wp\/v2\/posts\/10119\/revisions\/10128"}],"wp:featuredmedia":[{"embeddable":true,"href":"https:\/\/blogs.correiobraziliense.com.br\/aricunha\/wp-json\/wp\/v2\/media\/10126"}],"wp:attachment":[{"href":"https:\/\/blogs.correiobraziliense.com.br\/aricunha\/wp-json\/wp\/v2\/media?parent=10119"}],"wp:term":[{"taxonomy":"category","embeddable":true,"href":"https:\/\/blogs.correiobraziliense.com.br\/aricunha\/wp-json\/wp\/v2\/categories?post=10119"},{"taxonomy":"post_tag","embeddable":true,"href":"https:\/\/blogs.correiobraziliense.com.br\/aricunha\/wp-json\/wp\/v2\/tags?post=10119"}],"curies":[{"name":"wp","href":"https:\/\/api.w.org\/{rel}","templated":true}]}}