{"id":10094,"date":"2018-03-08T04:00:34","date_gmt":"2018-03-08T07:00:34","guid":{"rendered":"https:\/\/blogs.correiobraziliense.com.br\/aricunha\/?p=10094"},"modified":"2018-03-08T05:32:03","modified_gmt":"2018-03-08T08:32:03","slug":"lei-do-silencio-estimula-o-barulho","status":"publish","type":"post","link":"https:\/\/blogs.correiobraziliense.com.br\/aricunha\/lei-do-silencio-estimula-o-barulho\/","title":{"rendered":"Lei do Sil\u00eancio estimula o barulho"},"content":{"rendered":"<p style=\"text-align: justify\">ARI CUNHA<\/p>\n<p style=\"text-align: justify\">Visto, lido e ouvido<\/p>\n<p style=\"text-align: justify\">Desde 1960<\/p>\n<p style=\"text-align: justify\">colunadoaricunha@gmail.com;<\/p>\n<p style=\"text-align: justify\">com Circe Cunha e Mamfil<\/p>\n<figure id=\"attachment_10099\" aria-describedby=\"caption-attachment-10099\" style=\"width: 1000px\" class=\"wp-caption aligncenter\"><img loading=\"lazy\" decoding=\"async\" class=\"size-full wp-image-10099\" src=\"https:\/\/blogs.correiobraziliense.com.br\/aricunha\/wp-content\/uploads\/sites\/13\/2018\/03\/Lei-do-Silencio-Renato-Araujo-Agencia-Brasilia.jpg\" alt=\"Foto: diariodopoder.com.br (Renato Ara\u00fajo\/Ag\u00eancia Bras\u00edlia)\" width=\"1000\" height=\"611\" srcset=\"https:\/\/blogs.correiobraziliense.com.br\/aricunha\/wp-content\/uploads\/sites\/13\/2018\/03\/Lei-do-Silencio-Renato-Araujo-Agencia-Brasilia.jpg 1000w, https:\/\/blogs.correiobraziliense.com.br\/aricunha\/wp-content\/uploads\/sites\/13\/2018\/03\/Lei-do-Silencio-Renato-Araujo-Agencia-Brasilia-300x183.jpg 300w, https:\/\/blogs.correiobraziliense.com.br\/aricunha\/wp-content\/uploads\/sites\/13\/2018\/03\/Lei-do-Silencio-Renato-Araujo-Agencia-Brasilia-768x469.jpg 768w, https:\/\/blogs.correiobraziliense.com.br\/aricunha\/wp-content\/uploads\/sites\/13\/2018\/03\/Lei-do-Silencio-Renato-Araujo-Agencia-Brasilia-350x214.jpg 350w, https:\/\/blogs.correiobraziliense.com.br\/aricunha\/wp-content\/uploads\/sites\/13\/2018\/03\/Lei-do-Silencio-Renato-Araujo-Agencia-Brasilia-550x336.jpg 550w, https:\/\/blogs.correiobraziliense.com.br\/aricunha\/wp-content\/uploads\/sites\/13\/2018\/03\/Lei-do-Silencio-Renato-Araujo-Agencia-Brasilia-230x141.jpg 230w\" sizes=\"auto, (max-width: 1000px) 100vw, 1000px\" \/><figcaption id=\"caption-attachment-10099\" class=\"wp-caption-text\">Foto: diariodopoder.com.br (Renato Ara\u00fajo\/Ag\u00eancia Bras\u00edlia)<\/figcaption><\/figure>\n<p style=\"text-align: justify\">\u00a0\u00a0\u00a0\u00a0\u00a0\u00a0\u00a0\u00a0 Caso n\u00e3o venha a compor o j\u00e1 extenso rol de propostas consideradas inconstitucionais, produzidas pela C\u00e2mara Legislativa nos \u00faltimos anos, o que n\u00e3o seria necessariamente uma surpresa, a chamada Lei do Sil\u00eancio (PL 445\/2015), de autoria do deputado pelo PT, Ricardo Vale, ainda estar\u00e1 muito longe dos anseios da maioria dos brasilienses, acuados, cada vez mais, com a invas\u00e3o de bares e boates e casas de show e pelo barulho perturbador produzido por m\u00fasica em alto volume e pelas badernas e algazarras que normalmente acompanham essas atividades.<\/p>\n<p style=\"text-align: justify\">\u00a0 \u00a0 \u00a0 \u00a0 \u00a0A explica\u00e7\u00e3o f\u00edsica para o decibel \u00e9 que trata-se de uma unidade logar\u00edtmica e n\u00e3o linear. Isso parece um detalhe, mas na verdade desarma o c\u00e1lculo instintivamente feito pelo leigo. Ora, qual a raz\u00e3o da reclama\u00e7\u00e3o? Afinal, a lei autorizou um pequeno aumento do ru\u00eddo noturno de 55dB para 75dB. Na verdade, isso significa 166% a mais de barulho. Quando disseram \u201cDurmam com essa!\u201d, os favor\u00e1veis \u00e0 famigerada lei queriam dizer para que os incomodados desembolsem R$ 5.000,00 para cada janela dupla que viesse a interromper o som de chegar \u00e0 paz do lar.<\/p>\n<p style=\"text-align: justify\">\u00a0 \u00a0 \u00a0 \u00a0 \u00a0Muitos anos antes dessa invas\u00e3o b\u00e1rbara passar a acontecer, o urbanista, idealizador da capital, j\u00e1 havia pensado muito sobre esse assunto. Ali\u00e1s, o que diferencia um urbanista de verdade dos demais \u00e9 justamente essa capacidade de antever problemas futuros e propor solu\u00e7\u00f5es simples e magistrais para os mesmos. Foi assim que L\u00facio Costa, em sua proposta para Bras\u00edlia, h\u00e1 meio s\u00e9culo, separou e ordenou a capital em diversos setores, de acordo com o tipo de atividade humana desempenhada nessas \u00e1reas, estabelecendo crit\u00e9rios claros de ocupa\u00e7\u00e3o para cada um deles.<\/p>\n<p style=\"text-align: justify\">\u00a0 \u00a0 \u00a0 \u00a0 \u00a0 O problema com improvisos apressados e puxadinhos improvisados, que passaram a acontecer em ritmo louco, ap\u00f3s a emancipa\u00e7\u00e3o pol\u00edtica, \u00e9 que a maioria criou dificuldades de toda a ordem e agora tenta empurrar, goela abaixo na popula\u00e7\u00e3o, solu\u00e7\u00f5es canhestras e marotas.<\/p>\n<p style=\"text-align: justify\">\u00a0\u00a0\u00a0\u00a0\u00a0\u00a0\u00a0 \u00a0A C\u00e2mara Legislativa, que at\u00e9 hoje parece n\u00e3o ter acertado seus ponteiros em sintonia com os da sociedade, logicamente tomou para si, de forma sempre eleitoreira, um problema que ela mesma n\u00e3o poder\u00e1 resolver de forma pac\u00edfica, sem ter que respeitar, plenamente, a vontade dos moradores dessas \u00e1reas, que querem o sil\u00eancio quando a noite cai. Direito garantido pela Constitui\u00e7\u00e3o Federal. Infelizmente, as \u00e1reas residenciais, pensadas para serem lugares seguros e tranquilos para o descanso das fam\u00edlias, foram sendo transformadas, nas \u00faltimas d\u00e9cadas, em verdadeiros parques de divers\u00f5es, onde todo o tipo de manifesta\u00e7\u00e3o \u00e9 permitido.<\/p>\n<figure id=\"attachment_10100\" aria-describedby=\"caption-attachment-10100\" style=\"width: 379px\" class=\"wp-caption alignleft\"><img loading=\"lazy\" decoding=\"async\" class=\" wp-image-10100\" src=\"https:\/\/blogs.correiobraziliense.com.br\/aricunha\/wp-content\/uploads\/sites\/13\/2018\/03\/Capturar.png\" alt=\"Foto: kekanto.com.br\" width=\"379\" height=\"266\" srcset=\"https:\/\/blogs.correiobraziliense.com.br\/aricunha\/wp-content\/uploads\/sites\/13\/2018\/03\/Capturar.png 599w, https:\/\/blogs.correiobraziliense.com.br\/aricunha\/wp-content\/uploads\/sites\/13\/2018\/03\/Capturar-300x210.png 300w, https:\/\/blogs.correiobraziliense.com.br\/aricunha\/wp-content\/uploads\/sites\/13\/2018\/03\/Capturar-350x245.png 350w, https:\/\/blogs.correiobraziliense.com.br\/aricunha\/wp-content\/uploads\/sites\/13\/2018\/03\/Capturar-550x386.png 550w, https:\/\/blogs.correiobraziliense.com.br\/aricunha\/wp-content\/uploads\/sites\/13\/2018\/03\/Capturar-230x161.png 230w\" sizes=\"auto, (max-width: 379px) 100vw, 379px\" \/><figcaption id=\"caption-attachment-10100\" class=\"wp-caption-text\">Foto: kekanto.com.br<\/figcaption><\/figure>\n<p style=\"text-align: justify\">\u00a0 \u00a0 \u00a0 \u00a0\u00c9 dif\u00edcil encontrar uma quadra residencial no Distrito Federal onde a prolifera\u00e7\u00e3o de estabelecimentos de venda de bebidas alco\u00f3licas n\u00e3o exista. N\u00e3o se v\u00ea, na maioria desses locais, centros culturais, bibliotecas, pequenos teatros, galerias e outros pontos de cultura.<\/p>\n<p style=\"text-align: justify\">\u00a0 \u00a0 \u00a0 \u00a0 O que a juventude tem nas proximidades e ao alcance dos olhos e das m\u00e3os s\u00e3o bares de toda a esp\u00e9cie. O problema do sossego vem ganhando outro inimigo, representado pela prolifera\u00e7\u00e3o desenfreada dos chamados food trucks, que invadem os espa\u00e7os verdes, sobre as cal\u00e7adas, instalam seus equipamentos de som e seja o que Deus quiser.<\/p>\n<p style=\"text-align: justify\">\u00a0 \u00a0 \u00a0 Aos poucos a antiga qualidade de vida, que desfrutavam os brasilienses, vai sendo diminu\u00edda por uma modernidade que enxerga no desenho da cidade, na paz e no sil\u00eancio, inimigos a serem combatidos. No rastro dessas biroscas, que v\u00e3o tomando conta da cidade, seguem os piores tipos de comportamento humano, o total desrespeito \u00e0s regras da civilidade.<\/p>\n<p style=\"text-align: justify\">\u00a0\u00a0\u00a0\u00a0\u00a0\u00a0\u00a0\u00a0 O que, de fato, o PL 445\/2015, ironicamente, chamado nova Lei do Sil\u00eancio, est\u00e1 procurando estabelecer \u00e9 a nova Lei do barulho e do abuso.<\/p>\n<p style=\"text-align: justify\"><strong>A frase que foi pronunciada:<\/strong><\/p>\n<p style=\"text-align: justify\">\u201cPor que exterminaram as cigarras de Bras\u00edlia?\u201d<\/p>\n<p style=\"text-align: justify\">Pergunta da Gabriela quando ouvia a explica\u00e7\u00e3o sobre a Lei do Barulho.<\/p>\n<p style=\"text-align: justify\"><strong>Votos<\/strong><\/p>\n<p style=\"text-align: justify\">Leia no blog do Ari Cunha a nota da abertura intitulada: Decis\u00e3o do TSE amea\u00e7a liberdade de express\u00e3o.<\/p>\n<p style=\"text-align: justify\"><img loading=\"lazy\" decoding=\"async\" class=\"alignnone size-full wp-image-10107\" src=\"https:\/\/blogs.correiobraziliense.com.br\/aricunha\/wp-content\/uploads\/sites\/13\/2018\/03\/ABERT.png\" alt=\"ABERT\" width=\"696\" height=\"908\" srcset=\"https:\/\/blogs.correiobraziliense.com.br\/aricunha\/wp-content\/uploads\/sites\/13\/2018\/03\/ABERT.png 696w, https:\/\/blogs.correiobraziliense.com.br\/aricunha\/wp-content\/uploads\/sites\/13\/2018\/03\/ABERT-230x300.png 230w, https:\/\/blogs.correiobraziliense.com.br\/aricunha\/wp-content\/uploads\/sites\/13\/2018\/03\/ABERT-268x350.png 268w, https:\/\/blogs.correiobraziliense.com.br\/aricunha\/wp-content\/uploads\/sites\/13\/2018\/03\/ABERT-550x718.png 550w\" sizes=\"auto, (max-width: 696px) 100vw, 696px\" \/><\/p>\n<p style=\"text-align: justify\"><strong>Inacontec\u00edvel<\/strong><\/p>\n<p style=\"text-align: justify\">S\u00f3 de verbalizar a quest\u00e3o, j\u00e1 desperta a desconfian\u00e7a do eleitorado. O Tribunal Superior Eleitoral quer saber: \u201cSe houver discrep\u00e2ncia entre o resultado eletr\u00f4nico e o obtido a partir da contagem dos votos, qual dever\u00e1 prevalecer? Considerando que cada voto eletr\u00f4nico corresponde a um voto impresso, a resposta \u00e9 simples. Se isso acontecer, a fraude est\u00e1 configurada.<\/p>\n<figure id=\"attachment_10101\" aria-describedby=\"caption-attachment-10101\" style=\"width: 400px\" class=\"wp-caption aligncenter\"><img loading=\"lazy\" decoding=\"async\" class=\"size-full wp-image-10101\" src=\"https:\/\/blogs.correiobraziliense.com.br\/aricunha\/wp-content\/uploads\/sites\/13\/2018\/03\/charge-bello.jpg\" alt=\"Charge: brunazo.eng.br\" width=\"400\" height=\"258\" srcset=\"https:\/\/blogs.correiobraziliense.com.br\/aricunha\/wp-content\/uploads\/sites\/13\/2018\/03\/charge-bello.jpg 400w, https:\/\/blogs.correiobraziliense.com.br\/aricunha\/wp-content\/uploads\/sites\/13\/2018\/03\/charge-bello-300x194.jpg 300w, https:\/\/blogs.correiobraziliense.com.br\/aricunha\/wp-content\/uploads\/sites\/13\/2018\/03\/charge-bello-350x226.jpg 350w, https:\/\/blogs.correiobraziliense.com.br\/aricunha\/wp-content\/uploads\/sites\/13\/2018\/03\/charge-bello-230x148.jpg 230w\" sizes=\"auto, (max-width: 400px) 100vw, 400px\" \/><figcaption id=\"caption-attachment-10101\" class=\"wp-caption-text\">Charge: brunazo.eng.br<\/figcaption><\/figure>\n<p style=\"text-align: justify\"><strong>Lado bom<\/strong><\/p>\n<p style=\"text-align: justify\">Com a juventude engajada na pol\u00edtica, foi um grande avan\u00e7o o TSE adotar um aplicativo com os dados do eleitor. Assim, basta o celular com o app na hora de se apresentar aos mes\u00e1rios. Depois da identifica\u00e7\u00e3o biom\u00e9trica, o processo \u00e9 seguro.<\/p>\n<p><iframe loading=\"lazy\" title=\"e-T\u00edtulo: seu t\u00edtulo eleitoral no celular\" width=\"1333\" height=\"1000\" src=\"https:\/\/www.youtube.com\/embed\/ubYkZDRS4B8?feature=oembed\" frameborder=\"0\" allow=\"accelerometer; autoplay; clipboard-write; encrypted-media; gyroscope; picture-in-picture; web-share\" referrerpolicy=\"strict-origin-when-cross-origin\" allowfullscreen><\/iframe><\/p>\n<p>&nbsp;<\/p>\n<p style=\"text-align: justify\"><strong>HIST\u00d3RIA DE BRAS\u00cdLIA<\/strong><\/p>\n<p style=\"text-align: justify\">Exemplo excelente de disciplina tem dado o Banco do Brasil, onde, na 303, por ser provis\u00f3ria at\u00e9 os diretores do Banco residem em casas de madeira. <strong>(Publicado em 17.10.1961)<\/strong><\/p>\n","protected":false},"excerpt":{"rendered":"<p>ARI CUNHA Visto, lido e ouvido Desde 1960 colunadoaricunha@gmail.com; com Circe Cunha e Mamfil \u00a0\u00a0\u00a0\u00a0\u00a0\u00a0\u00a0\u00a0 Caso n\u00e3o venha a compor o j\u00e1 extenso rol de propostas consideradas inconstitucionais, produzidas pela C\u00e2mara Legislativa nos \u00faltimos anos, o que n\u00e3o seria necessariamente uma surpresa, a chamada Lei do Sil\u00eancio (PL 445\/2015), de autoria do deputado pelo PT, Ricardo Vale, ainda estar\u00e1 muito [&hellip;]<\/p>\n","protected":false},"author":34,"featured_media":10099,"comment_status":"open","ping_status":"open","sticky":false,"template":"","format":"standard","meta":{"footnotes":""},"categories":[23],"tags":[67],"class_list":["post-10094","post","type-post","status-publish","format-standard","has-post-thumbnail","hentry","category-integra","tag-brasilia-historiadebrasilia-aricunha-circecunha-mamfil"],"_links":{"self":[{"href":"https:\/\/blogs.correiobraziliense.com.br\/aricunha\/wp-json\/wp\/v2\/posts\/10094","targetHints":{"allow":["GET"]}}],"collection":[{"href":"https:\/\/blogs.correiobraziliense.com.br\/aricunha\/wp-json\/wp\/v2\/posts"}],"about":[{"href":"https:\/\/blogs.correiobraziliense.com.br\/aricunha\/wp-json\/wp\/v2\/types\/post"}],"author":[{"embeddable":true,"href":"https:\/\/blogs.correiobraziliense.com.br\/aricunha\/wp-json\/wp\/v2\/users\/34"}],"replies":[{"embeddable":true,"href":"https:\/\/blogs.correiobraziliense.com.br\/aricunha\/wp-json\/wp\/v2\/comments?post=10094"}],"version-history":[{"count":8,"href":"https:\/\/blogs.correiobraziliense.com.br\/aricunha\/wp-json\/wp\/v2\/posts\/10094\/revisions"}],"predecessor-version":[{"id":10110,"href":"https:\/\/blogs.correiobraziliense.com.br\/aricunha\/wp-json\/wp\/v2\/posts\/10094\/revisions\/10110"}],"wp:featuredmedia":[{"embeddable":true,"href":"https:\/\/blogs.correiobraziliense.com.br\/aricunha\/wp-json\/wp\/v2\/media\/10099"}],"wp:attachment":[{"href":"https:\/\/blogs.correiobraziliense.com.br\/aricunha\/wp-json\/wp\/v2\/media?parent=10094"}],"wp:term":[{"taxonomy":"category","embeddable":true,"href":"https:\/\/blogs.correiobraziliense.com.br\/aricunha\/wp-json\/wp\/v2\/categories?post=10094"},{"taxonomy":"post_tag","embeddable":true,"href":"https:\/\/blogs.correiobraziliense.com.br\/aricunha\/wp-json\/wp\/v2\/tags?post=10094"}],"curies":[{"name":"wp","href":"https:\/\/api.w.org\/{rel}","templated":true}]}}