{"id":10086,"date":"2018-03-06T21:00:19","date_gmt":"2018-03-07T00:00:19","guid":{"rendered":"https:\/\/blogs.correiobraziliense.com.br\/aricunha\/?p=10086"},"modified":"2018-03-07T20:04:26","modified_gmt":"2018-03-07T23:04:26","slug":"o-crime-organizado-ja-opera-abertamente-como-grupo-guerrilheiro","status":"publish","type":"post","link":"https:\/\/blogs.correiobraziliense.com.br\/aricunha\/o-crime-organizado-ja-opera-abertamente-como-grupo-guerrilheiro\/","title":{"rendered":"O crime organizado j\u00e1 opera abertamente como grupo guerrilheiro"},"content":{"rendered":"<p style=\"text-align: justify\">ARI CUNHA<\/p>\n<p style=\"text-align: justify\">Visto, lido e ouvido<\/p>\n<p style=\"text-align: justify\">Desde 1960<\/p>\n<p style=\"text-align: justify\">colunadoaricunha@gmail.com;<\/p>\n<p style=\"text-align: justify\">com Circe Cunha e Mamfil<\/p>\n<figure id=\"attachment_10090\" aria-describedby=\"caption-attachment-10090\" style=\"width: 565px\" class=\"wp-caption aligncenter\"><img loading=\"lazy\" decoding=\"async\" class=\" wp-image-10090\" src=\"https:\/\/blogs.correiobraziliense.com.br\/aricunha\/wp-content\/uploads\/sites\/13\/2018\/03\/CHARGE_1.gif\" alt=\"Charge: tribunadainternet.com.br\" width=\"565\" height=\"397\" \/><figcaption id=\"caption-attachment-10090\" class=\"wp-caption-text\">Charge: tribunadainternet.com.br<\/figcaption><\/figure>\n<p>&nbsp;<\/p>\n<p style=\"text-align: justify\">\u00a0 \u00a0 \u00a0 \u00a0Vai ficando cada vez mais dif\u00edcil, para as autoridades do pa\u00eds, esconder da opini\u00e3o p\u00fablica que o crime organizado j\u00e1 adquiriu status de real amea\u00e7a \u00e0 seguran\u00e7a nacional, n\u00e3o podendo mais ser tratado como simples a\u00e7\u00f5es dispersas de bandos criminosos, mas como verdadeiros grupos guerrilheiros, que, a partir das extensas fronteiras internacionais, j\u00e1 possuem, de fato, o controle de muitas \u00e1reas dentro do pa\u00eds.<\/p>\n<p style=\"text-align: justify\">\u00a0 \u00a0 \u00a0 \u00a0Especialistas no assunto admitem que o Brasil se transformou, nas \u00faltimas duas d\u00e9cadas, em o principal corredor do tr\u00e1fico internacional de drogas, figurando j\u00e1 como o segundo maior consumidor do planeta de coca\u00edna e seus derivados, sendo ainda o para\u00edso para a lavagem de dinheiro de origem criminosa, tr\u00e1fico de armas e outros il\u00edcitos extremamente lucrativos.<\/p>\n<p style=\"text-align: justify\">\u00a0 \u00a0 \u00a0 \u00a0 \u00a0 A facilidade com que essas organiza\u00e7\u00f5es v\u00eam agindo dentro do pa\u00eds \u00e9 assegurada pela montanha de recursos que esses grupos t\u00eam \u00e0 disposi\u00e7\u00e3o para arregimentar pessoas e subornar autoridades em todos os n\u00edveis do Estado. Surpreende que esses grupos, mesmo com a interven\u00e7\u00e3o militar na \u00e1rea de seguran\u00e7a do Rio de Janeiro, n\u00e3o tenham diminu\u00eddo suas a\u00e7\u00f5es naquele estado e nem no restante do pa\u00eds. Pelo contr\u00e1rio. Quem acompanha o notici\u00e1rio tem se surpreendido com as \u00faltimas a\u00e7\u00f5es desses grupos bem ao modo das guerrilhas. O assalto ao carro-forte na BR 040, com armamento de guerra, seguido do roubo cinematogr\u00e1fico no aeroporto de Viracopos em S\u00e3o Paulo, uma \u00e1rea que deveria ser de seguran\u00e7a m\u00e1xima, demonstra que essas a\u00e7\u00f5es criminosas, h\u00e1 muito, ultrapassaram o poder das pol\u00edcias militar e civil, se constituindo agora em amea\u00e7as que somente as For\u00e7as Armadas, com suporte da intelig\u00eancia do Estado, podem deter.<\/p>\n<figure style=\"width: 425px\" class=\"wp-caption alignleft\"><img loading=\"lazy\" decoding=\"async\" class=\" wp-image-10089\" src=\"https:\/\/blogs.correiobraziliense.com.br\/aricunha\/wp-content\/uploads\/sites\/13\/2018\/03\/carro1.jpg\" alt=\"Foto: Criminosos explodem carro-forte (g1.globo.com)\" width=\"425\" height=\"253\" srcset=\"https:\/\/blogs.correiobraziliense.com.br\/aricunha\/wp-content\/uploads\/sites\/13\/2018\/03\/carro1.jpg 1000w, https:\/\/blogs.correiobraziliense.com.br\/aricunha\/wp-content\/uploads\/sites\/13\/2018\/03\/carro1-300x179.jpg 300w, https:\/\/blogs.correiobraziliense.com.br\/aricunha\/wp-content\/uploads\/sites\/13\/2018\/03\/carro1-768x457.jpg 768w, https:\/\/blogs.correiobraziliense.com.br\/aricunha\/wp-content\/uploads\/sites\/13\/2018\/03\/carro1-350x208.jpg 350w, https:\/\/blogs.correiobraziliense.com.br\/aricunha\/wp-content\/uploads\/sites\/13\/2018\/03\/carro1-550x327.jpg 550w, https:\/\/blogs.correiobraziliense.com.br\/aricunha\/wp-content\/uploads\/sites\/13\/2018\/03\/carro1-230x137.jpg 230w\" sizes=\"auto, (max-width: 425px) 100vw, 425px\" \/><figcaption class=\"wp-caption-text\">Foto: Criminosos explodem carro-forte na BR-040 (g1.globo.com)<\/figcaption><\/figure>\n<p style=\"text-align: justify\">\u00a0 \u00a0 \u00a0 \u00a0 \u00a0O monstro cresceu, ganhou rabo e presas envenenadas, exigindo agora a atua\u00e7\u00e3o de uma for\u00e7a maior, com maior poder de fogo e preparo. De fato, enquanto o Estado era corro\u00eddo por dentro por uma s\u00e9rie de casos de corrup\u00e7\u00e3o, com as principais lideran\u00e7as do pa\u00eds envolvidas nos mais escandalosos flagrantes de desvio de dinheiro p\u00fablico, o crime organizado ia encontrando brechas para crescer e se prosperar. H\u00e1 inclusive aqueles que enxergam conex\u00f5es entre esses grupos e membros destacados de diversos governos, \u00e0 exemplo do acontecia na Col\u00f4mbia e Peru. O pr\u00f3prio ministro da justi\u00e7a, em recente entrevista, admitiu essa hip\u00f3tese e apontou que o elo entre o Estado e o crime \u00e9 estabelecido n\u00e3o s\u00f3 pela banda pobre que comanda as pol\u00edcias no Rio de Janeiro, mas conta ainda com o apoio de muitos deputados estaduais e outras autoridades locais. Atentos \u00e0s infinitas possibilidades desse elo entre o crime e o Estado, grupos criminosos n\u00e3o escondem a inten\u00e7\u00e3o de apoiar eleitoralmente muitos candidatos ao pleito de 2018, para adentrar o Estado pela porta larga das elei\u00e7\u00f5es.<\/p>\n<p style=\"text-align: justify\">\u00a0 \u00a0 \u00a0 \u00a0 Dinheiro e expertise eles possuem de sobra. Infelizmente, para qualquer dire\u00e7\u00e3o que a popula\u00e7\u00e3o olhe, as possibilidades para que esses grupos de guerrilha urbana se expandam ainda mais, em conluio com pol\u00edticos e outras autoridades inescrupulosas, s\u00e3o crescentes, reais e iminentes.<\/p>\n<p style=\"text-align: justify\"><strong>A frase que foi pronunciada:<\/strong><\/p>\n<p style=\"text-align: justify\">\u201c\u00c9 necess\u00e1rio que todo guerrilheiro urbano mantenha em mente que s\u00f3 poder\u00e1 sobreviver se estiver disposto a matar os policiais e todos aqueles dedicados \u00e0 repress\u00e3o. E se est\u00e1 verdadeiramente dedicado a expropriar a riqueza dos grandes capitalistas, os latifundi\u00e1rios e os imperialistas.\u201d<\/p>\n<p style=\"text-align: justify\">Carlos Marighella<\/p>\n<figure id=\"attachment_10092\" aria-describedby=\"caption-attachment-10092\" style=\"width: 366px\" class=\"wp-caption aligncenter\"><img loading=\"lazy\" decoding=\"async\" class=\" wp-image-10092\" src=\"https:\/\/blogs.correiobraziliense.com.br\/aricunha\/wp-content\/uploads\/sites\/13\/2018\/03\/marighella_121104_pcb-600x534.jpeg.jpg\" alt=\"Foto: institutoliberal.org.br\" width=\"366\" height=\"326\" srcset=\"https:\/\/blogs.correiobraziliense.com.br\/aricunha\/wp-content\/uploads\/sites\/13\/2018\/03\/marighella_121104_pcb-600x534.jpeg.jpg 600w, https:\/\/blogs.correiobraziliense.com.br\/aricunha\/wp-content\/uploads\/sites\/13\/2018\/03\/marighella_121104_pcb-600x534.jpeg-300x267.jpg 300w, https:\/\/blogs.correiobraziliense.com.br\/aricunha\/wp-content\/uploads\/sites\/13\/2018\/03\/marighella_121104_pcb-600x534.jpeg-350x312.jpg 350w, https:\/\/blogs.correiobraziliense.com.br\/aricunha\/wp-content\/uploads\/sites\/13\/2018\/03\/marighella_121104_pcb-600x534.jpeg-550x490.jpg 550w, https:\/\/blogs.correiobraziliense.com.br\/aricunha\/wp-content\/uploads\/sites\/13\/2018\/03\/marighella_121104_pcb-600x534.jpeg-230x205.jpg 230w\" sizes=\"auto, (max-width: 366px) 100vw, 366px\" \/><figcaption id=\"caption-attachment-10092\" class=\"wp-caption-text\">Foto: institutoliberal.org.br<\/figcaption><\/figure>\n<p style=\"text-align: justify\"><strong>Comitiva<\/strong><\/p>\n<p style=\"text-align: justify\">Thiago Jarjour, Secret\u00e1rio Adjunto de Ci\u00eancia, Tecnologia e Inova\u00e7\u00e3o, embarca rumo aos Estados Unidos neste s\u00e1bado, acompanhado do Secret\u00e1rio de Desenvolvimento Econ\u00f4mico, Valdir Oliveira, e de Jamal Bittar, presidente da Federa\u00e7\u00e3o das Ind\u00fastrias do Distrito Federal (Fibra), que financia a miss\u00e3o. Entre os pontos altos da viagem est\u00e3o as visitas aos parques tecnol\u00f3gicos e \u00e0s renomadas universidades norte americanas de Stanford e Cornell Tech. O objetivo \u00e9 firmar parceria com o Biotic Bras\u00edlia. Thiago retoma seus compromissos na capital dia 19\/03.<\/p>\n<p style=\"text-align: justify\"><strong>Biotic<\/strong><\/p>\n<p style=\"text-align: justify\">Biotic \u00e9 um projeto que toma novo impulso em tr\u00eas pilares: learn (aprender), attend (comparecer) e business (neg\u00f3cios). \u00c9 um espa\u00e7o destinado a startups baseado em coworking, modelo de trabalho que favorece troca de ideias e colabora\u00e7\u00e3o entre diferentes profissionais com o apoio do Sebrae. Tantas palavras em ingl\u00eas nos releases s\u00e3o perfeitamente justific\u00e1veis no mundo tecnol\u00f3gico globalizado.<\/p>\n<p style=\"text-align: justify\"><strong>HIST\u00d3RIA DE BRAS\u00cdLIA<\/strong><\/p>\n<p style=\"text-align: justify\">Levando-se em conta, que, as obras do Iapfesp est\u00e3o paradas h\u00e1 mais de um ano, d\u00e1 para se ver que h\u00e1 o prop\u00f3sito deliberado de infringir, de contrariar ordens, de enganar. <strong>(Publicado em 17.10.1961)<\/strong><\/p>\n","protected":false},"excerpt":{"rendered":"<p>ARI CUNHA Visto, lido e ouvido Desde 1960 colunadoaricunha@gmail.com; com Circe Cunha e Mamfil &nbsp; \u00a0 \u00a0 \u00a0 \u00a0Vai ficando cada vez mais dif\u00edcil, para as autoridades do pa\u00eds, esconder da opini\u00e3o p\u00fablica que o crime organizado j\u00e1 adquiriu status de real amea\u00e7a \u00e0 seguran\u00e7a nacional, n\u00e3o podendo mais ser tratado como simples a\u00e7\u00f5es dispersas de bandos criminosos, mas como [&hellip;]<\/p>\n","protected":false},"author":34,"featured_media":10090,"comment_status":"open","ping_status":"open","sticky":false,"template":"","format":"standard","meta":{"footnotes":""},"categories":[23],"tags":[67],"class_list":["post-10086","post","type-post","status-publish","format-standard","has-post-thumbnail","hentry","category-integra","tag-brasilia-historiadebrasilia-aricunha-circecunha-mamfil"],"_links":{"self":[{"href":"https:\/\/blogs.correiobraziliense.com.br\/aricunha\/wp-json\/wp\/v2\/posts\/10086","targetHints":{"allow":["GET"]}}],"collection":[{"href":"https:\/\/blogs.correiobraziliense.com.br\/aricunha\/wp-json\/wp\/v2\/posts"}],"about":[{"href":"https:\/\/blogs.correiobraziliense.com.br\/aricunha\/wp-json\/wp\/v2\/types\/post"}],"author":[{"embeddable":true,"href":"https:\/\/blogs.correiobraziliense.com.br\/aricunha\/wp-json\/wp\/v2\/users\/34"}],"replies":[{"embeddable":true,"href":"https:\/\/blogs.correiobraziliense.com.br\/aricunha\/wp-json\/wp\/v2\/comments?post=10086"}],"version-history":[{"count":4,"href":"https:\/\/blogs.correiobraziliense.com.br\/aricunha\/wp-json\/wp\/v2\/posts\/10086\/revisions"}],"predecessor-version":[{"id":10093,"href":"https:\/\/blogs.correiobraziliense.com.br\/aricunha\/wp-json\/wp\/v2\/posts\/10086\/revisions\/10093"}],"wp:featuredmedia":[{"embeddable":true,"href":"https:\/\/blogs.correiobraziliense.com.br\/aricunha\/wp-json\/wp\/v2\/media\/10090"}],"wp:attachment":[{"href":"https:\/\/blogs.correiobraziliense.com.br\/aricunha\/wp-json\/wp\/v2\/media?parent=10086"}],"wp:term":[{"taxonomy":"category","embeddable":true,"href":"https:\/\/blogs.correiobraziliense.com.br\/aricunha\/wp-json\/wp\/v2\/categories?post=10086"},{"taxonomy":"post_tag","embeddable":true,"href":"https:\/\/blogs.correiobraziliense.com.br\/aricunha\/wp-json\/wp\/v2\/tags?post=10086"}],"curies":[{"name":"wp","href":"https:\/\/api.w.org\/{rel}","templated":true}]}}