{"id":10075,"date":"2018-03-05T21:00:02","date_gmt":"2018-03-06T00:00:02","guid":{"rendered":"https:\/\/blogs.correiobraziliense.com.br\/aricunha\/?p=10075"},"modified":"2018-03-07T20:07:34","modified_gmt":"2018-03-07T23:07:34","slug":"foice-e-o-beijo","status":"publish","type":"post","link":"https:\/\/blogs.correiobraziliense.com.br\/aricunha\/foice-e-o-beijo\/","title":{"rendered":"A foice e o beijo"},"content":{"rendered":"<p style=\"text-align: justify\">ARI CUNHA<\/p>\n<p style=\"text-align: justify\">Visto, lido e ouvido<\/p>\n<p style=\"text-align: justify\">Desde 1960<\/p>\n<p style=\"text-align: justify\">colunadoaricunha@gmail.com;<\/p>\n<p style=\"text-align: justify\">com Circe Cunha e Mamfil<\/p>\n<figure id=\"attachment_10079\" aria-describedby=\"caption-attachment-10079\" style=\"width: 3527px\" class=\"wp-caption aligncenter\"><img loading=\"lazy\" decoding=\"async\" class=\"size-full wp-image-10079\" src=\"https:\/\/blogs.correiobraziliense.com.br\/aricunha\/wp-content\/uploads\/sites\/13\/2018\/03\/DP_charge_11_07_2012.jpg\" alt=\"Charge: juniao.com.br\" width=\"3527\" height=\"2320\" srcset=\"https:\/\/blogs.correiobraziliense.com.br\/aricunha\/wp-content\/uploads\/sites\/13\/2018\/03\/DP_charge_11_07_2012.jpg 3527w, https:\/\/blogs.correiobraziliense.com.br\/aricunha\/wp-content\/uploads\/sites\/13\/2018\/03\/DP_charge_11_07_2012-300x197.jpg 300w, https:\/\/blogs.correiobraziliense.com.br\/aricunha\/wp-content\/uploads\/sites\/13\/2018\/03\/DP_charge_11_07_2012-768x505.jpg 768w, https:\/\/blogs.correiobraziliense.com.br\/aricunha\/wp-content\/uploads\/sites\/13\/2018\/03\/DP_charge_11_07_2012-1024x674.jpg 1024w, https:\/\/blogs.correiobraziliense.com.br\/aricunha\/wp-content\/uploads\/sites\/13\/2018\/03\/DP_charge_11_07_2012-350x230.jpg 350w, https:\/\/blogs.correiobraziliense.com.br\/aricunha\/wp-content\/uploads\/sites\/13\/2018\/03\/DP_charge_11_07_2012-1440x947.jpg 1440w, https:\/\/blogs.correiobraziliense.com.br\/aricunha\/wp-content\/uploads\/sites\/13\/2018\/03\/DP_charge_11_07_2012-550x362.jpg 550w, https:\/\/blogs.correiobraziliense.com.br\/aricunha\/wp-content\/uploads\/sites\/13\/2018\/03\/DP_charge_11_07_2012-230x151.jpg 230w\" sizes=\"auto, (max-width: 3527px) 100vw, 3527px\" \/><figcaption id=\"caption-attachment-10079\" class=\"wp-caption-text\">Charge: juniao.com.br<\/figcaption><\/figure>\n<p style=\"text-align: justify\">\u00a0\u00a0\u00a0\u00a0\u00a0\u00a0\u00a0\u00a0 Modelos de estrat\u00e9gias pol\u00edticas para angariar apoio nas pr\u00f3ximas elei\u00e7\u00f5es se repetem, em todo pa\u00eds, com vistas as pr\u00f3ximas elei\u00e7\u00f5es. No vale tudo para cooptar ades\u00f5es de outros candidatos e partidos para forma\u00e7\u00e3o de palanques e acr\u00e9scimo de tempo em r\u00e1dios e televis\u00f5es, a \u00fanica coisa que tem ficado de fora dessas tratativas, feitas \u00e0 meia luz, \u00e9 o anseio e as expectativas dos pr\u00f3prios eleitores.<\/p>\n<p style=\"text-align: justify\">\u00a0\u00a0\u00a0\u00a0\u00a0\u00a0\u00a0 \u00a0Nessa equa\u00e7\u00e3o oportunista dos pol\u00edticos brasileiros, o desejo, ou mesmo os receios e o mal humor dos eleitores parece dar soma zero. Na vis\u00e3o desses expertises em t\u00e1ticas pol\u00edticas, o eleitor \u00e9 um detalhe a ser considerado apenas durante alguns momentos da campanha. Autossuficientes, e do alto de uma arrog\u00e2ncia que lhes s\u00e3o pr\u00f3prias, alguns pol\u00edticos parecem n\u00e3o se dar conta de que os bons ventos n\u00e3o est\u00e3o mais soprando a seu favor. Pelo contr\u00e1rio, diversas pesquisas de opini\u00e3o t\u00eam apontado que o sentimento predominante entre os eleitores \u00e9 o de decep\u00e7\u00e3o e mesmo de revolta contra a classe pol\u00edtica em geral.<\/p>\n<p style=\"text-align: justify\">\u00a0 \u00a0 \u00a0 \u00a0O pior \u00e9 que essas pesquisas indicam ainda que o legislativo federal e local est\u00e3o entre as institui\u00e7\u00f5es com o menor grau de confiabilidade, \u00e9 que os eleitores est\u00e3o descontentes, e mesmo raivosos, com o atual modelo pol\u00edtico que vem sendo perpetuado e, principalmente, com seus protagonistas. \u00c0s v\u00e9speras das elei\u00e7\u00f5es h\u00e1 um div\u00f3rcio pol\u00edtico e litigioso entre eleitores e candidatos. N\u00e3o \u00e9 para menos. As seguidas den\u00fancias de corrup\u00e7\u00e3o que v\u00e3o vindo \u00e0 tona a cada instante, deixam \u00e0 mostra sinais evidentes de trai\u00e7\u00e3o da classe pol\u00edtica.\u00a0 Indiferentes \u00e0 esses sinais claros, os candidatos para 2018 prosseguem na mesma toada, entabulando acordos e planos que, creem, render\u00e3o frutos futuros. Aqui, no Distrito Federal, n\u00e3o \u00e9 diferente. Quem assiste a dan\u00e7a das cadeiras, em torno dos cargos para o Legislativo e Executivo local, verifica que mesmo depois de tantas den\u00fancias, inclusive com pris\u00f5es de alguns desses figur\u00f5es, a maioria dos candidatos insiste ainda em buscar apoios junto a pol\u00edticos n\u00e3o s\u00f3 enrolad\u00edssimos com a justi\u00e7a, mas que perderam qualquer respeito junto ao eleitorado.<\/p>\n<p style=\"text-align: justify\">\u00a0\u00a0\u00a0\u00a0\u00a0\u00a0\u00a0 \u00a0O que o eleitor informado quer \u00e9 que pol\u00edticos com d\u00e9bito com a justi\u00e7a fiquem de fora n\u00e3o s\u00f3 do pleito em si, mas que permane\u00e7am longe das tratativas para forma\u00e7\u00e3o de chapas e outras estrat\u00e9gias para 2018. \u00c9 preciso ficar bem atento \u00e0s manobras dessas cobras criadas que buscam nas pr\u00f3ximas elei\u00e7\u00f5es apenas o abrigo da prerrogativa de foro para fugir \u00e0s agruras da primeira inst\u00e2ncia, principalmente, se colocando com suplentes em algumas chapas, com pr\u00e9-acordo, para vir a assumir a titularidade do mandato, t\u00e3o logo o oficial de justi\u00e7a bata \u00e0 porta.<\/p>\n<p style=\"text-align: justify\">\u00a0\u00a0\u00a0\u00a0\u00a0\u00a0\u00a0 \u00a0S\u00e3o estrat\u00e9gias malandras, mas que tem livrado meliantes da lei. Ao insistir em fazer ouvidos de mercador aos reclames dos eleitores, o m\u00e1ximo que esses pol\u00edticos espertalh\u00f5es v\u00e3o obter \u00e9 o aumento no fosso, separando o cidad\u00e3o de seus representantes, com preju\u00edzos \u00f3bvios para a democracia.<\/p>\n<p style=\"text-align: justify\">\u00a0 \u00a0 \u00a0 \u00a0 De fato, aos olhos do eleitor informado, tecer acordos com denunciados pela justi\u00e7a, visando poss\u00edveis vantagens pol\u00edticas e eleitorais para o futuro, equivale, isso sim, a receber, como selo firmado, o beijo. O beijo da morte.<\/p>\n<p style=\"text-align: justify\"><strong>A frase que foi pronunciada:<\/strong><\/p>\n<p style=\"text-align: justify\">\u201cPor um voto em branco, voc\u00ea est\u00e1 dizendo que voc\u00ea tem uma consci\u00eancia pol\u00edtica, mas voc\u00ea n\u00e3o concorda com qualquer um dos partidos existentes.\u201d<\/p>\n<p style=\"text-align: justify\">Jos\u00e9 Saramago<\/p>\n<figure id=\"attachment_10078\" aria-describedby=\"caption-attachment-10078\" style=\"width: 450px\" class=\"wp-caption aligncenter\"><img loading=\"lazy\" decoding=\"async\" class=\"size-full wp-image-10078\" src=\"https:\/\/blogs.correiobraziliense.com.br\/aricunha\/wp-content\/uploads\/sites\/13\/2018\/03\/chegou-a-hora-de-votar-frank-humor-politico.jpg\" alt=\"Charge: humorpolitico.com.br\" width=\"450\" height=\"273\" srcset=\"https:\/\/blogs.correiobraziliense.com.br\/aricunha\/wp-content\/uploads\/sites\/13\/2018\/03\/chegou-a-hora-de-votar-frank-humor-politico.jpg 450w, https:\/\/blogs.correiobraziliense.com.br\/aricunha\/wp-content\/uploads\/sites\/13\/2018\/03\/chegou-a-hora-de-votar-frank-humor-politico-300x182.jpg 300w, https:\/\/blogs.correiobraziliense.com.br\/aricunha\/wp-content\/uploads\/sites\/13\/2018\/03\/chegou-a-hora-de-votar-frank-humor-politico-350x212.jpg 350w, https:\/\/blogs.correiobraziliense.com.br\/aricunha\/wp-content\/uploads\/sites\/13\/2018\/03\/chegou-a-hora-de-votar-frank-humor-politico-230x140.jpg 230w\" sizes=\"auto, (max-width: 450px) 100vw, 450px\" \/><figcaption id=\"caption-attachment-10078\" class=\"wp-caption-text\">Charge: humorpolitico.com.br<\/figcaption><\/figure>\n<p style=\"text-align: justify\"><strong>Caesb<\/strong><\/p>\n<p style=\"text-align: justify\">Jos\u00e9 Rabelo concorda com a coluna. A Caesb n\u00e3o pode cobrar consumo m\u00ednimo em \u00e9poca de crise h\u00eddrica.<\/p>\n<p style=\"text-align: justify\"><strong>Vira volta<\/strong><\/p>\n<p style=\"text-align: justify\">Vendo o alvoro\u00e7o em torno da aula na UnB com a disciplina criada para ensinar sobre impeachment como \u201cO golpe contra Dilma Rousseff\u201d, lembramos de um detalhe: at\u00e9 agora, ao contr\u00e1rio de outros registros, no t\u00fanel do tempo do Senado, n\u00e3o h\u00e1 o impeachment da Dilma exibido na linha presidencial.<\/p>\n<p style=\"text-align: justify\"><strong>Nada legal<\/strong><\/p>\n<p style=\"text-align: justify\">Dona Dita contava como s\u00e3o os olhos dos seres humanos. Trancados em um quarto escuro, logo se acostumam e a percep\u00e7\u00e3o ressurge. A compara\u00e7\u00e3o foi feita com quem recebe aux\u00edlio moradia. Donos dos maiores sal\u00e1rios, que t\u00eam condi\u00e7\u00f5es de bancar a morada, recebem o aux\u00edlio moradia. Acostumaram com o escuro. Quanta utopia pensar que partiria deles mesmos acabar com esse absurdo. \u00c9 o dinheiro p\u00fablico que sustenta a mordomia. Isso \u00e9 justo? \u00c9 \u00e9tico? \u00c9 moral?<\/p>\n<p style=\"text-align: justify\"><strong>Imperd\u00edvel<\/strong><\/p>\n<p style=\"text-align: justify\">Aten\u00e7\u00e3o interessados no pioneirismo de Bras\u00edlia. Nessa sexta-feira, dia 09\/03, \u00e0s 19h, Tania Fontenele far\u00e1 uma palestra sobre as mulheres e a hist\u00f3ria de Bras\u00edlia. Em seguida, o hist\u00f3rico filme Poeira e Batom. Ser\u00e1 no Instituto Cervantes, SEPS 707\/907.<\/p>\n<figure id=\"attachment_10081\" aria-describedby=\"caption-attachment-10081\" style=\"width: 393px\" class=\"wp-caption aligncenter\"><img loading=\"lazy\" decoding=\"async\" class=\"size-full wp-image-10081\" src=\"https:\/\/blogs.correiobraziliense.com.br\/aricunha\/wp-content\/uploads\/sites\/13\/2018\/03\/Poeira_Batom_livro_350.jpg\" alt=\"Imagem: cultura.gov.br\" width=\"393\" height=\"350\" srcset=\"https:\/\/blogs.correiobraziliense.com.br\/aricunha\/wp-content\/uploads\/sites\/13\/2018\/03\/Poeira_Batom_livro_350.jpg 393w, https:\/\/blogs.correiobraziliense.com.br\/aricunha\/wp-content\/uploads\/sites\/13\/2018\/03\/Poeira_Batom_livro_350-300x267.jpg 300w, https:\/\/blogs.correiobraziliense.com.br\/aricunha\/wp-content\/uploads\/sites\/13\/2018\/03\/Poeira_Batom_livro_350-350x312.jpg 350w, https:\/\/blogs.correiobraziliense.com.br\/aricunha\/wp-content\/uploads\/sites\/13\/2018\/03\/Poeira_Batom_livro_350-230x205.jpg 230w\" sizes=\"auto, (max-width: 393px) 100vw, 393px\" \/><figcaption id=\"caption-attachment-10081\" class=\"wp-caption-text\">Imagem: cultura.gov.br<\/figcaption><\/figure>\n<p style=\"text-align: justify\"><strong>HIST\u00d3RIA DE BRAS\u00cdLIA<\/strong><\/p>\n<p style=\"text-align: justify\">Aberta uma exce\u00e7\u00e3o, todos os acampamentos se transformar\u00e3o em casas de alvenaria, e est\u00e1 visto que bagun\u00e7a redundar\u00e1 de tudo isto. <strong>(Publicado em 17.10.1961)<\/strong><\/p>\n","protected":false},"excerpt":{"rendered":"<p>ARI CUNHA Visto, lido e ouvido Desde 1960 colunadoaricunha@gmail.com; com Circe Cunha e Mamfil \u00a0\u00a0\u00a0\u00a0\u00a0\u00a0\u00a0\u00a0 Modelos de estrat\u00e9gias pol\u00edticas para angariar apoio nas pr\u00f3ximas elei\u00e7\u00f5es se repetem, em todo pa\u00eds, com vistas as pr\u00f3ximas elei\u00e7\u00f5es. No vale tudo para cooptar ades\u00f5es de outros candidatos e partidos para forma\u00e7\u00e3o de palanques e acr\u00e9scimo de tempo em r\u00e1dios e televis\u00f5es, a \u00fanica [&hellip;]<\/p>\n","protected":false},"author":34,"featured_media":10079,"comment_status":"open","ping_status":"open","sticky":false,"template":"","format":"standard","meta":{"footnotes":""},"categories":[23],"tags":[67],"class_list":["post-10075","post","type-post","status-publish","format-standard","has-post-thumbnail","hentry","category-integra","tag-brasilia-historiadebrasilia-aricunha-circecunha-mamfil"],"_links":{"self":[{"href":"https:\/\/blogs.correiobraziliense.com.br\/aricunha\/wp-json\/wp\/v2\/posts\/10075","targetHints":{"allow":["GET"]}}],"collection":[{"href":"https:\/\/blogs.correiobraziliense.com.br\/aricunha\/wp-json\/wp\/v2\/posts"}],"about":[{"href":"https:\/\/blogs.correiobraziliense.com.br\/aricunha\/wp-json\/wp\/v2\/types\/post"}],"author":[{"embeddable":true,"href":"https:\/\/blogs.correiobraziliense.com.br\/aricunha\/wp-json\/wp\/v2\/users\/34"}],"replies":[{"embeddable":true,"href":"https:\/\/blogs.correiobraziliense.com.br\/aricunha\/wp-json\/wp\/v2\/comments?post=10075"}],"version-history":[{"count":6,"href":"https:\/\/blogs.correiobraziliense.com.br\/aricunha\/wp-json\/wp\/v2\/posts\/10075\/revisions"}],"predecessor-version":[{"id":10085,"href":"https:\/\/blogs.correiobraziliense.com.br\/aricunha\/wp-json\/wp\/v2\/posts\/10075\/revisions\/10085"}],"wp:featuredmedia":[{"embeddable":true,"href":"https:\/\/blogs.correiobraziliense.com.br\/aricunha\/wp-json\/wp\/v2\/media\/10079"}],"wp:attachment":[{"href":"https:\/\/blogs.correiobraziliense.com.br\/aricunha\/wp-json\/wp\/v2\/media?parent=10075"}],"wp:term":[{"taxonomy":"category","embeddable":true,"href":"https:\/\/blogs.correiobraziliense.com.br\/aricunha\/wp-json\/wp\/v2\/categories?post=10075"},{"taxonomy":"post_tag","embeddable":true,"href":"https:\/\/blogs.correiobraziliense.com.br\/aricunha\/wp-json\/wp\/v2\/tags?post=10075"}],"curies":[{"name":"wp","href":"https:\/\/api.w.org\/{rel}","templated":true}]}}