{"id":10061,"date":"2018-03-02T21:00:22","date_gmt":"2018-03-03T00:00:22","guid":{"rendered":"https:\/\/blogs.correiobraziliense.com.br\/aricunha\/?p=10061"},"modified":"2018-03-02T18:41:22","modified_gmt":"2018-03-02T21:41:22","slug":"ideologia-tira-foco-do-cientifico","status":"publish","type":"post","link":"https:\/\/blogs.correiobraziliense.com.br\/aricunha\/ideologia-tira-foco-do-cientifico\/","title":{"rendered":"Ideologia tira foco do cient\u00edfico"},"content":{"rendered":"<p>ARI CUNHA<\/p>\n<p>Visto, lido e ouvido<\/p>\n<p>Desde 1960<\/p>\n<p>colunadoaricunha@gmail.com;<\/p>\n<p>com Circe Cunha e Mamfil<\/p>\n<figure id=\"attachment_10067\" aria-describedby=\"caption-attachment-10067\" style=\"width: 635px\" class=\"wp-caption aligncenter\"><img loading=\"lazy\" decoding=\"async\" class=\"size-full wp-image-10067\" src=\"https:\/\/blogs.correiobraziliense.com.br\/aricunha\/wp-content\/uploads\/sites\/13\/2018\/03\/ocupa-635x382.jpg\" alt=\"Foto: jornalivre.com\" width=\"635\" height=\"382\" srcset=\"https:\/\/blogs.correiobraziliense.com.br\/aricunha\/wp-content\/uploads\/sites\/13\/2018\/03\/ocupa-635x382.jpg 635w, https:\/\/blogs.correiobraziliense.com.br\/aricunha\/wp-content\/uploads\/sites\/13\/2018\/03\/ocupa-635x382-300x180.jpg 300w, https:\/\/blogs.correiobraziliense.com.br\/aricunha\/wp-content\/uploads\/sites\/13\/2018\/03\/ocupa-635x382-350x211.jpg 350w, https:\/\/blogs.correiobraziliense.com.br\/aricunha\/wp-content\/uploads\/sites\/13\/2018\/03\/ocupa-635x382-550x331.jpg 550w, https:\/\/blogs.correiobraziliense.com.br\/aricunha\/wp-content\/uploads\/sites\/13\/2018\/03\/ocupa-635x382-230x138.jpg 230w\" sizes=\"auto, (max-width: 635px) 100vw, 635px\" \/><figcaption id=\"caption-attachment-10067\" class=\"wp-caption-text\">Foto: jornalivre.com<\/figcaption><\/figure>\n<p style=\"text-align: justify\">\u00a0\u00a0\u00a0\u00a0\u00a0\u00a0\u00a0\u00a0 Com a ascens\u00e3o das esquerdas, principalmente aquelas de matiz praticista, na qual o Estado \u00e9 transformado numa grande vaca leiteira, as universidades p\u00fablicas acabaram se transmutando em filiais dessas siglas, lan\u00e7ando uns contra os outros, contaminando o ambiente. Uma vista recente, captada no interior do pr\u00e9dio da UFRJ, d\u00e1 uma mostra desse ambiente que tomou conta das universidades p\u00fablicas brasileiras. Na foto aparecem as instala\u00e7\u00f5es internas de um amplo sagu\u00e3o, completamente pichado, com cadeiras e portas quebradas e lan\u00e7adas ao ch\u00e3o, com cartazes e sujeira por toda a parte, como se um furac\u00e3o houvesse revirado o ambiente.<\/p>\n<p style=\"text-align: justify\">\u00a0\u00a0\u00a0\u00a0\u00a0\u00a0\u00a0 \u00a0Neste ambiente \u201cacad\u00eamico\u201d, alunos de short, alguns sem camiseta, todos invariavelmente maltrapilhos, parecem ensaiar uma das milhares de manifesta\u00e7\u00f5es, alheios ao mundo em redor. Apenas pela compara\u00e7\u00e3o dessa imagem com outras mostrando os principais recintos de universidades como Oxford, Cambridge ou o Instituto de Tecnologia da Calif\u00f3rnia, Harvard, Princeton e outras do primeiro time, d\u00e1 para perceber quantos anos luz nos separam dessas institui\u00e7\u00f5es.<\/p>\n<p style=\"text-align: justify\">\u00a0\u00a0\u00a0\u00a0\u00a0\u00a0\u00a0 \u00a0N\u00e3o \u00e9 por outro motivo que, no ranking da Times Higher Education, das 200 mais prestigiosas universidades do planeta, nenhuma institui\u00e7\u00e3o brasileira \u00e9 sequer mencionada. Sobra pol\u00edtica do tipo partid\u00e1ria e ideol\u00f3gica e faltam pesquisas e outras realiza\u00e7\u00f5es pr\u00f3prias \u00e0 essas institui\u00e7\u00f5es.<\/p>\n<p style=\"text-align: justify\">\u00a0\u00a0\u00a0\u00a0\u00a0\u00a0\u00a0 \u00a0Sobra agita\u00e7\u00e3o e falta concentra\u00e7\u00e3o. Dispersada e sem f\u00f4lego, nossas universidades se esmeram em debates e fecham os olhos \u00e0 realidade do pa\u00eds. M\u00e9dicos e outros doutores, formados gra\u00e7as ao empenho de muitos brasileiros que sequer sabem ler, n\u00e3o se d\u00e3o ao trabalho de colocar seus conhecimentos, adquiridos de forma gratuita, \u00e0 servi\u00e7o da popula\u00e7\u00e3o. O razo\u00e1vel, num pa\u00eds razo\u00e1vel, seria exigir dos formandos trabalhos comunit\u00e1rios e gratuitos pelo mesmo tempo de forma\u00e7\u00e3o. Seria muito mais \u00fatil ao pa\u00eds. Nem mesmo o Estado subsidiador possui vontade pr\u00f3pria para cobrar esta d\u00edvida. O que se v\u00ea s\u00e3o doutores rec\u00e9m-formados instalarem seus gabinetes e consult\u00f3rios privados, cobrando consultas que a maioria da popula\u00e7\u00e3o simplesmente n\u00e3o pode pagar.<\/p>\n<p style=\"text-align: justify\">\u00a0\u00a0\u00a0\u00a0\u00a0\u00a0\u00a0 \u00a0Dentro das institui\u00e7\u00f5es, a vida n\u00e3o \u00e9 f\u00e1cil tamb\u00e9m para quem n\u00e3o se alinha, de primeira hora, a chamada do establishment, principalmente nas \u00e1reas ditas \u201chumanas\u201d. O que se verificam s\u00e3o disputas intestinas pelo controle das universidades por parte do pessoal ligado \u00e0s esquerdas.<\/p>\n<p style=\"text-align: justify\">\u00a0\u00a0\u00a0\u00a0\u00a0\u00a0\u00a0 \u00a0A animosidade e mesmo as disputas f\u00edsicas tornam-se normais dentro dessas academias. Reproduzem-se no ambiente interno das faculdades o mesmo irracionalismo burro que antep\u00f5e partido contra partido. Para as minorias, que n\u00e3o se deixam enganar pelo canto de sereias dessa turma, que sa\u00fada a Venezuela e Cuba como modelos de democracia, restam o alijamento, as amea\u00e7as, o bullying e o ass\u00e9dio psicol\u00f3gico e f\u00edsico.<\/p>\n<p style=\"text-align: justify\">\u00a0\u00a0\u00a0\u00a0\u00a0\u00a0\u00a0 \u00a0Houvesse antes uma verdadeira agita\u00e7\u00e3o cultural nesses ambientes, a hist\u00f3ria seria outra. Da forma como se encontram na atualidade, nossas universidades v\u00e3o ficar cada vez mais desprestigiadas e sucateadas. Para alguns, inclusive, essa parece ser a t\u00e1tica embutida nesses movimentos que agitam as universidades e que buscam, na verdade, a destrui\u00e7\u00e3o da institui\u00e7\u00e3o, tomada por esses grupos, como uma inven\u00e7\u00e3o da burguesia e que tem como fun\u00e7\u00e3o secreta, perpetuar o controle dos trabalhadores pelo monop\u00f3lio do saber.<\/p>\n<p style=\"text-align: justify\">\u00a0\u00a0\u00a0\u00a0\u00a0\u00a0\u00a0 \u00a0A matriz socialista de aspecto tropical, parece dominar nossas universidades p\u00fablicas. Dentro de um ambiente com esse \u00edndice de sectarismo, professores, de fato, que t\u00eam no mister de educar seu objetivo principal, s\u00e3o alijados da vida acad\u00eamica, n\u00e3o participam das discuss\u00f5es internas, levando uma vida de p\u00e1ria dentro dessas institui\u00e7\u00f5es. Incrivelmente s\u00e3o esses agitadores catedr\u00e1ticos os primeiros a desejar complementar suas gradua\u00e7\u00f5es em institui\u00e7\u00f5es estrangeiras de boa reputa\u00e7\u00e3o.<\/p>\n<p style=\"text-align: justify\">\u00a0\u00a0\u00a0\u00a0\u00a0\u00a0\u00a0 \u00a0O estrago que essa gera\u00e7\u00e3o de professores e alunos, ditos engajados, vem perpetrando contra as universidades p\u00fablicas brasileiras ainda est\u00e1 por ser descrita com min\u00facias. O fato \u00e9 que pelo desprest\u00edgio interno e externo, pelo sucateamento dessas institui\u00e7\u00f5es, sua pouca produ\u00e7\u00e3o cient\u00edfica e outros par\u00e2metros correlacionados, torna-se \u00f3bvio que esse n\u00e3o \u00e9 caminho correto a seguir. Talvez, mais importante do que seguir por um caminho acertado seja pensar melhor que rotas haveremos de tra\u00e7ar para o futuro, se o futuro for mesmo uma preocupa\u00e7\u00e3o daqueles que pensam.<\/p>\n<p style=\"text-align: justify\"><strong>A frase que foi pronunciada:<\/strong><\/p>\n<p style=\"text-align: justify\">\u201c\u00c9 porque eu odeio a classe m\u00e9dia. A classe m\u00e9dia \u00e9 um atraso de vida. A classe m\u00e9dia \u00e9 a estupidez. \u00c9 o que tem de reacion\u00e1rio, conservador, ignorante, petulante, arrogante, terrorista&#8230; A classe m\u00e9dia \u00e9 uma abomina\u00e7\u00e3o pol\u00edtica, porque ela \u00e9 fascista. Ela \u00e9 uma abomina\u00e7\u00e3o \u00e9tica porque ela \u00e9 violenta. Ela \u00e9 uma abomina\u00e7\u00e3o cognitiva porque ela \u00e9 ignorante&#8230;\u201d<\/p>\n<p style=\"text-align: justify\">Marilena Chau\u00ed<\/p>\n<figure id=\"attachment_10065\" aria-describedby=\"caption-attachment-10065\" style=\"width: 492px\" class=\"wp-caption aligncenter\"><img loading=\"lazy\" decoding=\"async\" class=\" wp-image-10065\" src=\"https:\/\/blogs.correiobraziliense.com.br\/aricunha\/wp-content\/uploads\/sites\/13\/2018\/03\/Universidade-Perfil-Chaui.jpg\" alt=\"Foto: jornaldocampus.usp.br\" width=\"492\" height=\"328\" srcset=\"https:\/\/blogs.correiobraziliense.com.br\/aricunha\/wp-content\/uploads\/sites\/13\/2018\/03\/Universidade-Perfil-Chaui.jpg 2592w, https:\/\/blogs.correiobraziliense.com.br\/aricunha\/wp-content\/uploads\/sites\/13\/2018\/03\/Universidade-Perfil-Chaui-300x200.jpg 300w, https:\/\/blogs.correiobraziliense.com.br\/aricunha\/wp-content\/uploads\/sites\/13\/2018\/03\/Universidade-Perfil-Chaui-768x512.jpg 768w, https:\/\/blogs.correiobraziliense.com.br\/aricunha\/wp-content\/uploads\/sites\/13\/2018\/03\/Universidade-Perfil-Chaui-1024x683.jpg 1024w, https:\/\/blogs.correiobraziliense.com.br\/aricunha\/wp-content\/uploads\/sites\/13\/2018\/03\/Universidade-Perfil-Chaui-350x233.jpg 350w, https:\/\/blogs.correiobraziliense.com.br\/aricunha\/wp-content\/uploads\/sites\/13\/2018\/03\/Universidade-Perfil-Chaui-1440x960.jpg 1440w, https:\/\/blogs.correiobraziliense.com.br\/aricunha\/wp-content\/uploads\/sites\/13\/2018\/03\/Universidade-Perfil-Chaui-550x367.jpg 550w, https:\/\/blogs.correiobraziliense.com.br\/aricunha\/wp-content\/uploads\/sites\/13\/2018\/03\/Universidade-Perfil-Chaui-230x153.jpg 230w\" sizes=\"auto, (max-width: 492px) 100vw, 492px\" \/><figcaption id=\"caption-attachment-10065\" class=\"wp-caption-text\">Foto: jornaldocampus.usp.br<\/figcaption><\/figure>\n<p style=\"text-align: justify\"><strong>Resposta<\/strong><\/p>\n<p style=\"text-align: justify\">Esta nuvem de desinforma\u00e7\u00e3o favorece preconceitos contra a minera\u00e7\u00e3o e suas contribui\u00e7\u00f5es ao ser humano. Exemplo mais claro dessas contribui\u00e7\u00f5es \u00e9 que as Na\u00e7\u00f5es Unidas reconhecem publicamente que a minera\u00e7\u00e3o empresarial \u00e9 decisiva para o cumprimento dos ODS \u2013 Objetivos de Desenvolvimento Sustent\u00e1vel, ainda mais em pa\u00edses como o Brasil. O setor trabalha, no momento, para aperfei\u00e7oar indicadores nesse sentido, o que ser\u00e1 fundamental para atuar em conjunto com o PNUD (Programa das Na\u00e7\u00f5es Unidas para o Desenvolvimento) na implanta\u00e7\u00e3o de programas voltados ao cumprimento dos ODS. (Leia no Blog do Ari Cunha a \u00edntegra dos esclarecimentos de Walter Alvarenga, presidente do Instituto Brasileiro de Minera\u00e7\u00e3o, sobre o t\u00edtulo publicado nesta coluna: Minera\u00e7\u00e3o: o lucro que traz preju\u00edzos irremedi\u00e1veis<\/p>\n<p style=\"text-align: justify\"><strong>HIST\u00d3RIA DE BRAS\u00cdLIA<\/strong><\/p>\n<p style=\"text-align: justify\">\u00a0\u00a0\u00a0\u00a0\u00a0\u00a0\u00a0 A fiscaliza\u00e7\u00e3o da Prefeitura precisa saber que na superquadra 304, do Iapfesp, est\u00e3o sendo levantadas constru\u00e7\u00f5es de alvenaria no canteiro de trabalho. V\u00e1rias j\u00e1 est\u00e3o prontas, e outras, em conclus\u00e3o. <strong>(Publicado em 17.10.1961)<\/strong><\/p>\n","protected":false},"excerpt":{"rendered":"<p>ARI CUNHA Visto, lido e ouvido Desde 1960 colunadoaricunha@gmail.com; com Circe Cunha e Mamfil \u00a0\u00a0\u00a0\u00a0\u00a0\u00a0\u00a0\u00a0 Com a ascens\u00e3o das esquerdas, principalmente aquelas de matiz praticista, na qual o Estado \u00e9 transformado numa grande vaca leiteira, as universidades p\u00fablicas acabaram se transmutando em filiais dessas siglas, lan\u00e7ando uns contra os outros, contaminando o ambiente. Uma vista recente, captada no interior do [&hellip;]<\/p>\n","protected":false},"author":34,"featured_media":10067,"comment_status":"open","ping_status":"open","sticky":false,"template":"","format":"standard","meta":{"footnotes":""},"categories":[23],"tags":[67],"class_list":["post-10061","post","type-post","status-publish","format-standard","has-post-thumbnail","hentry","category-integra","tag-brasilia-historiadebrasilia-aricunha-circecunha-mamfil"],"_links":{"self":[{"href":"https:\/\/blogs.correiobraziliense.com.br\/aricunha\/wp-json\/wp\/v2\/posts\/10061","targetHints":{"allow":["GET"]}}],"collection":[{"href":"https:\/\/blogs.correiobraziliense.com.br\/aricunha\/wp-json\/wp\/v2\/posts"}],"about":[{"href":"https:\/\/blogs.correiobraziliense.com.br\/aricunha\/wp-json\/wp\/v2\/types\/post"}],"author":[{"embeddable":true,"href":"https:\/\/blogs.correiobraziliense.com.br\/aricunha\/wp-json\/wp\/v2\/users\/34"}],"replies":[{"embeddable":true,"href":"https:\/\/blogs.correiobraziliense.com.br\/aricunha\/wp-json\/wp\/v2\/comments?post=10061"}],"version-history":[{"count":4,"href":"https:\/\/blogs.correiobraziliense.com.br\/aricunha\/wp-json\/wp\/v2\/posts\/10061\/revisions"}],"predecessor-version":[{"id":10068,"href":"https:\/\/blogs.correiobraziliense.com.br\/aricunha\/wp-json\/wp\/v2\/posts\/10061\/revisions\/10068"}],"wp:featuredmedia":[{"embeddable":true,"href":"https:\/\/blogs.correiobraziliense.com.br\/aricunha\/wp-json\/wp\/v2\/media\/10067"}],"wp:attachment":[{"href":"https:\/\/blogs.correiobraziliense.com.br\/aricunha\/wp-json\/wp\/v2\/media?parent=10061"}],"wp:term":[{"taxonomy":"category","embeddable":true,"href":"https:\/\/blogs.correiobraziliense.com.br\/aricunha\/wp-json\/wp\/v2\/categories?post=10061"},{"taxonomy":"post_tag","embeddable":true,"href":"https:\/\/blogs.correiobraziliense.com.br\/aricunha\/wp-json\/wp\/v2\/tags?post=10061"}],"curies":[{"name":"wp","href":"https:\/\/api.w.org\/{rel}","templated":true}]}}