{"id":10035,"date":"2018-02-28T21:00:24","date_gmt":"2018-03-01T00:00:24","guid":{"rendered":"https:\/\/blogs.correiobraziliense.com.br\/aricunha\/?p=10035"},"modified":"2018-03-01T07:14:30","modified_gmt":"2018-03-01T10:14:30","slug":"o-estado-como-empresa","status":"publish","type":"post","link":"https:\/\/blogs.correiobraziliense.com.br\/aricunha\/o-estado-como-empresa\/","title":{"rendered":"O Estado como empresa"},"content":{"rendered":"<p>ARI CUNHA<\/p>\n<p>Visto, lido e ouvido<\/p>\n<p>Desde 1960<\/p>\n<p>colunadoaricunha@gmail.com;<\/p>\n<p>com Circe Cunha e Mamfil<\/p>\n<p>&nbsp;<\/p>\n<figure id=\"attachment_10041\" aria-describedby=\"caption-attachment-10041\" style=\"width: 491px\" class=\"wp-caption alignleft\"><img loading=\"lazy\" decoding=\"async\" class=\" wp-image-10041\" src=\"https:\/\/blogs.correiobraziliense.com.br\/aricunha\/wp-content\/uploads\/sites\/13\/2018\/02\/estado_minimo.jpg\" alt=\"Charge: institutomauriciodenassau.com.br\" width=\"491\" height=\"409\" srcset=\"https:\/\/blogs.correiobraziliense.com.br\/aricunha\/wp-content\/uploads\/sites\/13\/2018\/02\/estado_minimo.jpg 400w, https:\/\/blogs.correiobraziliense.com.br\/aricunha\/wp-content\/uploads\/sites\/13\/2018\/02\/estado_minimo-300x250.jpg 300w, https:\/\/blogs.correiobraziliense.com.br\/aricunha\/wp-content\/uploads\/sites\/13\/2018\/02\/estado_minimo-350x291.jpg 350w, https:\/\/blogs.correiobraziliense.com.br\/aricunha\/wp-content\/uploads\/sites\/13\/2018\/02\/estado_minimo-230x191.jpg 230w\" sizes=\"auto, (max-width: 491px) 100vw, 491px\" \/><figcaption id=\"caption-attachment-10041\" class=\"wp-caption-text\">Charge: institutomauriciodenassau.com.br<\/figcaption><\/figure>\n<p style=\"text-align: justify\">\n<p style=\"text-align: justify\">\n<p style=\"text-align: justify\">Na vis\u00e3o do fil\u00f3sofo grego Arist\u00f3teles, o homem seria um animal pol\u00edtico por natureza. Em outras palavras, o que esse pensador parecia considerar como fundamental era o fato de que a administra\u00e7\u00e3o da sociedade e do Estado deveria ficar \u00e0 cargo daqueles cidad\u00e3os que, por sua aptid\u00e3o intelectual, acima da m\u00e9dia, favorecida ainda pelos atributos de uma raz\u00e3o esclarecida, demonstravam capacidade real e pr\u00e1tica de organizar a vida em sociedade, estabelecendo n\u00e3o apenas limites nessa conviv\u00eancia em conjunto, mas sobretudo buscando a harmonia e o equil\u00edbrio entre todos, com o prop\u00f3sito \u00fanico: o bem comum.\u00a0 Analisando sob esse ponto de vista d\u00e1 para entender a raz\u00e3o pela qual persistimos tateando, depois de cinco s\u00e9culos, em busca de uma pol\u00edtica de Estado que, ao menos, atenda \u00e0s necessidades b\u00e1sicas dos cidad\u00e3os. \u00c9 fato que a aus\u00eancia de verdadeiras lideran\u00e7as pol\u00edticas, comprometidas diretamente com os destinos e o futuro da na\u00e7\u00e3o, tem sido uma constante ao longo de toda a nossa hist\u00f3ria. Temos visto, isso sim, ao longo de todo esse tempo, l\u00edderes de fac\u00e7\u00f5es pol\u00edticas e ideol\u00f3gicas, com v\u00ednculos estreitos apenas entre si e seus grupos pol\u00edticos, distantes e indiferentes \u00e0 realidade da popula\u00e7\u00e3o.<\/p>\n<p style=\"text-align: justify\">\u00a0\u00a0\u00a0\u00a0\u00a0\u00a0\u00a0 A bem da verdade, n\u00e3o se tem nem como falar ou diferenciar esses grupos por suas matizes ideol\u00f3gicas, sendo imposs\u00edvel classificar esse ou aquele agrupamento como de \u201cesquerda\u2019 ou de \u201cdireita\u201d. Infelizmente nossa forma\u00e7\u00e3o hist\u00f3rica e pol\u00edtica, com as caracter\u00edsticas que nos s\u00e3o pr\u00f3prias, nos aproxima muito mais da defini\u00e7\u00e3o de Estado de Max Weber, na qual o Estado \u00e9 visto como uma \u201cempresa institucional de car\u00e1ter pol\u00edtico\u201d, onde o aparelho administrativo, incluindo a\u00ed as empresas nacionais, s\u00e3o controlados diretamente pelos partidos, com vistas a manuten\u00e7\u00e3o e o dom\u00ednio do poder.<\/p>\n<p style=\"text-align: justify\">\u00a0\u00a0\u00a0\u00a0\u00a0\u00a0\u00a0 Para esse intento, tudo vale, inclusive fomentar falsos antagonismos no seio da sociedade, de modo a dispersar hegemonias e enfraquecer grupos de oposi\u00e7\u00e3o. Nesse sentido a coer\u00e7\u00e3o f\u00edsica, com vistas ao cumprimento das leis, tamb\u00e9m n\u00e3o est\u00e1 descartado, seja qual for o partido com assento no poder. Por detr\u00e1s das bandeiras agitadas dos partidos, o que se desenha e se almeja \u00e9 t\u00e3o somente um Estado repleto de oportunidades materiais, capaz de tornar ainda mais poderosas, pessoas e grupos pol\u00edticos, que reunidos no af\u00e3 da riqueza f\u00e1cil, garimpada sem o esfor\u00e7o \u00e9tico do trabalho, amealham o que n\u00e3o lhes pertence. De posse dos recursos abundantes, o que os partidos pol\u00edticos passam a exercitar \u00e9 t\u00e3o somente o uso da for\u00e7a, tanto no sentido f\u00edsico como sob o aspecto da propaganda excessiva, neste caso, buscando o doutrinamento das massas &#8211; das ruas e at\u00e9 dentro das escolas.<\/p>\n<p style=\"text-align: justify\">\u00a0\u00a0\u00a0\u00a0\u00a0\u00a0\u00a0 Entre n\u00f3s, tem sido apenas na forma como exercitam o poder e a coer\u00e7\u00e3o f\u00edsica que os espectros pol\u00edticos, formados por uma esquerda e uma direita, de fundo falso, exp\u00f5em suas diferen\u00e7as fundamentais, embora, nem uma e nem outra abra m\u00e3o de agir ferozmente quando amea\u00e7ada. A duras penas a sociedade brasileira vai despertando para fatos como esses e come\u00e7a a ver que o monop\u00f3lio da pol\u00edtica n\u00e3o est\u00e1 centrado nos partidos e muito menos nas lideran\u00e7as que se apresentam como tal, mas, t\u00e3o somente na mobiliza\u00e7\u00e3o e independ\u00eancia dos cidad\u00e3os, contra a vontade hegem\u00f4nica e corporativa desses grupos que, em \u00e9pocas de elei\u00e7\u00e3o, se juntam afoitos para, atrav\u00e9s do passe livre do voto, pilharem os brasileiros.<\/p>\n<p style=\"text-align: justify\"><strong>A frase que foi pronunciada:<\/strong><\/p>\n<p style=\"text-align: justify\">\u201cNingu\u00e9m \u00e9 suficientemente competente para governar outra pessoa sem o seu consentimento\u201d.<\/p>\n<p style=\"text-align: justify\">Abraham Lincol, ex-presidente americano<\/p>\n<p style=\"text-align: justify\"><strong>Release<\/strong><\/p>\n<p style=\"text-align: justify\">Neste fim de semana, ser\u00e1 a vez da fam\u00edlia se divertir com palha\u00e7os, m\u00e1gicos, pernas de pau, malabaristas, m\u00fasica e, de quebra, um pouco de futebol. O projeto que leva o show circense &#8220;Palha\u00e7o Peteleco &#8211; A Mala V\u00e9ia Novinha&#8221; aos parques p\u00fablicos do DF come\u00e7a no domingo, na Asa Norte, no Parque Olhos D&#8217;\u00c1gua, \u00e0s 16h. Tudo de gra\u00e7a. At\u00e9 maio, o projeto vai passar pelo parque &#8220;Saburo Onoyama&#8221;, em Taguatinga Sul, e &#8220;Parque Tr\u00eas Meninas&#8221;, em Samambaia.<\/p>\n<figure id=\"attachment_10040\" aria-describedby=\"caption-attachment-10040\" style=\"width: 673px\" class=\"wp-caption aligncenter\"><img loading=\"lazy\" decoding=\"async\" class=\" wp-image-10040\" src=\"https:\/\/blogs.correiobraziliense.com.br\/aricunha\/wp-content\/uploads\/sites\/13\/2018\/02\/27654428_526060784444877_2475050822686338524_n.jpg\" alt=\"Imagem: roteirobaby.com.br\" width=\"673\" height=\"768\" srcset=\"https:\/\/blogs.correiobraziliense.com.br\/aricunha\/wp-content\/uploads\/sites\/13\/2018\/02\/27654428_526060784444877_2475050822686338524_n.jpg 841w, https:\/\/blogs.correiobraziliense.com.br\/aricunha\/wp-content\/uploads\/sites\/13\/2018\/02\/27654428_526060784444877_2475050822686338524_n-263x300.jpg 263w, https:\/\/blogs.correiobraziliense.com.br\/aricunha\/wp-content\/uploads\/sites\/13\/2018\/02\/27654428_526060784444877_2475050822686338524_n-768x877.jpg 768w, https:\/\/blogs.correiobraziliense.com.br\/aricunha\/wp-content\/uploads\/sites\/13\/2018\/02\/27654428_526060784444877_2475050822686338524_n-307x350.jpg 307w, https:\/\/blogs.correiobraziliense.com.br\/aricunha\/wp-content\/uploads\/sites\/13\/2018\/02\/27654428_526060784444877_2475050822686338524_n-550x628.jpg 550w, https:\/\/blogs.correiobraziliense.com.br\/aricunha\/wp-content\/uploads\/sites\/13\/2018\/02\/27654428_526060784444877_2475050822686338524_n-230x263.jpg 230w\" sizes=\"auto, (max-width: 673px) 100vw, 673px\" \/><figcaption id=\"caption-attachment-10040\" class=\"wp-caption-text\">Imagem: roteirobaby.com.br<\/figcaption><\/figure>\n<p style=\"text-align: justify\"><strong>Boa nova<\/strong><\/p>\n<p style=\"text-align: justify\">Dr. Sidney Klajner, presidente da Sociedade Beneficente Israelita Brasileira Albert Einstein, recebe Medalha de M\u00e9rito Oswaldo Cruz como reconhecimento pelos servi\u00e7os prestados \u00e0 sa\u00fade p\u00fablica brasileira. A solenidade foi no Pal\u00e1cio do Planalto.<\/p>\n<p style=\"text-align: justify\"><strong>Haja seguran\u00e7a<\/strong><\/p>\n<p style=\"text-align: justify\">Divulgadas pela ag\u00eancia Reuters as imagens das c\u00f3pias dos passaportes brasileiros emitidos para o ent\u00e3o ditador da Coreia do Norte, Kim Jong-il, e seu filho \u2013 o atual ditador, Kim Jong-un. O de Kim Jong-un foi expedido pela Embaixada do Brasil em Praga, com o nome de \u201cJosef Pwag\u201d, nascido em S\u00e3o Paulo em 1\u00ba de fevereiro de 1983.<\/p>\n<figure id=\"attachment_10039\" aria-describedby=\"caption-attachment-10039\" style=\"width: 1600px\" class=\"wp-caption aligncenter\"><img loading=\"lazy\" decoding=\"async\" class=\"size-full wp-image-10039\" src=\"https:\/\/blogs.correiobraziliense.com.br\/aricunha\/wp-content\/uploads\/sites\/13\/2018\/02\/passaportes-kim.jpg\" alt=\"Fotos: g1.globo.com (Handout via Reuters)\" width=\"1600\" height=\"1002\" srcset=\"https:\/\/blogs.correiobraziliense.com.br\/aricunha\/wp-content\/uploads\/sites\/13\/2018\/02\/passaportes-kim.jpg 1600w, https:\/\/blogs.correiobraziliense.com.br\/aricunha\/wp-content\/uploads\/sites\/13\/2018\/02\/passaportes-kim-300x188.jpg 300w, https:\/\/blogs.correiobraziliense.com.br\/aricunha\/wp-content\/uploads\/sites\/13\/2018\/02\/passaportes-kim-768x481.jpg 768w, https:\/\/blogs.correiobraziliense.com.br\/aricunha\/wp-content\/uploads\/sites\/13\/2018\/02\/passaportes-kim-1024x641.jpg 1024w, https:\/\/blogs.correiobraziliense.com.br\/aricunha\/wp-content\/uploads\/sites\/13\/2018\/02\/passaportes-kim-350x219.jpg 350w, https:\/\/blogs.correiobraziliense.com.br\/aricunha\/wp-content\/uploads\/sites\/13\/2018\/02\/passaportes-kim-1440x902.jpg 1440w, https:\/\/blogs.correiobraziliense.com.br\/aricunha\/wp-content\/uploads\/sites\/13\/2018\/02\/passaportes-kim-550x344.jpg 550w, https:\/\/blogs.correiobraziliense.com.br\/aricunha\/wp-content\/uploads\/sites\/13\/2018\/02\/passaportes-kim-230x144.jpg 230w\" sizes=\"auto, (max-width: 1600px) 100vw, 1600px\" \/><figcaption id=\"caption-attachment-10039\" class=\"wp-caption-text\">Fotos: g1.globo.com (Handout via Reuters)<\/figcaption><\/figure>\n<p style=\"text-align: justify\"><strong>HIST\u00d3RIA DE BRAS\u00cdLIA<\/strong><\/p>\n<p style=\"text-align: justify\">Assim \u00e9 o parlamentarismo. Todos falam contra, mas todos votam a favor. <strong>(Publicado em 14.10.1961)<\/strong><\/p>\n","protected":false},"excerpt":{"rendered":"<p>ARI CUNHA Visto, lido e ouvido Desde 1960 colunadoaricunha@gmail.com; com Circe Cunha e Mamfil &nbsp; Na vis\u00e3o do fil\u00f3sofo grego Arist\u00f3teles, o homem seria um animal pol\u00edtico por natureza. Em outras palavras, o que esse pensador parecia considerar como fundamental era o fato de que a administra\u00e7\u00e3o da sociedade e do Estado deveria ficar \u00e0 cargo daqueles cidad\u00e3os que, por [&hellip;]<\/p>\n","protected":false},"author":34,"featured_media":10041,"comment_status":"open","ping_status":"open","sticky":false,"template":"","format":"standard","meta":{"footnotes":""},"categories":[23],"tags":[67],"class_list":["post-10035","post","type-post","status-publish","format-standard","has-post-thumbnail","hentry","category-integra","tag-brasilia-historiadebrasilia-aricunha-circecunha-mamfil"],"_links":{"self":[{"href":"https:\/\/blogs.correiobraziliense.com.br\/aricunha\/wp-json\/wp\/v2\/posts\/10035","targetHints":{"allow":["GET"]}}],"collection":[{"href":"https:\/\/blogs.correiobraziliense.com.br\/aricunha\/wp-json\/wp\/v2\/posts"}],"about":[{"href":"https:\/\/blogs.correiobraziliense.com.br\/aricunha\/wp-json\/wp\/v2\/types\/post"}],"author":[{"embeddable":true,"href":"https:\/\/blogs.correiobraziliense.com.br\/aricunha\/wp-json\/wp\/v2\/users\/34"}],"replies":[{"embeddable":true,"href":"https:\/\/blogs.correiobraziliense.com.br\/aricunha\/wp-json\/wp\/v2\/comments?post=10035"}],"version-history":[{"count":5,"href":"https:\/\/blogs.correiobraziliense.com.br\/aricunha\/wp-json\/wp\/v2\/posts\/10035\/revisions"}],"predecessor-version":[{"id":10044,"href":"https:\/\/blogs.correiobraziliense.com.br\/aricunha\/wp-json\/wp\/v2\/posts\/10035\/revisions\/10044"}],"wp:featuredmedia":[{"embeddable":true,"href":"https:\/\/blogs.correiobraziliense.com.br\/aricunha\/wp-json\/wp\/v2\/media\/10041"}],"wp:attachment":[{"href":"https:\/\/blogs.correiobraziliense.com.br\/aricunha\/wp-json\/wp\/v2\/media?parent=10035"}],"wp:term":[{"taxonomy":"category","embeddable":true,"href":"https:\/\/blogs.correiobraziliense.com.br\/aricunha\/wp-json\/wp\/v2\/categories?post=10035"},{"taxonomy":"post_tag","embeddable":true,"href":"https:\/\/blogs.correiobraziliense.com.br\/aricunha\/wp-json\/wp\/v2\/tags?post=10035"}],"curies":[{"name":"wp","href":"https:\/\/api.w.org\/{rel}","templated":true}]}}