{"id":10020,"date":"2018-02-27T21:00:44","date_gmt":"2018-02-28T00:00:44","guid":{"rendered":"https:\/\/blogs.correiobraziliense.com.br\/aricunha\/?p=10020"},"modified":"2018-02-28T13:52:43","modified_gmt":"2018-02-28T16:52:43","slug":"mineracao-o-lucro-que-traz-prejuizos-irremediaveis","status":"publish","type":"post","link":"https:\/\/blogs.correiobraziliense.com.br\/aricunha\/mineracao-o-lucro-que-traz-prejuizos-irremediaveis\/","title":{"rendered":"Minera\u00e7\u00e3o: o lucro que traz preju\u00edzos irremedi\u00e1veis"},"content":{"rendered":"<p style=\"text-align: justify\">ARI CUNHA<\/p>\n<p style=\"text-align: justify\">Visto, lido e ouvido<\/p>\n<p style=\"text-align: justify\">Desde 1960<\/p>\n<p style=\"text-align: justify\">colunadoaricunha@gmail.com;<\/p>\n<p style=\"text-align: justify\">com Circe Cunha e Mamfil<\/p>\n<figure id=\"attachment_10024\" aria-describedby=\"caption-attachment-10024\" style=\"width: 655px\" class=\"wp-caption aligncenter\"><img loading=\"lazy\" decoding=\"async\" class=\"size-full wp-image-10024\" src=\"https:\/\/blogs.correiobraziliense.com.br\/aricunha\/wp-content\/uploads\/sites\/13\/2018\/02\/Grafite.jpg\" alt=\"Grafite: Os G\u00eameos\" width=\"655\" height=\"655\" srcset=\"https:\/\/blogs.correiobraziliense.com.br\/aricunha\/wp-content\/uploads\/sites\/13\/2018\/02\/Grafite.jpg 655w, https:\/\/blogs.correiobraziliense.com.br\/aricunha\/wp-content\/uploads\/sites\/13\/2018\/02\/Grafite-150x150.jpg 150w, https:\/\/blogs.correiobraziliense.com.br\/aricunha\/wp-content\/uploads\/sites\/13\/2018\/02\/Grafite-300x300.jpg 300w, https:\/\/blogs.correiobraziliense.com.br\/aricunha\/wp-content\/uploads\/sites\/13\/2018\/02\/Grafite-350x350.jpg 350w, https:\/\/blogs.correiobraziliense.com.br\/aricunha\/wp-content\/uploads\/sites\/13\/2018\/02\/Grafite-550x550.jpg 550w, https:\/\/blogs.correiobraziliense.com.br\/aricunha\/wp-content\/uploads\/sites\/13\/2018\/02\/Grafite-230x230.jpg 230w\" sizes=\"auto, (max-width: 655px) 100vw, 655px\" \/><figcaption id=\"caption-attachment-10024\" class=\"wp-caption-text\">Grafite: Os G\u00eameos<\/figcaption><\/figure>\n<p style=\"text-align: justify\">\u00a0 \u00a0 \u00a0 Desde que passou a ser explorado pelo colonizador europeu no s\u00e9culo XVI, o Brasil vem tendo suas terras brutalmente revoltas numa gan\u00e2ncia insana e desenfreada em busca de minerais e dos grandes lucros que eles proporcionam para ind\u00fastrias extrativas, na sua grande maioria, ainda pertencentes a conglomerados multinacionais poderos\u00edssimos. Tomando apenas essas caracter\u00edsticas, \u00e9 poss\u00edvel compreender porque esse tipo de atividade econ\u00f4mica, passados tantos s\u00e9culos, \u00e9 ainda t\u00e3o repleto de pol\u00eamicas de toda a ordem. Estudo levado a cabo pelo Centro de Tecnologia Mineral (CETEM), do Minist\u00e9rio da Ci\u00eancia e Tecnologia, realizado nos \u00faltimos anos em mais de 100 territ\u00f3rios, em 22 estados do pa\u00eds submetidos a atividade intensa de minera\u00e7\u00e3o, revelaram que esse tipo de explora\u00e7\u00e3o, al\u00e9m de extremamente impactante para essas regi\u00f5es, deixa um passivo de consequ\u00eancias ambientais e socioecon\u00f4micas de dific\u00edlima repara\u00e7\u00e3o.<\/p>\n<p style=\"text-align: justify\">\u00a0 \u00a0 \u00a0 Primeiro foi o ouro, explorado \u00e0 exaust\u00e3o at\u00e9 os dias de hoje. Seguiram-se a extra\u00e7\u00e3o do ferro, da bauxita, do mangan\u00eas e, mais recentemente, do ni\u00f3bio, mineral utilizado para a fabrica\u00e7\u00e3o de equipamentos de tecnologia de ponta como os foguetes, na qual o Brasil \u00e9 o maior produtor mundial com mais de 38 toneladas por ano.<\/p>\n<p style=\"text-align: justify\">\u00a0 \u00a0 \u00a0 \u00a0 Para as empresas e ind\u00fastrias envolvidas neste trabalho extrativo e de processamento dos min\u00e9rios, os lucros s\u00e3o fartos, os incentivos s\u00e3o generosos e a legisla\u00e7\u00e3o, regulando todo o processo, \u00e9 leniente, permissiva e branda. Sempre foi assim.<\/p>\n<p style=\"text-align: justify\">\u00a0 \u00a0 \u00a0 \u00a0 \u00a0Para a sa\u00fade dos trabalhadores e das popula\u00e7\u00f5es residentes nessas \u00e1reas, para a fauna e a flora do entorno, al\u00e9m do ar e a \u00e1gua, trata-se de um pesadelo que vem se estendendo por centenas de anos, sem uma solu\u00e7\u00e3o razo\u00e1vel \u00e0 vista. O modelo exportador, focado apenas na gera\u00e7\u00e3o de divisas a qualquer custo, ainda seguido por nosso pa\u00eds, continua sendo o maior causador desse flagelo.<\/p>\n<p style=\"text-align: justify\">\u00a0 \u00a0 \u00a0 \u00a0 \u00a0 A contamina\u00e7\u00e3o e a destrui\u00e7\u00e3o do meio ambiente t\u00eam a\u00e7\u00e3o nociva sobre a sa\u00fade dos brasileiros. Incrivelmente, n\u00e3o se tem ainda uma medida exata dos impactos socioecon\u00f4micos e ambientais decorrentes dessas atividades. O que as pessoas tomam conhecimento chega sobretudo atrav\u00e9s da imprensa.<\/p>\n<p style=\"text-align: justify\">\u00a0 \u00a0 \u00a0 \u00a0 \u00a0C\u00e2ncer, silicose, envenenamentos por metais pesados, pneumonias e outras enfermidades s\u00e9rias s\u00e3o comuns nas \u00e1reas de minera\u00e7\u00e3o. A assist\u00eancia \u00e0 essas comunidades \u00e9 feita como o \u00faltimo recurso, j\u00e1 com o trabalhador seriamente enfermo e sem muitas chances de cura.<\/p>\n<p style=\"text-align: justify\">\u00a0 \u00a0 \u00a0 \u00a0 O mesmo \u00e9 feito com rela\u00e7\u00e3o a contamina\u00e7\u00e3o do meio ambiente: as provid\u00eancias v\u00eam depois, quase sempre muito tarde. Casos recentes e de grandes impactos d\u00e3o uma mostra desse Brasil primitivo e injusto que as autoridades fazem quest\u00e3o de fechar os olhos.<\/p>\n<p style=\"text-align: justify\">\u00a0 \u00a0 \u00a0 \u00a0 Exemplo inquestion\u00e1vel foi o rompimento da barragem de Fund\u00e3o em Mariana. Trata-se de um dos maiores crimes ambientais do planeta, que carreou 50 milh\u00f5es de metros c\u00fabico de lama t\u00f3xica do interior do pais at\u00e9 o litoral, afetando toda a importante bacia do Rio Doce e as popula\u00e7\u00f5es ao redor. Essa cat\u00e1strofe sem precedentes ainda est\u00e1 por ser resolvida. A puni\u00e7\u00e3o que deveria ser exemplar n\u00e3o foi sentida pelos respons\u00e1veis.<\/p>\n<p style=\"text-align: justify\">\u00a0 \u00a0 \u00a0 \u00a0 \u00a0A esses flagelos seguem-se tantos outros, como o caso da contamina\u00e7\u00e3o por ars\u00eanio em Paracatu e agora pelo vazamento na mineradora norueguesa Hydro Alunorte, que contaminou com rejeitos t\u00f3xicos o munic\u00edpio de Barcarena no Par\u00e1. S\u00e3o tantos os acidentes neste tipo de atividade, e por tanto tempo, que a cada novo acontecimento, os antigos casos v\u00e3o se perdendo de vista na poeira do esquecimento, tal como as muitas cruzes que assinalam as sepulturas dos in\u00fameros trabalhadores e moradores dessas \u00e1reas exploradas \u00e0 exaust\u00e3o, sob a ben\u00e7\u00e3o indiferente das autoridades.<\/p>\n<p style=\"text-align: justify\"><strong>A frase que foi pronunciada:<\/strong><\/p>\n<p style=\"text-align: justify\">\u201cQuantas toneladas exportamos\/ De ferro?\/ Quantas l\u00e1grimas disfar\u00e7amos\/ Sem berro?\u201d<\/p>\n<p style=\"text-align: justify\">Carlos Drummond de Andrade sobre o Rio Doce<\/p>\n<p style=\"text-align: justify\"><strong>Aten\u00e7\u00e3o professores<\/strong><\/p>\n<p style=\"text-align: justify\">Na capital do concurso p\u00fablico, toda biblioteca \u00e9 bem-vinda. Em homenagem a Semana do Bibliotec\u00e1rio, o projeto Bibliotecas de Portas Abertas promover\u00e1 visitas guiadas come\u00e7ando na segunda-feira, dia 12 de mar\u00e7o, \u00e0s 13h30, na Biblioteca Pedro Aleixo, na C\u00e2mara dos Deputados. Veja a programa\u00e7\u00e3o completa e o link com a mat\u00e9ria produzida pelo Senado no Blog do Ari Cunha.<\/p>\n<p style=\"text-align: justify\">Programa\u00e7\u00e3o: http:\/\/www.senado.leg.br\/senado\/hotsites\/Transformando%20Bibliotecas\/VersaoMobile\/biblio_portas_abertas.htm<\/p>\n<figure id=\"attachment_10028\" aria-describedby=\"caption-attachment-10028\" style=\"width: 760px\" class=\"wp-caption aligncenter\"><img loading=\"lazy\" decoding=\"async\" class=\"size-full wp-image-10028\" src=\"https:\/\/blogs.correiobraziliense.com.br\/aricunha\/wp-content\/uploads\/sites\/13\/2018\/02\/Programa\u00e7\u00e3o.jpg\" alt=\"Programa\u00e7\u00e3o: http:\/\/www.senado.leg.br\/senado\/hotsites\/Transformando%20Bibliotecas\/VersaoMobile\/biblio_portas_abertas.htm\" width=\"760\" height=\"1178\" srcset=\"https:\/\/blogs.correiobraziliense.com.br\/aricunha\/wp-content\/uploads\/sites\/13\/2018\/02\/Programa\u00e7\u00e3o.jpg 760w, https:\/\/blogs.correiobraziliense.com.br\/aricunha\/wp-content\/uploads\/sites\/13\/2018\/02\/Programa\u00e7\u00e3o-194x300.jpg 194w, https:\/\/blogs.correiobraziliense.com.br\/aricunha\/wp-content\/uploads\/sites\/13\/2018\/02\/Programa\u00e7\u00e3o-661x1024.jpg 661w, https:\/\/blogs.correiobraziliense.com.br\/aricunha\/wp-content\/uploads\/sites\/13\/2018\/02\/Programa\u00e7\u00e3o-226x350.jpg 226w, https:\/\/blogs.correiobraziliense.com.br\/aricunha\/wp-content\/uploads\/sites\/13\/2018\/02\/Programa\u00e7\u00e3o-550x853.jpg 550w, https:\/\/blogs.correiobraziliense.com.br\/aricunha\/wp-content\/uploads\/sites\/13\/2018\/02\/Programa\u00e7\u00e3o-230x357.jpg 230w\" sizes=\"auto, (max-width: 760px) 100vw, 760px\" \/><figcaption id=\"caption-attachment-10028\" class=\"wp-caption-text\">Programa\u00e7\u00e3o: http:\/\/www.senado.leg.br\/senado\/hotsites\/Transformando%20Bibliotecas\/VersaoMobile\/biblio_portas_abertas.htm<\/figcaption><\/figure>\n<p style=\"text-align: justify\"><strong>HIST\u00d3RIA DE BRAS\u00cdLIA<\/strong><\/p>\n<p style=\"text-align: justify\">Um outro deputado, interviu, e sustou a ideia. Esta ideia, ent\u00e3o, foi negociada. Se for nomeado o presidente do Banco do Nordeste, o Superintendente da SPVEA e outros apadrinhados pol\u00edticos, o \u201cPremier\u201d ter\u00e1, ent\u00e3o, o voto de censura suspenso. Caso contr\u00e1rio, voto de censura. <strong>(Publicado em 14.10.1961)<\/strong><\/p>\n<p>&nbsp;<\/p>\n","protected":false},"excerpt":{"rendered":"<p>ARI CUNHA Visto, lido e ouvido Desde 1960 colunadoaricunha@gmail.com; com Circe Cunha e Mamfil \u00a0 \u00a0 \u00a0 Desde que passou a ser explorado pelo colonizador europeu no s\u00e9culo XVI, o Brasil vem tendo suas terras brutalmente revoltas numa gan\u00e2ncia insana e desenfreada em busca de minerais e dos grandes lucros que eles proporcionam para ind\u00fastrias extrativas, na sua grande maioria, [&hellip;]<\/p>\n","protected":false},"author":34,"featured_media":10024,"comment_status":"open","ping_status":"open","sticky":false,"template":"","format":"standard","meta":{"footnotes":""},"categories":[23],"tags":[67],"class_list":["post-10020","post","type-post","status-publish","format-standard","has-post-thumbnail","hentry","category-integra","tag-brasilia-historiadebrasilia-aricunha-circecunha-mamfil"],"_links":{"self":[{"href":"https:\/\/blogs.correiobraziliense.com.br\/aricunha\/wp-json\/wp\/v2\/posts\/10020","targetHints":{"allow":["GET"]}}],"collection":[{"href":"https:\/\/blogs.correiobraziliense.com.br\/aricunha\/wp-json\/wp\/v2\/posts"}],"about":[{"href":"https:\/\/blogs.correiobraziliense.com.br\/aricunha\/wp-json\/wp\/v2\/types\/post"}],"author":[{"embeddable":true,"href":"https:\/\/blogs.correiobraziliense.com.br\/aricunha\/wp-json\/wp\/v2\/users\/34"}],"replies":[{"embeddable":true,"href":"https:\/\/blogs.correiobraziliense.com.br\/aricunha\/wp-json\/wp\/v2\/comments?post=10020"}],"version-history":[{"count":11,"href":"https:\/\/blogs.correiobraziliense.com.br\/aricunha\/wp-json\/wp\/v2\/posts\/10020\/revisions"}],"predecessor-version":[{"id":10034,"href":"https:\/\/blogs.correiobraziliense.com.br\/aricunha\/wp-json\/wp\/v2\/posts\/10020\/revisions\/10034"}],"wp:featuredmedia":[{"embeddable":true,"href":"https:\/\/blogs.correiobraziliense.com.br\/aricunha\/wp-json\/wp\/v2\/media\/10024"}],"wp:attachment":[{"href":"https:\/\/blogs.correiobraziliense.com.br\/aricunha\/wp-json\/wp\/v2\/media?parent=10020"}],"wp:term":[{"taxonomy":"category","embeddable":true,"href":"https:\/\/blogs.correiobraziliense.com.br\/aricunha\/wp-json\/wp\/v2\/categories?post=10020"},{"taxonomy":"post_tag","embeddable":true,"href":"https:\/\/blogs.correiobraziliense.com.br\/aricunha\/wp-json\/wp\/v2\/tags?post=10020"}],"curies":[{"name":"wp","href":"https:\/\/api.w.org\/{rel}","templated":true}]}}