{"id":98,"date":"2019-06-12T20:00:59","date_gmt":"2019-06-12T23:00:59","guid":{"rendered":"https:\/\/blogs.correiobraziliense.com.br\/4elementos\/?p=98"},"modified":"2019-06-12T20:00:59","modified_gmt":"2019-06-12T23:00:59","slug":"hospitais-e-clinicas-do-centro-oeste-investem-em-energia-solar-fotovoltaica","status":"publish","type":"post","link":"https:\/\/blogs.correiobraziliense.com.br\/4elementos\/2019\/06\/12\/hospitais-e-clinicas-do-centro-oeste-investem-em-energia-solar-fotovoltaica\/","title":{"rendered":"Hospitais e cl\u00ednicas do Centro-Oeste investem em energia solar fotovoltaica"},"content":{"rendered":"<p><span style=\"font-weight: 400\">A gera\u00e7\u00e3o distribu\u00edda de energia solar fotovoltaica est\u00e1 chegando com for\u00e7a \u00e0s empresas do Centro-Oeste, uma das regi\u00f5es mais favorecidas pela insola\u00e7\u00e3o no pa\u00eds, segundo a Associa\u00e7\u00e3o Brasileira de Energia Solar Fotovoltaica (Absolar). Entre os segmentos pioneiros na ado\u00e7\u00e3o da tecnologia est\u00e1 o de sa\u00fade \u2014 hospitais, laborat\u00f3rios, cl\u00ednicas m\u00e9dicas, odontol\u00f3gicas e veterin\u00e1rias, que usam muita eletricidade em m\u00e1quinas e equipamentos.<\/span><\/p>\n<p><span style=\"font-weight: 400\">\u201cInauguramos em maio e ainda temos poucos pacientes, mas estou satisfeito com o investimento, que vai reduzir o nosso custo fixo\u201d, afirma Ricardo Campos Cruvinel Filho, diretor cl\u00ednico e s\u00f3cio do Prover Hospital Dia, de Rio Verde (GO). A institui\u00e7\u00e3o adquiriu um sistema fotovoltaico de 158 pain\u00e9is com pot\u00eancia de 42,66 kWp (quilowatts-pico), projetado e executado pela Engie, maior empresa privada de energia e solu\u00e7\u00f5es do Brasil. \u201cJ\u00e1 estamos economizando em torno de 20% no valor da conta\u201d, constata o m\u00e9dico.<\/span><\/p>\n<p><span style=\"font-weight: 400\">O Prover atende as especialidades de otorrinolaringologia, dermatologia, mastologia, cirurgia do aparelho digestivo e cirurgia vascular. Seu principal consumo de energia \u00e9 com as duas autoclaves do centro cir\u00fargico e com o equipamento de exames a raio laser. O projeto prev\u00ea uma economia aproximada de R$ 42,2 mil para o hospital no primeiro ano e retorno do investimento de R$ 214 mil em um prazo estimado de quatro anos.<\/span><\/p>\n<figure id=\"attachment_99\" aria-describedby=\"caption-attachment-99\" style=\"width: 687px\" class=\"wp-caption aligncenter\"><img loading=\"lazy\" decoding=\"async\" class=\"wp-image-99 size-full\" src=\"https:\/\/blogs.correiobraziliense.com.br\/4elementos\/wp-content\/uploads\/sites\/53\/2019\/06\/12.06-bx-Acervo-ENGIE-foto-de-Victor-Alencar-coordenador-comercial-ENGIE.jpg\" alt=\"\" width=\"687\" height=\"514\" srcset=\"https:\/\/blogs.correiobraziliense.com.br\/4elementos\/wp-content\/uploads\/sites\/53\/2019\/06\/12.06-bx-Acervo-ENGIE-foto-de-Victor-Alencar-coordenador-comercial-ENGIE.jpg 687w, https:\/\/blogs.correiobraziliense.com.br\/4elementos\/wp-content\/uploads\/sites\/53\/2019\/06\/12.06-bx-Acervo-ENGIE-foto-de-Victor-Alencar-coordenador-comercial-ENGIE-300x224.jpg 300w, https:\/\/blogs.correiobraziliense.com.br\/4elementos\/wp-content\/uploads\/sites\/53\/2019\/06\/12.06-bx-Acervo-ENGIE-foto-de-Victor-Alencar-coordenador-comercial-ENGIE-550x411.jpg 550w, https:\/\/blogs.correiobraziliense.com.br\/4elementos\/wp-content\/uploads\/sites\/53\/2019\/06\/12.06-bx-Acervo-ENGIE-foto-de-Victor-Alencar-coordenador-comercial-ENGIE-230x172.jpg 230w\" sizes=\"auto, (max-width: 687px) 100vw, 687px\" \/><figcaption id=\"caption-attachment-99\" class=\"wp-caption-text\"><span style=\"font-weight: 400\">Prover adquiriu sistema fotovoltaico de 158 pain\u00e9is \/\/\u00a0<\/span>Foto: Victor Alencar\/Acervo Engie<\/figcaption><\/figure>\n<h3><\/h3>\n<h3 style=\"text-align: center\"><strong>Retorno<\/strong><\/h3>\n<p><span style=\"font-weight: 400\">Em Goi\u00e2nia, a Engie instalou, no in\u00edcio de 2018, um sistema fotovoltaico com 39,22 kWp de pot\u00eancia para a Cl\u00ednica de Anestesia, que congrega cem profissionais. Os 148 pain\u00e9is fotovoltaicos instalados no telhado podem atender toda a demanda da sede administrativa, gerando 58,9 mil kWh\/ano e uma economia mensal aproximada de R$ 3 mil. Os R$ 313,9 mil investidos no projeto, que contou tamb\u00e9m com melhorias de infraestrutura de rede el\u00e9trica, t\u00eam prazo de retorno estimado entre cinco e seis anos.<\/span><\/p>\n<p><span style=\"font-weight: 400\">\u201cAtuamos em todo o Centro-Oeste, com equipe pr\u00f3pria nas principais cidades e representantes qualificados nas demais\u201d, diz o gerente regional para gera\u00e7\u00e3o solar distribu\u00edda da Engie, Charles Bispo. Ele informa que a maioria dos clientes s\u00e3o dos setores agroindustrial, sa\u00fade (cl\u00ednicas hospitais), com\u00e9rcio (padarias, restaurantes e lojas), atacado e supermercadistas, condom\u00ednios e resid\u00eancias.<\/span><\/p>\n<p><span style=\"font-weight: 400\">Diferentemente das regi\u00f5es Sudeste e Sul, as cl\u00ednicas e hospitais do Centro-Oeste s\u00e3o favorecidas pela arquitetura, pois todas possuem o perfil de constru\u00e7\u00e3o horizontal e de pr\u00e9dios baixos. \u201cIsso aumenta a \u00e1rea de instala\u00e7\u00e3o do sistema fotovoltaico e deixa o projeto muito mais aderente \u00e0 solu\u00e7\u00e3o solar\u201d, explica Bispo. \u201cAl\u00e9m disso, quase todos os clientes possuem um grupo tarif\u00e1rio atraente para a solu\u00e7\u00e3o fotovoltaica e n\u00e3o se v\u00ea crise financeira no setor\u201d.<\/span><\/p>\n<h3 style=\"text-align: center\"><strong>Expans\u00e3o<\/strong><\/h3>\n<p><span style=\"font-weight: 400\">Este ano o Brasil vai dar um salto de 44% na capacidade instalada de gera\u00e7\u00e3o de energia solar fotovoltaica, atingindo a marca de 3,3 Gigawatts (GW), projeta a Absolar. Boa parte desse crescimento ser\u00e1 puxada pela gera\u00e7\u00e3o distribu\u00edda. O segmento deve adicionar 628,5 Megawatts (MW) ao sistema el\u00e9trico nacional, um avan\u00e7o de 125% em rela\u00e7\u00e3o a 2018.<\/span><\/p>\n<p><span style=\"font-weight: 400\">Com mais de 2,3 mil instala\u00e7\u00f5es realizadas no Brasil, a Engie \u00e9 uma das principais fornecedoras de sistemas fotovoltaicos, trabalhando com parceiros de qualidade reconhecida. Em 2019 a empresa planeja dobrar a participa\u00e7\u00e3o no mercado de gera\u00e7\u00e3o distribu\u00edda.<\/span><\/p>\n<p>&nbsp;<\/p>\n","protected":false},"excerpt":{"rendered":"<p>A gera\u00e7\u00e3o distribu\u00edda de energia solar fotovoltaica est\u00e1 chegando com for\u00e7a \u00e0s empresas do Centro-Oeste, uma das regi\u00f5es mais favorecidas pela insola\u00e7\u00e3o no pa\u00eds, segundo a Associa\u00e7\u00e3o Brasileira de Energia Solar Fotovoltaica (Absolar). Entre os segmentos pioneiros na ado\u00e7\u00e3o da tecnologia est\u00e1 o de sa\u00fade \u2014 hospitais, laborat\u00f3rios, cl\u00ednicas m\u00e9dicas, odontol\u00f3gicas e veterin\u00e1rias, que usam muita eletricidade em m\u00e1quinas e [&hellip;]<\/p>\n","protected":false},"author":114,"featured_media":0,"comment_status":"open","ping_status":"open","sticky":false,"template":"","format":"standard","meta":{"footnotes":""},"categories":[22,2],"tags":[24,23,26,25,5],"class_list":["post-98","post","type-post","status-publish","format-standard","hentry","category-energia-solar","category-sustentabilidade","tag-energia-limpa","tag-energia-solar","tag-engie","tag-prover","tag-sustentabilidade"],"_links":{"self":[{"href":"https:\/\/blogs.correiobraziliense.com.br\/4elementos\/wp-json\/wp\/v2\/posts\/98","targetHints":{"allow":["GET"]}}],"collection":[{"href":"https:\/\/blogs.correiobraziliense.com.br\/4elementos\/wp-json\/wp\/v2\/posts"}],"about":[{"href":"https:\/\/blogs.correiobraziliense.com.br\/4elementos\/wp-json\/wp\/v2\/types\/post"}],"author":[{"embeddable":true,"href":"https:\/\/blogs.correiobraziliense.com.br\/4elementos\/wp-json\/wp\/v2\/users\/114"}],"replies":[{"embeddable":true,"href":"https:\/\/blogs.correiobraziliense.com.br\/4elementos\/wp-json\/wp\/v2\/comments?post=98"}],"version-history":[{"count":4,"href":"https:\/\/blogs.correiobraziliense.com.br\/4elementos\/wp-json\/wp\/v2\/posts\/98\/revisions"}],"predecessor-version":[{"id":103,"href":"https:\/\/blogs.correiobraziliense.com.br\/4elementos\/wp-json\/wp\/v2\/posts\/98\/revisions\/103"}],"wp:attachment":[{"href":"https:\/\/blogs.correiobraziliense.com.br\/4elementos\/wp-json\/wp\/v2\/media?parent=98"}],"wp:term":[{"taxonomy":"category","embeddable":true,"href":"https:\/\/blogs.correiobraziliense.com.br\/4elementos\/wp-json\/wp\/v2\/categories?post=98"},{"taxonomy":"post_tag","embeddable":true,"href":"https:\/\/blogs.correiobraziliense.com.br\/4elementos\/wp-json\/wp\/v2\/tags?post=98"}],"curies":[{"name":"wp","href":"https:\/\/api.w.org\/{rel}","templated":true}]}}