{"id":977,"date":"2020-05-20T16:02:42","date_gmt":"2020-05-20T19:02:42","guid":{"rendered":"http:\/\/blogs.correiobraziliense.com.br\/4elementos\/?p=977"},"modified":"2020-05-20T16:02:42","modified_gmt":"2020-05-20T19:02:42","slug":"mobilizacao-funciona-e-pl-2633-nao-entra-na-pauta-de-hoje","status":"publish","type":"post","link":"https:\/\/blogs.correiobraziliense.com.br\/4elementos\/2020\/05\/20\/mobilizacao-funciona-e-pl-2633-nao-entra-na-pauta-de-hoje\/","title":{"rendered":"Mobiliza\u00e7\u00e3o funciona e PL 2633 n\u00e3o entra na pauta de hoje"},"content":{"rendered":"<p>O PL 2633 n\u00e3o entrou em vota\u00e7\u00e3o nesta quarta-feira (20\/5), como estava previsto. O adiamento ocorre ap\u00f3s mais uma semana de intensa mobiliza\u00e7\u00e3o social no pa\u00eds e press\u00e3o de mercados internacionais e membros do parlamento europeu, que demonstraram suas preocupa\u00e7\u00f5es com rela\u00e7\u00e3o \u00e0 aprova\u00e7\u00e3o da proposta.<\/p>\n<p>Entretanto, a retirada de pauta da sess\u00e3o de hoje do PL 2633 n\u00e3o configura uma vit\u00f3ria, alertam os especialistas. As informa\u00e7\u00f5es s\u00e3o que o PL deve entrar na agenda de vota\u00e7\u00e3o na semana que vem.<\/p>\n<p>\u201cN\u00f3s vamos continuar atentos e pressionando, para garantir que a sociedade brasileira seja respeitada. Os deputados eleitos pelo povo devem estar dedicados a enfrentar a triste crise sanit\u00e1ria que vivemos e n\u00e3o se valendo da menor participa\u00e7\u00e3o e debate no rito legislativo para aprovar medidas que v\u00e3o beneficiar criminosos\u201d, declara Luiza Lima, da campanha de Pol\u00edticas P\u00fablicas do Greenpeace.<\/p>\n<p>\u201cOs deputados sabem que n\u00e3o h\u00e1 acordo na sociedade com a grilagem. E n\u00f3s sabemos que eles n\u00e3o se deram por vencidos. A bancada ruralista e o governo Bolsonaro seguem convictos que, em meio a pandemia, \u00e9 hora de aumentar desmatamento e grilagem\u201d, acrescenta Luiza.<\/p>\n<h2><strong>Relator do PL 2633 diz que governo quer flexibilizar ainda mais as regras da proposta<\/strong><\/h2>\n<p>O deputado Marcelo Ramos (PL-AM), relator do PL 2633, disse que construiu um acordo com v\u00e1rios segmentos da sociedade para votar a proposta hoje. Por\u00e9m o projeto foi retirado de pauta. Segundo o parlamentar, o governo quer flexibilizar as regras e ele n\u00e3o aceitou faz\u00ea-lo, por isso a proposta n\u00e3o foi adiante.<\/p>\n<p>&#8220;Alguns setores do governo desejam um projeto mais flex\u00edvel e com limites maiores. N\u00e3o tenho como avalizar isso, raz\u00e3o pela qual n\u00e3o aceitarei mudan\u00e7a no meu relat\u00f3rio porque tenho compromisso com a garantia de titula\u00e7\u00e3o, cr\u00e9dito e ades\u00e3o a programas governamentais aos pequenos produtores e agricultores familiares, com prote\u00e7\u00e3o ao meio ambiente e travas \u00e0 grilagem. Como amazonense, n\u00e3o posso me afastar disso&#8221;, explicou.<\/p>\n<p>&nbsp;<\/p>\n<p>&nbsp;<\/p>\n<p>&nbsp;<\/p>\n","protected":false},"excerpt":{"rendered":"<p>O PL 2633 n\u00e3o entrou em vota\u00e7\u00e3o nesta quarta-feira (20\/5), como estava previsto. O adiamento ocorre ap\u00f3s mais uma semana de intensa mobiliza\u00e7\u00e3o social no pa\u00eds e press\u00e3o de mercados internacionais e membros do parlamento europeu, que demonstraram suas preocupa\u00e7\u00f5es com rela\u00e7\u00e3o \u00e0 aprova\u00e7\u00e3o da proposta. Entretanto, a retirada de pauta da sess\u00e3o de hoje do PL 2633 n\u00e3o configura [&hellip;]<\/p>\n","protected":false},"author":114,"featured_media":0,"comment_status":"open","ping_status":"open","sticky":false,"template":"","format":"standard","meta":{"footnotes":""},"categories":[247,255,1,2],"tags":[4,91,66,167,243,263,5],"class_list":["post-977","post","type-post","status-publish","format-standard","hentry","category-cidadania","category-povos-indigenas","category-sem-categoria","category-sustentabilidade","tag-4elementos1planeta","tag-amazonia","tag-desmatamento","tag-greenpeace","tag-grilagem","tag-pl-2633","tag-sustentabilidade"],"_links":{"self":[{"href":"https:\/\/blogs.correiobraziliense.com.br\/4elementos\/wp-json\/wp\/v2\/posts\/977","targetHints":{"allow":["GET"]}}],"collection":[{"href":"https:\/\/blogs.correiobraziliense.com.br\/4elementos\/wp-json\/wp\/v2\/posts"}],"about":[{"href":"https:\/\/blogs.correiobraziliense.com.br\/4elementos\/wp-json\/wp\/v2\/types\/post"}],"author":[{"embeddable":true,"href":"https:\/\/blogs.correiobraziliense.com.br\/4elementos\/wp-json\/wp\/v2\/users\/114"}],"replies":[{"embeddable":true,"href":"https:\/\/blogs.correiobraziliense.com.br\/4elementos\/wp-json\/wp\/v2\/comments?post=977"}],"version-history":[{"count":0,"href":"https:\/\/blogs.correiobraziliense.com.br\/4elementos\/wp-json\/wp\/v2\/posts\/977\/revisions"}],"wp:attachment":[{"href":"https:\/\/blogs.correiobraziliense.com.br\/4elementos\/wp-json\/wp\/v2\/media?parent=977"}],"wp:term":[{"taxonomy":"category","embeddable":true,"href":"https:\/\/blogs.correiobraziliense.com.br\/4elementos\/wp-json\/wp\/v2\/categories?post=977"},{"taxonomy":"post_tag","embeddable":true,"href":"https:\/\/blogs.correiobraziliense.com.br\/4elementos\/wp-json\/wp\/v2\/tags?post=977"}],"curies":[{"name":"wp","href":"https:\/\/api.w.org\/{rel}","templated":true}]}}