{"id":928,"date":"2020-05-18T21:24:54","date_gmt":"2020-05-19T00:24:54","guid":{"rendered":"http:\/\/blogs.correiobraziliense.com.br\/4elementos\/?p=928"},"modified":"2020-05-18T21:24:54","modified_gmt":"2020-05-19T00:24:54","slug":"desmatamento-na-amazonia-em-abril-e-o-maior-em-10-anos-com-alta-de-171","status":"publish","type":"post","link":"https:\/\/blogs.correiobraziliense.com.br\/4elementos\/2020\/05\/18\/desmatamento-na-amazonia-em-abril-e-o-maior-em-10-anos-com-alta-de-171\/","title":{"rendered":"Desmatamento na Amaz\u00f4nia em abril \u00e9 o maior em 10 anos, com alta de 171%"},"content":{"rendered":"<p>O desmatamento da Amaz\u00f4nia em abril atingiu uma \u00e1rea de 529 km\u00b2, representando um aumento de 171% em rela\u00e7\u00e3o ao mesmo per\u00edodo do ano passado, segundo dados do Instituto do Homem e Meio Ambiente da Amaz\u00f4nia (Imazon). A devasta\u00e7\u00e3o foi a maior\u00a0em 10 anos.<\/p>\n<p>A informa\u00e7\u00e3o foi apurada pelo Sistema de Alerta de Desmatamento (SAD) do Imazon, instituto que n\u00e3o tem liga\u00e7\u00e3o com o governo brasileiro. Segundo o SAD, entre o per\u00edodo de janeiro a abril de 2020, o desmatamento acumulado foi de 1.073 km\u00b2, um aumento de 133% face ao mesmo per\u00edodo de 2019, quando totalizou 460 km\u00b2.<\/p>\n<p>Os n\u00fameros apresentados pelo Imazon contrastam com os dados divulgados no in\u00edcio do m\u00eas pelo Instituto Nacional de Pesquisas Espaciais (Inpe), que \u00e9 ligado ao governo federal e relatou um aumento de 63,75% em abril ante o mesmo m\u00eas do ano passado.<\/p>\n<p>Segundo o Inpe, foram emitidos sinais de alerta de desfloresta\u00e7\u00e3o em 405,6 km\u00b2 nos estados da chamada Amaz\u00f4nia Legal &#8212; Acre, Amap\u00e1, Amazonas, Mato Grosso, Par\u00e1, Rond\u00f4nia, Roraima, Tocantins e parte do Maranh\u00e3o &#8212; um n\u00famero bastante inferior em rela\u00e7\u00e3o aos 529 km\u00b2 relatados pelo Imazon.<\/p>\n<figure id=\"attachment_734\" aria-describedby=\"caption-attachment-734\" style=\"width: 1024px\" class=\"wp-caption alignnone\"><img loading=\"lazy\" decoding=\"async\" class=\"size-large wp-image-734\" src=\"http:\/\/blogs.correiobraziliense.com.br\/4elementos\/wp-content\/uploads\/sites\/53\/2020\/02\/90fc6dbb-gp0sttzzk_pressmedia-1024x683-1024x683.jpg\" alt=\"\" width=\"1024\" height=\"683\" srcset=\"https:\/\/blogs.correiobraziliense.com.br\/4elementos\/wp-content\/uploads\/sites\/53\/2020\/02\/90fc6dbb-gp0sttzzk_pressmedia-1024x683.jpg 1024w, https:\/\/blogs.correiobraziliense.com.br\/4elementos\/wp-content\/uploads\/sites\/53\/2020\/02\/90fc6dbb-gp0sttzzk_pressmedia-1024x683-300x200.jpg 300w, https:\/\/blogs.correiobraziliense.com.br\/4elementos\/wp-content\/uploads\/sites\/53\/2020\/02\/90fc6dbb-gp0sttzzk_pressmedia-1024x683-768x512.jpg 768w, https:\/\/blogs.correiobraziliense.com.br\/4elementos\/wp-content\/uploads\/sites\/53\/2020\/02\/90fc6dbb-gp0sttzzk_pressmedia-1024x683-550x367.jpg 550w, https:\/\/blogs.correiobraziliense.com.br\/4elementos\/wp-content\/uploads\/sites\/53\/2020\/02\/90fc6dbb-gp0sttzzk_pressmedia-1024x683-230x153.jpg 230w\" sizes=\"auto, (max-width: 1024px) 100vw, 1024px\" \/><figcaption id=\"caption-attachment-734\" class=\"wp-caption-text\">A \u00e1rea devastada em abril equivale ao tamanho da capital ga\u00facha Porto Alegre \/ Foto: divulga\u00e7\u00e3o Greenpeace<\/figcaption><\/figure>\n<h3><strong>Devasta\u00e7\u00e3o e desmatamento<\/strong><\/h3>\n<p>O Par\u00e1 foi o estado mais afetado em abril, concentrando 32% de toda a \u00e1rea desmatada, sendo seguido pelo Mato Grosso (26%), Rond\u00f4nia (19%), Amazonas (18%), Roraima (4%) e Acre (1%).<\/p>\n<p>&#8220;Em abril de 2020, a maior parte (60%) do desmatamento ocorreu em \u00e1reas privadas. O restante foi registado em unidades de conserva\u00e7\u00e3o (22%), assentamentos (15%) e terras ind\u00edgenas (3%)&#8221;, disse o Imazon, em comunicado.<\/p>\n<p>A Amaz\u00f4nia, a maior floresta tropical do mundo que possui a maior biodiversidade registada numa \u00e1rea do planeta, tem cerca de 5,5 milh\u00f5es de km\u00b2 e inclui, al\u00e9m do Brasil, territ\u00f3rios dos seguintes pa\u00edses: Peru, Col\u00f4mbia, Venezuela, Equador, Bol\u00edvia, Guiana, Suriname e Guiana Francesa.<\/p>\n","protected":false},"excerpt":{"rendered":"<p>O desmatamento da Amaz\u00f4nia em abril atingiu uma \u00e1rea de 529 km\u00b2, representando um aumento de 171% em rela\u00e7\u00e3o ao mesmo per\u00edodo do ano passado, segundo dados do Instituto do Homem e Meio Ambiente da Amaz\u00f4nia (Imazon). A devasta\u00e7\u00e3o foi a maior\u00a0em 10 anos. A informa\u00e7\u00e3o foi apurada pelo Sistema de Alerta de Desmatamento (SAD) do Imazon, instituto que n\u00e3o [&hellip;]<\/p>\n","protected":false},"author":114,"featured_media":0,"comment_status":"open","ping_status":"open","sticky":false,"template":"","format":"standard","meta":{"footnotes":""},"categories":[155,242,3],"tags":[4,91,66,93,5],"class_list":["post-928","post","type-post","status-publish","format-standard","hentry","category-catastrofe-ambiental","category-denuncia","category-meio-ambiente","tag-4elementos1planeta","tag-amazonia","tag-desmatamento","tag-queimadas","tag-sustentabilidade"],"_links":{"self":[{"href":"https:\/\/blogs.correiobraziliense.com.br\/4elementos\/wp-json\/wp\/v2\/posts\/928","targetHints":{"allow":["GET"]}}],"collection":[{"href":"https:\/\/blogs.correiobraziliense.com.br\/4elementos\/wp-json\/wp\/v2\/posts"}],"about":[{"href":"https:\/\/blogs.correiobraziliense.com.br\/4elementos\/wp-json\/wp\/v2\/types\/post"}],"author":[{"embeddable":true,"href":"https:\/\/blogs.correiobraziliense.com.br\/4elementos\/wp-json\/wp\/v2\/users\/114"}],"replies":[{"embeddable":true,"href":"https:\/\/blogs.correiobraziliense.com.br\/4elementos\/wp-json\/wp\/v2\/comments?post=928"}],"version-history":[{"count":0,"href":"https:\/\/blogs.correiobraziliense.com.br\/4elementos\/wp-json\/wp\/v2\/posts\/928\/revisions"}],"wp:attachment":[{"href":"https:\/\/blogs.correiobraziliense.com.br\/4elementos\/wp-json\/wp\/v2\/media?parent=928"}],"wp:term":[{"taxonomy":"category","embeddable":true,"href":"https:\/\/blogs.correiobraziliense.com.br\/4elementos\/wp-json\/wp\/v2\/categories?post=928"},{"taxonomy":"post_tag","embeddable":true,"href":"https:\/\/blogs.correiobraziliense.com.br\/4elementos\/wp-json\/wp\/v2\/tags?post=928"}],"curies":[{"name":"wp","href":"https:\/\/api.w.org\/{rel}","templated":true}]}}