{"id":890,"date":"2020-05-08T17:34:28","date_gmt":"2020-05-08T20:34:28","guid":{"rendered":"https:\/\/blogs.correiobraziliense.com.br\/4elementos\/?p=890"},"modified":"2020-05-08T21:06:40","modified_gmt":"2020-05-09T00:06:40","slug":"desmatamento-da-amazonia-cresce-94-de-agosto-de-2019-a-abril-de-2020","status":"publish","type":"post","link":"https:\/\/blogs.correiobraziliense.com.br\/4elementos\/2020\/05\/08\/desmatamento-da-amazonia-cresce-94-de-agosto-de-2019-a-abril-de-2020\/","title":{"rendered":"Desmatamento da Amaz\u00f4nia cresce 94% de agosto de 2019 a abril de 2020"},"content":{"rendered":"<p><span style=\"font-weight: 400\">O desmatamento na Amaz\u00f4nia totalizou 5.666 km\u00b2 entre\u00a0agosto de 2019 e abril de 2020 &#8212;\u00a0<\/span><span style=\"font-weight: 400\">quase o mesmo que a soma das \u00e1reas desmatadas em 2018 e 2019 no mesmo per\u00edodo &#8211;, segundo dados do Sistema de Detec\u00e7\u00e3o de Desmatamento em Tempo Real (Deter-B), do Instituto Nacional de Pesquisas Espaciais (Inpe). A extens\u00e3o representa um crescimento de 94% em rela\u00e7\u00e3o ao desmatamento verificado entre agosto de 2018 a abril de 2019.<\/span><\/p>\n<p><span style=\"font-weight: 400\">Considerado isoladamente, o desmatamento no m\u00eas de abril \u00e9 igualmente assustador: aumento de 64% em rela\u00e7\u00e3o ao mesmo m\u00eas de 2019. Apenas no m\u00eas passado foram emitidos alertas de desmatamento para 405,6 km\u00b2; em 2019 esse n\u00famero foi de 247,7 km\u00b2. Os dados alarmantes de abril d\u00e3o sequ\u00eancia ao recorde hist\u00f3rico batido no primeiro trimestre de 2020, na compara\u00e7\u00e3o com o mesmo per\u00edodo dos \u00faltimos dez anos. Apenas na compara\u00e7\u00e3o com o mesmo per\u00edodo de 2019, o crescimento foi de impressionantes 51,45%.\u00a0<\/span><\/p>\n<p>&nbsp;<\/p>\n<figure id=\"attachment_280\" aria-describedby=\"caption-attachment-280\" style=\"width: 1024px\" class=\"wp-caption alignnone\"><img loading=\"lazy\" decoding=\"async\" class=\"size-large wp-image-280\" src=\"https:\/\/blogs.correiobraziliense.com.br\/4elementos\/wp-content\/uploads\/sites\/53\/2019\/08\/desmata-1024x576.jpg\" alt=\"\" width=\"1024\" height=\"576\" \/><figcaption id=\"caption-attachment-280\" class=\"wp-caption-text\">Desmatamento na Amaz\u00f4nia quase dobrou em oito meses \/ Foto: Reprodu\u00e7\u00e3o TV Globo<\/figcaption><\/figure>\n<h2><strong>Alertas<\/strong><\/h2>\n<p><span style=\"font-weight: 400\">Os alertas do \u00faltimo m\u00eas indicam registros de desmatamento em \u00e1reas protegidas por lei, como os parques nacionais Mapinguari, Campos Amaz\u00f4nicos, Juruena e Acari e foram concentrados na regi\u00e3o da BR-163 (Par\u00e1) e noroeste de Rond\u00f4nia. \u201cH\u00e1 uma ineg\u00e1vel trajet\u00f3ria de aumento no desmatamento novamente em 2020, com ritmo ainda mais acelerado do que 2019. A nova taxa oficial dos dados do sistema Prodes (Programa de Monitoramento da Floresta Amaz\u00f4nica Brasileira por Sat\u00e9lite) dever\u00e1 ultrapassar, e muito, os 10 mil km\u00b2 observados no ano passado\u201d, analisa Mauricio Voivodic, diretor executivo do WWF-Brasil. \u201cO novo recorde que se avizinha \u00e9 de exclusiva responsabilidade do governo Bolsonaro\u201d, destaca.<\/span><\/p>\n<p><span style=\"font-weight: 400\">A Medida Provis\u00f3ria 910, que prev\u00ea regulariza\u00e7\u00e3o fundi\u00e1ria e pode ser votada na semana que vem na C\u00e2mara dos Deputados agrava esse cen\u00e1rio, segundo Voivodic. \u201cAo legalizar terras griladas, ou seja, desmatadas em anos anteriores, o governo d\u00e1 um claro sinal de leni\u00eancia para os atuais desmatadores. Se aprovada, a MP 910 ser\u00e1 o grande motor por tr\u00e1s de futuros recordes de desmatamento\u201d, alerta Voivodic.<\/span><\/p>\n<h2><strong>Desafio<\/strong><\/h2>\n<p><span style=\"font-weight: 400\">Os n\u00fameros mostram o tamanho do desafio que o vice-presidente, Hamilton Mour\u00e3o, coordenador do Conselho da Amaz\u00f4nia, ter\u00e1 para conter o crescimento das a\u00e7\u00f5es ilegais na regi\u00e3o. Foi autorizada, por apenas um m\u00eas, a utiliza\u00e7\u00e3o de opera\u00e7\u00f5es de Garantia da Lei e da Ordem (GLO), que permite o uso das For\u00e7as Armadas para combater o desmatamento. A GLO enfraquece o trabalho do Instituto Brasileiro do Meio Ambiente e dos Recursos Naturais Renov\u00e1veis (Ibama) e do Instituto Chico Mendes de Conserva\u00e7\u00e3o da Biodiversidade (ICMBio), ao subordin\u00e1-los aos militares.<\/span><\/p>\n<p><span style=\"font-weight: 400\">Os alertas di\u00e1rios do sistema Deter s\u00e3o usados para orientar a\u00e7\u00f5es de fiscaliza\u00e7\u00e3o do Ibama. Por se tratar de medi\u00e7\u00e3o di\u00e1ria, tendem a ser menos precisos que os dados do Prodes, divulgado anualmente. No entanto, nunca houve diverg\u00eancia entre a tend\u00eancia apontada pelo Deter e os n\u00fameros auferidos pelo sistema Prodes.<\/span><\/p>\n<p>&nbsp;<\/p>\n","protected":false},"excerpt":{"rendered":"<p>O desmatamento na Amaz\u00f4nia totalizou 5.666 km\u00b2 entre\u00a0agosto de 2019 e abril de 2020 &#8212;\u00a0quase o mesmo que a soma das \u00e1reas desmatadas em 2018 e 2019 no mesmo per\u00edodo &#8211;, segundo dados do Sistema de Detec\u00e7\u00e3o de Desmatamento em Tempo Real (Deter-B), do Instituto Nacional de Pesquisas Espaciais (Inpe). A extens\u00e3o representa um crescimento de 94% em rela\u00e7\u00e3o ao [&hellip;]<\/p>\n","protected":false},"author":114,"featured_media":0,"comment_status":"open","ping_status":"open","sticky":false,"template":"","format":"standard","meta":{"footnotes":""},"categories":[242,3],"tags":[4,91,66,6,62],"class_list":["post-890","post","type-post","status-publish","format-standard","hentry","category-denuncia","category-meio-ambiente","tag-4elementos1planeta","tag-amazonia","tag-desmatamento","tag-meio-ambiente","tag-wwf-brasil"],"_links":{"self":[{"href":"https:\/\/blogs.correiobraziliense.com.br\/4elementos\/wp-json\/wp\/v2\/posts\/890","targetHints":{"allow":["GET"]}}],"collection":[{"href":"https:\/\/blogs.correiobraziliense.com.br\/4elementos\/wp-json\/wp\/v2\/posts"}],"about":[{"href":"https:\/\/blogs.correiobraziliense.com.br\/4elementos\/wp-json\/wp\/v2\/types\/post"}],"author":[{"embeddable":true,"href":"https:\/\/blogs.correiobraziliense.com.br\/4elementos\/wp-json\/wp\/v2\/users\/114"}],"replies":[{"embeddable":true,"href":"https:\/\/blogs.correiobraziliense.com.br\/4elementos\/wp-json\/wp\/v2\/comments?post=890"}],"version-history":[{"count":8,"href":"https:\/\/blogs.correiobraziliense.com.br\/4elementos\/wp-json\/wp\/v2\/posts\/890\/revisions"}],"predecessor-version":[{"id":898,"href":"https:\/\/blogs.correiobraziliense.com.br\/4elementos\/wp-json\/wp\/v2\/posts\/890\/revisions\/898"}],"wp:attachment":[{"href":"https:\/\/blogs.correiobraziliense.com.br\/4elementos\/wp-json\/wp\/v2\/media?parent=890"}],"wp:term":[{"taxonomy":"category","embeddable":true,"href":"https:\/\/blogs.correiobraziliense.com.br\/4elementos\/wp-json\/wp\/v2\/categories?post=890"},{"taxonomy":"post_tag","embeddable":true,"href":"https:\/\/blogs.correiobraziliense.com.br\/4elementos\/wp-json\/wp\/v2\/tags?post=890"}],"curies":[{"name":"wp","href":"https:\/\/api.w.org\/{rel}","templated":true}]}}