{"id":887,"date":"2020-05-07T15:45:44","date_gmt":"2020-05-07T18:45:44","guid":{"rendered":"https:\/\/blogs.correiobraziliense.com.br\/4elementos\/?p=887"},"modified":"2020-05-07T15:45:44","modified_gmt":"2020-05-07T18:45:44","slug":"desmatamento-em-terras-indigenas-aumenta-59-durante-a-pandemia","status":"publish","type":"post","link":"https:\/\/blogs.correiobraziliense.com.br\/4elementos\/2020\/05\/07\/desmatamento-em-terras-indigenas-aumenta-59-durante-a-pandemia\/","title":{"rendered":"Desmatamento em terras ind\u00edgenas aumenta 59% durante a pandemia"},"content":{"rendered":"<p>O desmatamento e a Covid-19 avan\u00e7am sobre a floresta e os povos ind\u00edgenas. Uma an\u00e1lise dos dados do sistema Deter, do Instituto Nacional de Pesquisas Espaciais (Inpe), mostra que, nos quatro primeiros meses de 2020, os alertas de desmatamento em terras ind\u00edgenas da Amaz\u00f4nia brasileira aumentaram 59%, em compara\u00e7\u00e3o ao mesmo per\u00edodo do ano passado.<\/p>\n<p>De acordo com os dados do Deter, o desmatamento em terras ind\u00edgenas chegou a 1.319 hectares nos quatro primeiros meses deste ano &#8212; o equivalente a 1,8 mil campos de futebol &#8211;, enquanto, no mesmo per\u00edodo do ano passado, esse n\u00famero era de 827 hectares.<\/p>\n<p>O mapa abaixo, produzido pelo Greenpeace, mostra como o desmatamento est\u00e1 atingindo as <strong>terras ind\u00edgenas<\/strong>:<\/p>\n<h2><img loading=\"lazy\" decoding=\"async\" class=\"alignnone size-full wp-image-888\" src=\"https:\/\/blogs.correiobraziliense.com.br\/4elementos\/wp-content\/uploads\/sites\/53\/2020\/05\/Mapa-Greenpeace.jpg\" alt=\"\" width=\"876\" height=\"620\" srcset=\"https:\/\/blogs.correiobraziliense.com.br\/4elementos\/wp-content\/uploads\/sites\/53\/2020\/05\/Mapa-Greenpeace.jpg 876w, https:\/\/blogs.correiobraziliense.com.br\/4elementos\/wp-content\/uploads\/sites\/53\/2020\/05\/Mapa-Greenpeace-300x212.jpg 300w, https:\/\/blogs.correiobraziliense.com.br\/4elementos\/wp-content\/uploads\/sites\/53\/2020\/05\/Mapa-Greenpeace-768x544.jpg 768w, https:\/\/blogs.correiobraziliense.com.br\/4elementos\/wp-content\/uploads\/sites\/53\/2020\/05\/Mapa-Greenpeace-550x389.jpg 550w, https:\/\/blogs.correiobraziliense.com.br\/4elementos\/wp-content\/uploads\/sites\/53\/2020\/05\/Mapa-Greenpeace-230x163.jpg 230w\" sizes=\"auto, (max-width: 876px) 100vw, 876px\" \/><\/h2>\n<h2><strong>Terras ind\u00edgenas<\/strong><\/h2>\n<p>Os dados refor\u00e7am o alerta que madeireiros, grileiros e garimpeiros avan\u00e7am de forma descontrolada na floresta, al\u00e9m de poderem ser a porta de entrada para que o v\u00edrus chegue nas comunidades. Com duas medidas, o atual governo parece apoiar as invas\u00f5es. Enquanto a Instru\u00e7\u00e3o Normativa 9 da Funda\u00e7\u00e3o Nacional do \u00cdndio (Funai) retira a prote\u00e7\u00e3o das terras ind\u00edgenas, a Medida Provis\u00f3ria 910\/2019 promete a regulariza\u00e7\u00e3o de terras p\u00fablicas que tenham sido invadidas at\u00e9 2018. A MP tem at\u00e9 o dia 19 de maio para ser votada para n\u00e3o caducar.<\/p>\n<p>\u201cEstamos testemunhando a pandemia se espalhar pela Amaz\u00f4nia de maneira bastante r\u00e1pida, o que pode causar um outro genoc\u00eddio ind\u00edgena, enquanto o governo fecha os olhos para os que cometem crimes na floresta. Isso \u00e9 inaceit\u00e1vel. Precisamos agir &#8212; com a urg\u00eancia que se faz necess\u00e1ria &#8212; para cuidar de quem cuida da floresta. Diante da aus\u00eancia do Estado vamos continuar exercendo um importante papel para manuten\u00e7\u00e3o do espa\u00e7o democr\u00e1tico, prosseguiremos monitorando e denunciando, juntamente com parceiros, atividades que colocam em risco a sa\u00fade e o territ\u00f3rios dos povos ind\u00edgenas\u201d, informa Carolina Mar\u00e7al, porta-voz da campanha de Florestas do Greenpeace Brasil.<\/p>\n","protected":false},"excerpt":{"rendered":"<p>O desmatamento e a Covid-19 avan\u00e7am sobre a floresta e os povos ind\u00edgenas. Uma an\u00e1lise dos dados do sistema Deter, do Instituto Nacional de Pesquisas Espaciais (Inpe), mostra que, nos quatro primeiros meses de 2020, os alertas de desmatamento em terras ind\u00edgenas da Amaz\u00f4nia brasileira aumentaram 59%, em compara\u00e7\u00e3o ao mesmo per\u00edodo do ano passado. De acordo com os dados [&hellip;]<\/p>\n","protected":false},"author":114,"featured_media":0,"comment_status":"open","ping_status":"open","sticky":false,"template":"","format":"standard","meta":{"footnotes":""},"categories":[242,255,256],"tags":[4,91,66,167,257],"class_list":["post-887","post","type-post","status-publish","format-standard","hentry","category-denuncia","category-povos-indigenas","category-terras-indigenas","tag-4elementos1planeta","tag-amazonia","tag-desmatamento","tag-greenpeace","tag-terras-indigenas"],"_links":{"self":[{"href":"https:\/\/blogs.correiobraziliense.com.br\/4elementos\/wp-json\/wp\/v2\/posts\/887","targetHints":{"allow":["GET"]}}],"collection":[{"href":"https:\/\/blogs.correiobraziliense.com.br\/4elementos\/wp-json\/wp\/v2\/posts"}],"about":[{"href":"https:\/\/blogs.correiobraziliense.com.br\/4elementos\/wp-json\/wp\/v2\/types\/post"}],"author":[{"embeddable":true,"href":"https:\/\/blogs.correiobraziliense.com.br\/4elementos\/wp-json\/wp\/v2\/users\/114"}],"replies":[{"embeddable":true,"href":"https:\/\/blogs.correiobraziliense.com.br\/4elementos\/wp-json\/wp\/v2\/comments?post=887"}],"version-history":[{"count":1,"href":"https:\/\/blogs.correiobraziliense.com.br\/4elementos\/wp-json\/wp\/v2\/posts\/887\/revisions"}],"predecessor-version":[{"id":889,"href":"https:\/\/blogs.correiobraziliense.com.br\/4elementos\/wp-json\/wp\/v2\/posts\/887\/revisions\/889"}],"wp:attachment":[{"href":"https:\/\/blogs.correiobraziliense.com.br\/4elementos\/wp-json\/wp\/v2\/media?parent=887"}],"wp:term":[{"taxonomy":"category","embeddable":true,"href":"https:\/\/blogs.correiobraziliense.com.br\/4elementos\/wp-json\/wp\/v2\/categories?post=887"},{"taxonomy":"post_tag","embeddable":true,"href":"https:\/\/blogs.correiobraziliense.com.br\/4elementos\/wp-json\/wp\/v2\/tags?post=887"}],"curies":[{"name":"wp","href":"https:\/\/api.w.org\/{rel}","templated":true}]}}