{"id":845,"date":"2020-04-15T14:38:23","date_gmt":"2020-04-15T17:38:23","guid":{"rendered":"https:\/\/blogs.correiobraziliense.com.br\/4elementos\/?p=845"},"modified":"2020-04-15T14:38:23","modified_gmt":"2020-04-15T17:38:23","slug":"desmatamento-na-amazonia-segue-em-niveis-alarmantes-em-meio-a-pandemia","status":"publish","type":"post","link":"https:\/\/blogs.correiobraziliense.com.br\/4elementos\/2020\/04\/15\/desmatamento-na-amazonia-segue-em-niveis-alarmantes-em-meio-a-pandemia\/","title":{"rendered":"Desmatamento na Amaz\u00f4nia segue em n\u00edveis alarmantes em meio \u00e0 pandemia"},"content":{"rendered":"<p>A destrui\u00e7\u00e3o florestal na Amaz\u00f4nia segue em n\u00edveis alarmantes em meio \u00e0 pandemia do coronav\u00edrus. Ap\u00f3s subir 30% em 2019, os dados do Sistema de Detec\u00e7\u00e3o do Desmatamento em Tempo Real (Deter) apontam que a \u00e1rea com alertas de desmatamento quase dobrou de agosto de 2019 a mar\u00e7o de 2020, enquanto os alertas de degrada\u00e7\u00e3o subiram 122% na compara\u00e7\u00e3o com o mesmo per\u00edodo do ano passado.<\/p>\n<p>O desmatamento da Amaz\u00f4nia amea\u00e7a a biodiversidade e coloca em risco a maior floresta tropical do mundo, importante aliada contra o aquecimento global. Com a redu\u00e7\u00e3o das atividades de fiscaliza\u00e7\u00e3o em meio \u00e0 pandemia, somada ao enfraquecimento das pol\u00edticas ambientais e propostas que incentivam mais destrui\u00e7\u00e3o, como a MP da grilagem, o cen\u00e1rio de destrui\u00e7\u00e3o tende a piorar.<\/p>\n<p>\u201cCom este triste cen\u00e1rio, \u00e9 ainda mais importante trabalharmos para zerar o desmatamento na Amaz\u00f4nia e proteger a biodiversidade, apoiando a ci\u00eancia e a pesquisa brasileira. \u00c9 por isso que estamos promovendo iniciativas, como o Programa Tatiana de Carvalho de Pesquisa e Conserva\u00e7\u00e3o da Amaz\u00f4nia, que contribuem com a documenta\u00e7\u00e3o e preserva\u00e7\u00e3o da nossa biodiversidade\u201d, comentou Cristiane Mazzetti, da campanha de Amaz\u00f4nia do Greenpeace Brasil. Com um suporte de R$ 438 mil, o programa apoiar\u00e1 18 projetos de pesquisa de estudantes de p\u00f3s-gradua\u00e7\u00e3o das \u00e1reas de bot\u00e2nica e zoologia.<\/p>\n<p>&nbsp;<\/p>\n<p><img loading=\"lazy\" decoding=\"async\" class=\"size-full wp-image-846 aligncenter\" src=\"https:\/\/blogs.correiobraziliense.com.br\/4elementos\/wp-content\/uploads\/sites\/53\/2020\/04\/unnamed.jpg\" alt=\"\" width=\"625\" height=\"416\" srcset=\"https:\/\/blogs.correiobraziliense.com.br\/4elementos\/wp-content\/uploads\/sites\/53\/2020\/04\/unnamed.jpg 625w, https:\/\/blogs.correiobraziliense.com.br\/4elementos\/wp-content\/uploads\/sites\/53\/2020\/04\/unnamed-300x200.jpg 300w, https:\/\/blogs.correiobraziliense.com.br\/4elementos\/wp-content\/uploads\/sites\/53\/2020\/04\/unnamed-550x366.jpg 550w, https:\/\/blogs.correiobraziliense.com.br\/4elementos\/wp-content\/uploads\/sites\/53\/2020\/04\/unnamed-230x153.jpg 230w\" sizes=\"auto, (max-width: 625px) 100vw, 625px\" \/><\/p>\n<h2><\/h2>\n<h2 style=\"text-align: center\"><strong>Efeitos<\/strong><\/h2>\n<p>A biodiversidade oferece uma s\u00e9rie de benef\u00edcios para toda a sociedade, inclusive a cura para doen\u00e7as, no entanto, nossas a\u00e7\u00f5es est\u00e3o contribuindo para o seu r\u00e1pido desaparecimento. De acordo com um estudo publicado na revista Nature, se continuarmos com altos n\u00edveis de emiss\u00e3o de gases do efeito estufa, em 2100, algumas regi\u00f5es, incluindo a Amaz\u00f4nia, ter\u00e3o 90% das esp\u00e9cies expostas \u00e0 temperaturas sem precedentes, nunca antes vivenciadas. Pesquisadores estimam que atravessaremos um horizonte ecol\u00f3gico que levar\u00e1 \u00e0 uma perda catastr\u00f3fica de esp\u00e9cies &#8211; incluindo oceanos e florestas tropicais.<\/p>\n<p>\u201cNeste momento de crise, estamos vendo, na pr\u00e1tica, a diferen\u00e7a que investimentos na ci\u00eancia fazem para a toda a sociedade. E no caso da Amaz\u00f4nia n\u00e3o \u00e9 diferente, a biodiversidade que l\u00e1 vive precisa ser conhecida e conservada\u201d, disse Cristiane. O Greenpeace divulgou hoje a lista de contemplados do Programa Tatiana de Carvalho de Pesquisa e Conserva\u00e7\u00e3o da Amaz\u00f4nia, um projeto idealizado para incentivar e apoiar pesquisadores brasileiros no estudo sobre novas esp\u00e9cies da biodiversidade amaz\u00f4nica.<\/p>\n","protected":false},"excerpt":{"rendered":"<p>A destrui\u00e7\u00e3o florestal na Amaz\u00f4nia segue em n\u00edveis alarmantes em meio \u00e0 pandemia do coronav\u00edrus. Ap\u00f3s subir 30% em 2019, os dados do Sistema de Detec\u00e7\u00e3o do Desmatamento em Tempo Real (Deter) apontam que a \u00e1rea com alertas de desmatamento quase dobrou de agosto de 2019 a mar\u00e7o de 2020, enquanto os alertas de degrada\u00e7\u00e3o subiram 122% na compara\u00e7\u00e3o com [&hellip;]<\/p>\n","protected":false},"author":114,"featured_media":0,"comment_status":"open","ping_status":"open","sticky":false,"template":"","format":"standard","meta":{"footnotes":""},"categories":[155,132],"tags":[4,91,74,249,167],"class_list":["post-845","post","type-post","status-publish","format-standard","hentry","category-catastrofe-ambiental","category-mudancas-climaticas","tag-4elementos1planeta","tag-amazonia","tag-aquecimento-global","tag-desatamento","tag-greenpeace"],"_links":{"self":[{"href":"https:\/\/blogs.correiobraziliense.com.br\/4elementos\/wp-json\/wp\/v2\/posts\/845","targetHints":{"allow":["GET"]}}],"collection":[{"href":"https:\/\/blogs.correiobraziliense.com.br\/4elementos\/wp-json\/wp\/v2\/posts"}],"about":[{"href":"https:\/\/blogs.correiobraziliense.com.br\/4elementos\/wp-json\/wp\/v2\/types\/post"}],"author":[{"embeddable":true,"href":"https:\/\/blogs.correiobraziliense.com.br\/4elementos\/wp-json\/wp\/v2\/users\/114"}],"replies":[{"embeddable":true,"href":"https:\/\/blogs.correiobraziliense.com.br\/4elementos\/wp-json\/wp\/v2\/comments?post=845"}],"version-history":[{"count":6,"href":"https:\/\/blogs.correiobraziliense.com.br\/4elementos\/wp-json\/wp\/v2\/posts\/845\/revisions"}],"predecessor-version":[{"id":852,"href":"https:\/\/blogs.correiobraziliense.com.br\/4elementos\/wp-json\/wp\/v2\/posts\/845\/revisions\/852"}],"wp:attachment":[{"href":"https:\/\/blogs.correiobraziliense.com.br\/4elementos\/wp-json\/wp\/v2\/media?parent=845"}],"wp:term":[{"taxonomy":"category","embeddable":true,"href":"https:\/\/blogs.correiobraziliense.com.br\/4elementos\/wp-json\/wp\/v2\/categories?post=845"},{"taxonomy":"post_tag","embeddable":true,"href":"https:\/\/blogs.correiobraziliense.com.br\/4elementos\/wp-json\/wp\/v2\/tags?post=845"}],"curies":[{"name":"wp","href":"https:\/\/api.w.org\/{rel}","templated":true}]}}