{"id":84,"date":"2019-06-12T16:02:28","date_gmt":"2019-06-12T19:02:28","guid":{"rendered":"https:\/\/blogs.correiobraziliense.com.br\/4elementos\/?p=84"},"modified":"2019-06-12T16:02:28","modified_gmt":"2019-06-12T19:02:28","slug":"iniciativa-do-tcu-mostra-aos-colaboradores-a-importancia-da-coleta-seletiva","status":"publish","type":"post","link":"https:\/\/blogs.correiobraziliense.com.br\/4elementos\/2019\/06\/12\/iniciativa-do-tcu-mostra-aos-colaboradores-a-importancia-da-coleta-seletiva\/","title":{"rendered":"Iniciativa do TCU mostra aos colaboradores a import\u00e2ncia da coleta seletiva"},"content":{"rendered":"<p>O Tribunal de Contas da Uni\u00e3o (TCU) divulgou entre os colaboradoras um v\u00eddeo para mostrar a import\u00e2ncia da coleta seletiva realizada pelo \u00f3rg\u00e3o. A Corte de contas tamb\u00e9m implementou a utiliza\u00e7\u00e3o de copos descart\u00e1veis biodegrad\u00e1veis.<\/p>\n<p>Em um v\u00eddeo, catadores que trabalham na coleta seletiva falam sobre cotidiano, dignidade e sobre a import\u00e2ncia que enxergam naquilo que fazem.<\/p>\n<p>Cerca de 42 fam\u00edlias que formam a Associa\u00e7\u00e3o dos Catadores de Pap\u00e9is da Asa Sul, a Acapas, dependem desse trabalho e precisam do apoio dos moradores do Distrito Federal.<\/p>\n<p>A cooperativa recolhe res\u00edduos recicl\u00e1veis gerados pelo Tribunal de Contas da Uni\u00e3o, como parte da pol\u00edtica de sustentabilidade do TCU e da proposta de coleta seletiva solid\u00e1ria implementada pelo \u00f3rg\u00e3o.<\/p>\n<p>&nbsp;<\/p>\n<h2 style=\"text-align: center\">Assista ao v\u00eddeo:<\/h2>\n<p><iframe loading=\"lazy\" width=\"1440\" height=\"810\" src=\"https:\/\/www.youtube.com\/embed\/WnqCwZANBcA?feature=oembed\" frameborder=\"0\" allow=\"accelerometer; autoplay; encrypted-media; gyroscope; picture-in-picture\" allowfullscreen><\/iframe><\/p>\n<h2><\/h2>\n<h2 style=\"text-align: center\">Fa\u00e7a sua parte<\/h2>\n<p>Vale lembrar que sem a coleta seletiva o trabalho dos catadores fica muito mais dif\u00edcil. O \u00edndice de aproveitamento do material coletado ainda \u00e9 baixo no Distrito Federal.<\/p>\n<p>Segundo o presidente da cooperativa Recicle a Vida, Cleusimar Andrade, apenas 23% das 4 toneladas de res\u00edduos que s\u00e3o coletadas diariamente s\u00e3o de materiais realmente recicl\u00e1veis.<\/p>\n<p>Fa\u00e7a a sua parte pelo Planeta Terra, cuide dos 4 elementos vitais \u00e0 vida.<\/p>\n<p>Separe o lixo, recicle, diga adeus ao pl\u00e1stico.<\/p>\n<h2>Preservar \u00e9 preciso!<\/h2>\n","protected":false},"excerpt":{"rendered":"<p>O Tribunal de Contas da Uni\u00e3o (TCU) divulgou entre os colaboradoras um v\u00eddeo para mostrar a import\u00e2ncia da coleta seletiva realizada pelo \u00f3rg\u00e3o. A Corte de contas tamb\u00e9m implementou a utiliza\u00e7\u00e3o de copos descart\u00e1veis biodegrad\u00e1veis. Em um v\u00eddeo, catadores que trabalham na coleta seletiva falam sobre cotidiano, dignidade e sobre a import\u00e2ncia que enxergam naquilo que fazem. Cerca de 42 [&hellip;]<\/p>\n","protected":false},"author":114,"featured_media":0,"comment_status":"open","ping_status":"open","sticky":false,"template":"","format":"standard","meta":{"footnotes":""},"categories":[3,2],"tags":[16,14,15,17],"class_list":["post-84","post","type-post","status-publish","format-standard","hentry","category-meio-ambiente","category-sustentabilidade","tag-catadores","tag-coleta-seletiva","tag-iniciativa","tag-tcu"],"_links":{"self":[{"href":"https:\/\/blogs.correiobraziliense.com.br\/4elementos\/wp-json\/wp\/v2\/posts\/84","targetHints":{"allow":["GET"]}}],"collection":[{"href":"https:\/\/blogs.correiobraziliense.com.br\/4elementos\/wp-json\/wp\/v2\/posts"}],"about":[{"href":"https:\/\/blogs.correiobraziliense.com.br\/4elementos\/wp-json\/wp\/v2\/types\/post"}],"author":[{"embeddable":true,"href":"https:\/\/blogs.correiobraziliense.com.br\/4elementos\/wp-json\/wp\/v2\/users\/114"}],"replies":[{"embeddable":true,"href":"https:\/\/blogs.correiobraziliense.com.br\/4elementos\/wp-json\/wp\/v2\/comments?post=84"}],"version-history":[{"count":8,"href":"https:\/\/blogs.correiobraziliense.com.br\/4elementos\/wp-json\/wp\/v2\/posts\/84\/revisions"}],"predecessor-version":[{"id":93,"href":"https:\/\/blogs.correiobraziliense.com.br\/4elementos\/wp-json\/wp\/v2\/posts\/84\/revisions\/93"}],"wp:attachment":[{"href":"https:\/\/blogs.correiobraziliense.com.br\/4elementos\/wp-json\/wp\/v2\/media?parent=84"}],"wp:term":[{"taxonomy":"category","embeddable":true,"href":"https:\/\/blogs.correiobraziliense.com.br\/4elementos\/wp-json\/wp\/v2\/categories?post=84"},{"taxonomy":"post_tag","embeddable":true,"href":"https:\/\/blogs.correiobraziliense.com.br\/4elementos\/wp-json\/wp\/v2\/tags?post=84"}],"curies":[{"name":"wp","href":"https:\/\/api.w.org\/{rel}","templated":true}]}}