{"id":833,"date":"2020-03-31T13:29:18","date_gmt":"2020-03-31T16:29:18","guid":{"rendered":"https:\/\/blogs.correiobraziliense.com.br\/4elementos\/?p=833"},"modified":"2020-03-31T13:29:18","modified_gmt":"2020-03-31T16:29:18","slug":"isolamento-reduz-poluicao-do-ar-na-europa-mostra-imagem-de-satelite","status":"publish","type":"post","link":"https:\/\/blogs.correiobraziliense.com.br\/4elementos\/2020\/03\/31\/isolamento-reduz-poluicao-do-ar-na-europa-mostra-imagem-de-satelite\/","title":{"rendered":"Isolamento reduz polui\u00e7\u00e3o do ar na Europa, mostra imagem de sat\u00e9lite"},"content":{"rendered":"<p>O distanciamento social que a pandemia de coronav\u00edrus provocou no mundo inteiro est\u00e1 aliviando a polui\u00e7\u00e3o do ar, com efeito positivo no meio ambiente. Isso j\u00e1 ocorreu na China e agora \u00e9 evidente tamb\u00e9m na Europa, segundo imagens do sat\u00e9lite Sentinel-5.<\/p>\n<p>Cidades como Bruxelas, Paris, Madri, Mil\u00e3o e Frankfurt tiveram uma redu\u00e7\u00e3o nos n\u00edveis m\u00e9dios de di\u00f3xido de nitrog\u00eanio entre 5 e 25 de mar\u00e7o na compara\u00e7\u00e3o com o mesmo per\u00edodo do ano passado. A queda coincide com interdi\u00e7\u00f5es em muitos pa\u00edses europeus que v\u00eam limitando o transporte rodovi\u00e1rio, a maior fonte de \u00f3xidos de nitrog\u00eanio, e diminuindo a produ\u00e7\u00e3o de f\u00e1bricas emissoras de gases.<\/p>\n<p>As novas imagens divulgadas pela Ag\u00eancia Espacial Europeia (ESA) e analisadas pela entidade sem fins lucrativos Alian\u00e7a Europeia pela Sa\u00fade P\u00fablica (EPHA) mostram a densidade vari\u00e1vel do di\u00f3xido de nitrog\u00eanio, que pode causar problemas respirat\u00f3rios e c\u00e2ncer, como mapas de calor.<\/p>\n<p><img loading=\"lazy\" decoding=\"async\" class=\"alignnone size-full wp-image-834\" src=\"https:\/\/blogs.correiobraziliense.com.br\/4elementos\/wp-content\/uploads\/sites\/53\/2020\/03\/europa.jpg\" alt=\"\" width=\"677\" height=\"447\" srcset=\"https:\/\/blogs.correiobraziliense.com.br\/4elementos\/wp-content\/uploads\/sites\/53\/2020\/03\/europa.jpg 677w, https:\/\/blogs.correiobraziliense.com.br\/4elementos\/wp-content\/uploads\/sites\/53\/2020\/03\/europa-300x198.jpg 300w, https:\/\/blogs.correiobraziliense.com.br\/4elementos\/wp-content\/uploads\/sites\/53\/2020\/03\/europa-550x363.jpg 550w, https:\/\/blogs.correiobraziliense.com.br\/4elementos\/wp-content\/uploads\/sites\/53\/2020\/03\/europa-230x152.jpg 230w\" sizes=\"auto, (max-width: 677px) 100vw, 677px\" \/><\/p>\n<p>&nbsp;<\/p>\n<h2 style=\"text-align: center\"><strong>Polui\u00e7\u00e3o do ar<\/strong><\/h2>\n<p>Eventos clim\u00e1ticos di\u00e1rios podem influenciar a polui\u00e7\u00e3o atmosf\u00e9rica, por isso as imagens de sat\u00e9lite analisaram uma m\u00e9dia de 20 dias e exclu\u00edram leituras em que a cobertura de nuvens reduziu a qualidade dos dados.<\/p>\n<p>Dados da Ag\u00eancia Ambiental Europeia (EEA) revelaram uma tend\u00eancia semelhante entre 16 e 22 de mar\u00e7o. Em Madri, os n\u00edveis m\u00e9dios de di\u00f3xido de nitrog\u00eanio recuaram 56% na compara\u00e7\u00e3o semanal depois que o governo espanhol proibiu viagens n\u00e3o essenciais a partir de 14 de mar\u00e7o.<\/p>\n<p>A EPHA informou que pessoas que moram em cidades polu\u00eddas podem correr mais risco de Covid-19 porque a exposi\u00e7\u00e3o prolongada ao ar ruim pode enfraquecer o sistema imunol\u00f3gico, dificultando a luta contra a infec\u00e7\u00e3o.<\/p>\n<p>\u201cEsta conex\u00e3o \u00e9 muito prov\u00e1vel\u201d, disse Zoltan Massay-Kosubek, administrador de pol\u00edticas para ar limpo da EPHA. \u201cMas como a doen\u00e7a \u00e9 nova, isso ainda tem que ser demonstrado\u201d. A polui\u00e7\u00e3o atmosf\u00e9rica pode causar ou exacerbar o c\u00e2ncer de pulm\u00e3o, doen\u00e7as pulmonares e derrames.<\/p>\n<p>A China tamb\u00e9m registrou uma queda na polui\u00e7\u00e3o de di\u00f3xido de nitrog\u00eanio em cidades em fevereiro, quando o governo imp\u00f4s medidas de interdi\u00e7\u00e3o para conter a epidemia.<\/p>\n<p>Mas em algumas regi\u00f5es da Pol\u00f4nia os n\u00edveis de di\u00f3xido de nitrog\u00eanio continuaram relativamente altos durante o per\u00edodo apesar da interdi\u00e7\u00e3o, por conta da preval\u00eancia do aquecimento a carv\u00e3o.<\/p>\n<p>Pa\u00edses que adotaram a interdi\u00e7\u00e3o mais tarde, como o Reino Unido, que o fez em 23 de mar\u00e7o, parecem a caminho de uma redu\u00e7\u00e3o da polui\u00e7\u00e3o nas pr\u00f3ximas semanas, segundo a EPHA.<\/p>\n<p>Com informa\u00e7\u00f5es da <em>Reuters<\/em><\/p>\n","protected":false},"excerpt":{"rendered":"<p>O distanciamento social que a pandemia de coronav\u00edrus provocou no mundo inteiro est\u00e1 aliviando a polui\u00e7\u00e3o do ar, com efeito positivo no meio ambiente. Isso j\u00e1 ocorreu na China e agora \u00e9 evidente tamb\u00e9m na Europa, segundo imagens do sat\u00e9lite Sentinel-5. Cidades como Bruxelas, Paris, Madri, Mil\u00e3o e Frankfurt tiveram uma redu\u00e7\u00e3o nos n\u00edveis m\u00e9dios de di\u00f3xido de nitrog\u00eanio entre [&hellip;]<\/p>\n","protected":false},"author":114,"featured_media":0,"comment_status":"open","ping_status":"open","sticky":false,"template":"","format":"standard","meta":{"footnotes":""},"categories":[3,234],"tags":[4,239,246,6,235,5],"class_list":["post-833","post","type-post","status-publish","format-standard","hentry","category-meio-ambiente","category-poluicao","tag-4elementos1planeta","tag-coronavirus","tag-europa","tag-meio-ambiente","tag-poluicao-do-ar","tag-sustentabilidade"],"_links":{"self":[{"href":"https:\/\/blogs.correiobraziliense.com.br\/4elementos\/wp-json\/wp\/v2\/posts\/833","targetHints":{"allow":["GET"]}}],"collection":[{"href":"https:\/\/blogs.correiobraziliense.com.br\/4elementos\/wp-json\/wp\/v2\/posts"}],"about":[{"href":"https:\/\/blogs.correiobraziliense.com.br\/4elementos\/wp-json\/wp\/v2\/types\/post"}],"author":[{"embeddable":true,"href":"https:\/\/blogs.correiobraziliense.com.br\/4elementos\/wp-json\/wp\/v2\/users\/114"}],"replies":[{"embeddable":true,"href":"https:\/\/blogs.correiobraziliense.com.br\/4elementos\/wp-json\/wp\/v2\/comments?post=833"}],"version-history":[{"count":4,"href":"https:\/\/blogs.correiobraziliense.com.br\/4elementos\/wp-json\/wp\/v2\/posts\/833\/revisions"}],"predecessor-version":[{"id":838,"href":"https:\/\/blogs.correiobraziliense.com.br\/4elementos\/wp-json\/wp\/v2\/posts\/833\/revisions\/838"}],"wp:attachment":[{"href":"https:\/\/blogs.correiobraziliense.com.br\/4elementos\/wp-json\/wp\/v2\/media?parent=833"}],"wp:term":[{"taxonomy":"category","embeddable":true,"href":"https:\/\/blogs.correiobraziliense.com.br\/4elementos\/wp-json\/wp\/v2\/categories?post=833"},{"taxonomy":"post_tag","embeddable":true,"href":"https:\/\/blogs.correiobraziliense.com.br\/4elementos\/wp-json\/wp\/v2\/tags?post=833"}],"curies":[{"name":"wp","href":"https:\/\/api.w.org\/{rel}","templated":true}]}}