{"id":784,"date":"2020-02-25T17:06:35","date_gmt":"2020-02-25T20:06:35","guid":{"rendered":"https:\/\/blogs.correiobraziliense.com.br\/4elementos\/?p=784"},"modified":"2020-02-25T17:23:58","modified_gmt":"2020-02-25T20:23:58","slug":"encontro-de-jovens-ativistas-pelo-futuro-do-planeta-e-pela-educacao-das-mulheres","status":"publish","type":"post","link":"https:\/\/blogs.correiobraziliense.com.br\/4elementos\/2020\/02\/25\/encontro-de-jovens-ativistas-pelo-futuro-do-planeta-e-pela-educacao-das-mulheres\/","title":{"rendered":"Encontro de jovens ativistas pelo futuro do Planeta e pela educa\u00e7\u00e3o das mulheres"},"content":{"rendered":"<p>A ativista clim\u00e1tica Greta Thunberg conheceu Malala Yousafzai, ganhadora do Pr\u00eamio Nobel da Paz, nesta ter\u00e7a-feira (25\/2), na Universidade de Oxford, na Inglaterra. As duas jovens ativistas posaram juntas para uma foto, postada nas redes sociais.<\/p>\n<p>Ambas lutam, cada uma da sua forma, para garantir o futuro do Planeta Terra. Greta defende as causas ambientais e Malala, o direito das mulheres \u00e0 educa\u00e7\u00e3o.<\/p>\n<p>Aos 17 anos, a sueca Greta se tornou famosa, em agosto de 2018, por se ausentar das aulas e protestar em frente ao pr\u00e9dio do parlamento sueco, se tornando a l\u00edder do movimento <em>Greve das escolas pelo clima<\/em>. No ano passado, a ativista foi considerada personalidade do ano pela revista americana <em>Time<\/em>.<\/p>\n<h2><strong>Jovens ativistas<\/strong><\/h2>\n<p>Jovem de 22 anos, Malala, hoje estudante na Universidade de Oxford, se tornou a mais jovem recebedora do Pr\u00eamio Nobel da Paz, em 2014, por sua defesa da educa\u00e7\u00e3o, s\u00edmbolo global da resili\u00eancia das mulheres diante da opress\u00e3o. Aos 15 anos, a ativista foi baleada na cabe\u00e7a pelo Talib\u00e3 no Paquist\u00e3o, em 2013, por fazer campanha para que as meninas pudessem ir \u00e0 escola.<\/p>\n<p>Greta, que tamb\u00e9m foi nomeada para o Nobel da Paz, em 2019 e 2020, est\u00e1 no Reino Unido para participar de uma greve escolar em Bristol na sexta-feira. Segundo a <em>Reuters<\/em>, a dupla se reuniu para discutir seu ativismo na Lady Margaret Hall, a faculdade de Malala em Oxford.<\/p>\n<figure id=\"attachment_785\" aria-describedby=\"caption-attachment-785\" style=\"width: 534px\" class=\"wp-caption aligncenter\"><img loading=\"lazy\" decoding=\"async\" class=\"size-full wp-image-785\" src=\"https:\/\/blogs.correiobraziliense.com.br\/4elementos\/wp-content\/uploads\/sites\/53\/2020\/02\/Greta-e-Malala-e1582661990482.jpg\" alt=\"\" width=\"534\" height=\"386\" srcset=\"https:\/\/blogs.correiobraziliense.com.br\/4elementos\/wp-content\/uploads\/sites\/53\/2020\/02\/Greta-e-Malala-e1582661990482.jpg 534w, https:\/\/blogs.correiobraziliense.com.br\/4elementos\/wp-content\/uploads\/sites\/53\/2020\/02\/Greta-e-Malala-e1582661990482-300x217.jpg 300w, https:\/\/blogs.correiobraziliense.com.br\/4elementos\/wp-content\/uploads\/sites\/53\/2020\/02\/Greta-e-Malala-e1582661990482-230x166.jpg 230w\" sizes=\"auto, (max-width: 534px) 100vw, 534px\" \/><figcaption id=\"caption-attachment-785\" class=\"wp-caption-text\">Foto obtida nas m\u00eddias sociais<\/figcaption><\/figure>\n","protected":false},"excerpt":{"rendered":"<p>A ativista clim\u00e1tica Greta Thunberg conheceu Malala Yousafzai, ganhadora do Pr\u00eamio Nobel da Paz, nesta ter\u00e7a-feira (25\/2), na Universidade de Oxford, na Inglaterra. As duas jovens ativistas posaram juntas para uma foto, postada nas redes sociais. Ambas lutam, cada uma da sua forma, para garantir o futuro do Planeta Terra. Greta defende as causas ambientais e Malala, o direito das [&hellip;]<\/p>\n","protected":false},"author":114,"featured_media":785,"comment_status":"open","ping_status":"open","sticky":false,"template":"","format":"standard","meta":{"footnotes":""},"categories":[217,2],"tags":[4,233,7,177,232,231,218,5],"class_list":["post-784","post","type-post","status-publish","format-standard","has-post-thumbnail","hentry","category-planeta-terra","category-sustentabilidade","tag-4elementos1planeta","tag-ativistas","tag-conscientizacao","tag-educacao","tag-greta","tag-malala","tag-planeta-terra","tag-sustentabilidade"],"_links":{"self":[{"href":"https:\/\/blogs.correiobraziliense.com.br\/4elementos\/wp-json\/wp\/v2\/posts\/784","targetHints":{"allow":["GET"]}}],"collection":[{"href":"https:\/\/blogs.correiobraziliense.com.br\/4elementos\/wp-json\/wp\/v2\/posts"}],"about":[{"href":"https:\/\/blogs.correiobraziliense.com.br\/4elementos\/wp-json\/wp\/v2\/types\/post"}],"author":[{"embeddable":true,"href":"https:\/\/blogs.correiobraziliense.com.br\/4elementos\/wp-json\/wp\/v2\/users\/114"}],"replies":[{"embeddable":true,"href":"https:\/\/blogs.correiobraziliense.com.br\/4elementos\/wp-json\/wp\/v2\/comments?post=784"}],"version-history":[{"count":14,"href":"https:\/\/blogs.correiobraziliense.com.br\/4elementos\/wp-json\/wp\/v2\/posts\/784\/revisions"}],"predecessor-version":[{"id":799,"href":"https:\/\/blogs.correiobraziliense.com.br\/4elementos\/wp-json\/wp\/v2\/posts\/784\/revisions\/799"}],"wp:featuredmedia":[{"embeddable":true,"href":"https:\/\/blogs.correiobraziliense.com.br\/4elementos\/wp-json\/wp\/v2\/media\/785"}],"wp:attachment":[{"href":"https:\/\/blogs.correiobraziliense.com.br\/4elementos\/wp-json\/wp\/v2\/media?parent=784"}],"wp:term":[{"taxonomy":"category","embeddable":true,"href":"https:\/\/blogs.correiobraziliense.com.br\/4elementos\/wp-json\/wp\/v2\/categories?post=784"},{"taxonomy":"post_tag","embeddable":true,"href":"https:\/\/blogs.correiobraziliense.com.br\/4elementos\/wp-json\/wp\/v2\/tags?post=784"}],"curies":[{"name":"wp","href":"https:\/\/api.w.org\/{rel}","templated":true}]}}