{"id":771,"date":"2020-02-20T15:25:01","date_gmt":"2020-02-20T18:25:01","guid":{"rendered":"https:\/\/blogs.correiobraziliense.com.br\/4elementos\/?p=771"},"modified":"2020-02-20T16:04:08","modified_gmt":"2020-02-20T19:04:08","slug":"seis-dicas-para-descartar-o-lixo-de-forma-correta-em-casa","status":"publish","type":"post","link":"https:\/\/blogs.correiobraziliense.com.br\/4elementos\/2020\/02\/20\/seis-dicas-para-descartar-o-lixo-de-forma-correta-em-casa\/","title":{"rendered":"Seis dicas para descartar o lixo de forma correta em casa"},"content":{"rendered":"<p><span style=\"font-weight: 400\">A Oceano Gest\u00e3o de Res\u00edduos, preocupada com os n\u00fameros altos da produ\u00e7\u00e3o de lixo no pa\u00eds, d\u00e1 dicas de como fazer o descarte de forma correta em casa. Segundo a associa\u00e7\u00e3o, no Brasil, s\u00e3o geradas 78,4 milh\u00f5es de toneladas de res\u00edduos s\u00f3lidos por ano. Do total, 71 milh\u00f5es de toneladas s\u00e3o descartadas de forma inadequada. Para completar, a m\u00e9dia de res\u00edduos gerados por uma pessoa chega a um quilo por dia.<\/span><\/p>\n<p><span style=\"font-weight: 400\">Outro dado alarmante, conforme a Oceano Gest\u00e3o de Res\u00edduos: medicamentos, f\u00e1rmacos e embalagens de cosm\u00e9ticos, entre outros res\u00edduos chamados de micropoluentes, al\u00e9m de perfurocortantes e infectantes gerados em nossas casas, s\u00e3o classificados como res\u00edduos urbanos. Com isso, a lei afasta a obrigatoriedade do descarte adequado, e esses res\u00edduos v\u00e3o parar no no lixo comum.<\/span><\/p>\n<p><span style=\"font-weight: 400\">O assunto \u00e9 t\u00e3o s\u00e9rio que a ONU criou um grupo de estudo para cria\u00e7\u00e3o de solu\u00e7\u00f5es inovadoras para a gest\u00e3o do lixo dom\u00e9stico. O resultado do descarte inadequado \u00e9 polui\u00e7\u00e3o e contamina\u00e7\u00e3o do meio ambiente. Para evitar isso, fazer a nossa parte dentro de casa j\u00e1 \u00e9 um grande passo.\u00a0<\/span><\/p>\n<p><span style=\"font-weight: 400\">De acordo com Rafael Zarvos, fundador da Oceano Gest\u00e3o de Res\u00edduos, com algumas medidas simples podemos contribuir e proteger o meio ambiente. Para ajudar nessa miss\u00e3o, o especialista d\u00e1 seis dicas de como descartar o lixo em casa de forma correta.\u00a0<img loading=\"lazy\" decoding=\"async\" class=\"alignnone size-large wp-image-781\" src=\"https:\/\/blogs.correiobraziliense.com.br\/4elementos\/wp-content\/uploads\/sites\/53\/2020\/02\/Oceano3-1024x484.jpeg\" alt=\"\" width=\"1024\" height=\"484\" srcset=\"https:\/\/blogs.correiobraziliense.com.br\/4elementos\/wp-content\/uploads\/sites\/53\/2020\/02\/Oceano3-1024x484.jpeg 1024w, https:\/\/blogs.correiobraziliense.com.br\/4elementos\/wp-content\/uploads\/sites\/53\/2020\/02\/Oceano3-300x142.jpeg 300w, https:\/\/blogs.correiobraziliense.com.br\/4elementos\/wp-content\/uploads\/sites\/53\/2020\/02\/Oceano3-768x363.jpeg 768w, https:\/\/blogs.correiobraziliense.com.br\/4elementos\/wp-content\/uploads\/sites\/53\/2020\/02\/Oceano3-550x260.jpeg 550w, https:\/\/blogs.correiobraziliense.com.br\/4elementos\/wp-content\/uploads\/sites\/53\/2020\/02\/Oceano3-230x109.jpeg 230w, https:\/\/blogs.correiobraziliense.com.br\/4elementos\/wp-content\/uploads\/sites\/53\/2020\/02\/Oceano3.jpeg 1280w\" sizes=\"auto, (max-width: 1024px) 100vw, 1024px\" \/><\/span><\/p>\n<h1><strong>Confira as dicas<\/strong><\/h1>\n<ol>\n<li><span style=\"font-weight: 400\">Separar o res\u00edduo org\u00e2nico do lixo comum. Para isso, a melhor op\u00e7\u00e3o \u00e9 ter uma composteira ou contratar o servi\u00e7o de coleta em domic\u00edlio. A compostagem \u00e9 um sistema pr\u00e1tico, compacto, higi\u00eanico e amigo do meio ambiente, onde minhocas e microorganismos transformam restos de alimentos em adubo de alta qualidade<\/span><\/li>\n<li><span style=\"font-weight: 400\">Muitas pessoas n\u00e3o sabem o que fazer com o \u00f3leo de cozinha que sobra. Uma boa ideia \u00e9 colher o \u00f3leo utilizado, colocar em uma garrafa PET e levar em um Ponto de Entrega Volunt\u00e1ria (PEV &#8212; h\u00e1 v\u00e1rios em Bras\u00edlia) pr\u00f3ximo \u00e0 sua casa ou contratar o servi\u00e7o de coleta em domic\u00edlio<\/span><\/li>\n<li><span style=\"font-weight: 400\">Tenha uma lixeira apenas para os produtos recicl\u00e1veis. Assim, fica mais f\u00e1cil organizar na hora de levar para a coleta seletiva do pr\u00e9dio ou em PEVs. \u00c9 importante higienizar (basta passar \u00e1gua) os res\u00edduos antes de entreg\u00e1-los para a reciclagem<\/span><\/li>\n<li><span style=\"font-weight: 400\">Colocar os rejeitos (como s\u00e3o chamados os res\u00edduos que n\u00e3o podem ser reaproveitados), como absorventes, fraldas, fitas adesivas, etiquetas, papel higi\u00eanico e papel engordurado separados da lixeira dom\u00e9stica<\/span><\/li>\n<li><span style=\"font-weight: 400\">Alguns itens precisam de descarte ambientalmente adequado, como pilhas e baterias (que cont\u00eam c\u00e1dmio, chumbo, merc\u00fario, mangan\u00eas, cobre, n\u00edquel, l\u00edtio, cromo e zinco), al\u00e9m de medicamentos, cosm\u00e9ticos, produtos de limpeza e produtos de higiene pessoal, porque cont\u00eam micropoluentes. Objetos perfurocortantes tamb\u00e9m devem ter o descarte adequado pelo risco de contamina\u00e7\u00e3o ou de cortes<\/span><\/li>\n<li><span style=\"font-weight: 400\">Tente evitar o uso de sacolas pl\u00e1sticas para descartar o seu lixo. No lugar delas, opte por sacos de papel ou caixas de papel\u00e3o. Vale lembrar que as sacolas pl\u00e1sticas s\u00e3o um dos itens que mais demoram a se decompor<\/span><\/li>\n<\/ol>\n<p>&nbsp;<\/p>\n<p><span style=\"font-weight: 400\">Para saber mais sobre a Oceano Gest\u00e3o de Res\u00edduos, acesse <a href=\"http:\/\/www.oceanoresiduos.com.br\/\">www.oceanoresiduos.com.br<\/a>.<\/span><\/p>\n<p>&nbsp;<\/p>\n<p>&nbsp;<\/p>\n","protected":false},"excerpt":{"rendered":"<p>A Oceano Gest\u00e3o de Res\u00edduos, preocupada com os n\u00fameros altos da produ\u00e7\u00e3o de lixo no pa\u00eds, d\u00e1 dicas de como fazer o descarte de forma correta em casa. Segundo a associa\u00e7\u00e3o, no Brasil, s\u00e3o geradas 78,4 milh\u00f5es de toneladas de res\u00edduos s\u00f3lidos por ano. Do total, 71 milh\u00f5es de toneladas s\u00e3o descartadas de forma inadequada. Para completar, a m\u00e9dia de [&hellip;]<\/p>\n","protected":false},"author":114,"featured_media":781,"comment_status":"open","ping_status":"open","sticky":false,"template":"","format":"standard","meta":{"footnotes":""},"categories":[3,2],"tags":[4,230,89,7,228,150,229],"class_list":["post-771","post","type-post","status-publish","format-standard","has-post-thumbnail","hentry","category-meio-ambiente","category-sustentabilidade","tag-4elementos1planeta","tag-associacao-veracidade","tag-atitudes-sustentaveis","tag-conscientizacao","tag-dicas","tag-lixo","tag-oceano-gestao-de-residuos"],"_links":{"self":[{"href":"https:\/\/blogs.correiobraziliense.com.br\/4elementos\/wp-json\/wp\/v2\/posts\/771","targetHints":{"allow":["GET"]}}],"collection":[{"href":"https:\/\/blogs.correiobraziliense.com.br\/4elementos\/wp-json\/wp\/v2\/posts"}],"about":[{"href":"https:\/\/blogs.correiobraziliense.com.br\/4elementos\/wp-json\/wp\/v2\/types\/post"}],"author":[{"embeddable":true,"href":"https:\/\/blogs.correiobraziliense.com.br\/4elementos\/wp-json\/wp\/v2\/users\/114"}],"replies":[{"embeddable":true,"href":"https:\/\/blogs.correiobraziliense.com.br\/4elementos\/wp-json\/wp\/v2\/comments?post=771"}],"version-history":[{"count":8,"href":"https:\/\/blogs.correiobraziliense.com.br\/4elementos\/wp-json\/wp\/v2\/posts\/771\/revisions"}],"predecessor-version":[{"id":783,"href":"https:\/\/blogs.correiobraziliense.com.br\/4elementos\/wp-json\/wp\/v2\/posts\/771\/revisions\/783"}],"wp:featuredmedia":[{"embeddable":true,"href":"https:\/\/blogs.correiobraziliense.com.br\/4elementos\/wp-json\/wp\/v2\/media\/781"}],"wp:attachment":[{"href":"https:\/\/blogs.correiobraziliense.com.br\/4elementos\/wp-json\/wp\/v2\/media?parent=771"}],"wp:term":[{"taxonomy":"category","embeddable":true,"href":"https:\/\/blogs.correiobraziliense.com.br\/4elementos\/wp-json\/wp\/v2\/categories?post=771"},{"taxonomy":"post_tag","embeddable":true,"href":"https:\/\/blogs.correiobraziliense.com.br\/4elementos\/wp-json\/wp\/v2\/tags?post=771"}],"curies":[{"name":"wp","href":"https:\/\/api.w.org\/{rel}","templated":true}]}}