{"id":739,"date":"2020-02-13T13:05:55","date_gmt":"2020-02-13T16:05:55","guid":{"rendered":"https:\/\/blogs.correiobraziliense.com.br\/4elementos\/?p=739"},"modified":"2020-02-20T10:37:07","modified_gmt":"2020-02-20T13:37:07","slug":"planeta-terra-evento-marca-os-30-anos-da-imagem-feita-a-6-bilhoes-de-km","status":"publish","type":"post","link":"https:\/\/blogs.correiobraziliense.com.br\/4elementos\/2020\/02\/13\/planeta-terra-evento-marca-os-30-anos-da-imagem-feita-a-6-bilhoes-de-km\/","title":{"rendered":"Planeta Terra: evento marca os 30 anos da imagem feita a 6 bilh\u00f5es de km"},"content":{"rendered":"<p><img loading=\"lazy\" decoding=\"async\" class=\"size-full wp-image-748 alignright\" src=\"https:\/\/blogs.correiobraziliense.com.br\/4elementos\/wp-content\/uploads\/sites\/53\/2020\/02\/Nasa-imagem.jpg\" alt=\"\" width=\"397\" height=\"549\" srcset=\"https:\/\/blogs.correiobraziliense.com.br\/4elementos\/wp-content\/uploads\/sites\/53\/2020\/02\/Nasa-imagem.jpg 397w, https:\/\/blogs.correiobraziliense.com.br\/4elementos\/wp-content\/uploads\/sites\/53\/2020\/02\/Nasa-imagem-217x300.jpg 217w, https:\/\/blogs.correiobraziliense.com.br\/4elementos\/wp-content\/uploads\/sites\/53\/2020\/02\/Nasa-imagem-230x318.jpg 230w\" sizes=\"auto, (max-width: 397px) 100vw, 397px\" \/><\/p>\n<p>No dia 14 de fevereiro de 1990, a sonda Voyager 1, da Nasa (Ag\u00eancia Espacial Americana), registrou uma imagem do Planeta Terra a uma dist\u00e2ncia aproximada 6 bilh\u00f5es de quil\u00f4metros. Na fotografia, o planeta que habitamos \u00e9 visto como um pequeno ponto azul p\u00e1lido no espa\u00e7o \u2013 o Pale Blue Dot. A imagem integrava uma s\u00e9rie chamada Family Portrait, com diversos registros do Sistema Solar.<\/p>\n<p>A imagem \u00e9 bastante simb\u00f3lica porque mostra, pela primeira vez, em imagem real, a perspectiva astron\u00f4mica do Planeta Terra. Um ponto pequeno no espa\u00e7o infinito. Este ano, para celebrar os 30 anos da ic\u00f4nica fotografia do Planeta Terra, a Uni\u00e3o Astron\u00f4mica Internacional (IAU) incentiva a promo\u00e7\u00e3o de a\u00e7\u00f5es visando \u00e0 reflex\u00e3o sobre a fragilidade da Terra e para a necessidade de um cuidado especial e atento \u00e0 nossa casa.<\/p>\n<p>Assim, em conson\u00e2ncia a este chamado da IAU e \u00e0 preocupa\u00e7\u00e3o com o \u00fanico planeta ainda encontrado com condi\u00e7\u00f5es vi\u00e1veis para a vida humana, o <a href=\"https:\/\/www.on.br\/index.php\/pt-br\/\">Observat\u00f3rio Nacional<\/a> realiza o evento <em>Olhando para nossa casa: 30 anos do &#8220;P\u00e1lido Ponto Azul&#8221;<\/em>, no dia 15 de fevereiro, s\u00e1bado, no audit\u00f3rio do ON.<\/p>\n<p>O astr\u00f4nomo Jorge Marcio Carvano, chefe da Divis\u00e3o de P\u00f3s-Gradua\u00e7\u00e3o do ON, falar\u00e1 sobre a miss\u00e3o Voyager e a import\u00e2ncia da imagem do Planeta Terra. A astr\u00f4noma Daniela Lazzaro, pesquisadora do ON e vice-presidente da IAU, mediar\u00e1 a mesa-redonda <em>Astronomia para uma Cidadania Global<\/em>, destacando como esta ci\u00eancia pode contribuir para lidar com os desafios globais da atualidade, como as mudan\u00e7as clim\u00e1ticas, discuss\u00e3o bastante necess\u00e1ria levando em conta a preserva\u00e7\u00e3o do nosso \u00fanico lar poss\u00edvel.<\/p>\n<p>A mesa-redonda conta com a participa\u00e7\u00e3o de Mauro Meirelles de Oliveira Santos, especialista em Emiss\u00f5es de Gases de Efeito Estufa (MCTIC e PNUD), e Sergio Besserman Vianna, especialista em Desenvolvimento Econ\u00f4mico Sustent\u00e1vel, Hist\u00f3ria do Aquecimento Global e de Mudan\u00e7as Clim\u00e1ticas, ex-presidente do Jardim Bot\u00e2nico do Rio de Janeiro.<\/p>\n<p>Para motivar o debate, ser\u00e1 exibido o epis\u00f3dio final da s\u00e9rie Cosmos, de 2014, <em>Sem medo do escuro<\/em>. O evento \u00e9 gratuito e aberto ao p\u00fablico.\u00a0No dia 15, tamb\u00e9m acontece o primeiro S\u00e1bado Astron\u00f4mico de 2020, em ritmo de Carnaval. A partir das 18h, haver\u00e1 observa\u00e7\u00e3o do c\u00e9u, mediada por astr\u00f4nomos do Observat\u00f3rio Nacional, na centen\u00e1ria Luneta de 46cm, o maior telesc\u00f3pio refrator do Brasil.<\/p>\n<h2 style=\"text-align: left\"><strong>Servi\u00e7o<\/strong><\/h2>\n<p style=\"text-align: left\"><strong>O qu\u00ea<\/strong>: Olhando para nossa casa: 30 anos do &#8216;P\u00e1lido Ponto Azul&#8217;<\/p>\n<p style=\"text-align: left\"><strong>Quando:<\/strong> 15 de fevereiro<\/p>\n<p style=\"text-align: left\"><strong>Onde:<\/strong> Audit\u00f3rio do Observat\u00f3rio Nacional (acesso pelas ruas General Bruce 586 e General Jos\u00e9 Cristino, 77, S\u00e3o Crist\u00f3v\u00e3o, Rio de Janeiro)<\/p>\n<p style=\"text-align: left\"><strong>Programa\u00e7\u00e3o:<\/strong><\/p>\n<p style=\"text-align: left\"><strong>16h &#8211;<\/strong>\u00a0A miss\u00e3o Voyager e o P\u00e1lido Ponto Azul, com Jorge Marcio Carvano<\/p>\n<p style=\"text-align: left\"><strong>16h20 &#8211;<\/strong>\u00a0Exibi\u00e7\u00e3o do epis\u00f3dio final da s\u00e9rie Cosmos, de 2014, <em>Sem medo do escuro<\/em><\/p>\n<p style=\"text-align: left\"><strong>17h30 &#8211;<\/strong>\u00a0Mesa-redonda <em>Astronomia para uma Cidadania Global<\/em><\/p>\n<p style=\"text-align: left\"><strong>Participantes da mesa-redonda<\/strong>: Daniela Lazzaro, astr\u00f4noma do ON, vice-presidente da Uni\u00e3o Astron\u00f4mica Internacional;\u00a0Mauro Meirelles de Oliveira Santos, especialista em Emiss\u00f5es de Gases de Efeito Estufa, MCTIC\/PNUD;\u00a0Sergio Besserman Vianna, especialista em Desenvolvimento Econ\u00f4mico Sustent\u00e1vel, Hist\u00f3ria do Aquecimento Global e de Mudan\u00e7as Clim\u00e1ticas<\/p>\n","protected":false},"excerpt":{"rendered":"<p>No dia 14 de fevereiro de 1990, a sonda Voyager 1, da Nasa (Ag\u00eancia Espacial Americana), registrou uma imagem do Planeta Terra a uma dist\u00e2ncia aproximada 6 bilh\u00f5es de quil\u00f4metros. Na fotografia, o planeta que habitamos \u00e9 visto como um pequeno ponto azul p\u00e1lido no espa\u00e7o \u2013 o Pale Blue Dot. A imagem integrava uma s\u00e9rie chamada Family Portrait, com [&hellip;]<\/p>\n","protected":false},"author":114,"featured_media":748,"comment_status":"open","ping_status":"open","sticky":false,"template":"","format":"standard","meta":{"footnotes":""},"categories":[3,217],"tags":[4,6,219,115,220,218,5],"class_list":["post-739","post","type-post","status-publish","format-standard","has-post-thumbnail","hentry","category-meio-ambiente","category-planeta-terra","tag-4elementos1planeta","tag-meio-ambiente","tag-nasa","tag-observatorio-nacional","tag-olhando-para-nossa-casa-30-anos-do-palido-ponto-azu","tag-planeta-terra","tag-sustentabilidade"],"_links":{"self":[{"href":"https:\/\/blogs.correiobraziliense.com.br\/4elementos\/wp-json\/wp\/v2\/posts\/739","targetHints":{"allow":["GET"]}}],"collection":[{"href":"https:\/\/blogs.correiobraziliense.com.br\/4elementos\/wp-json\/wp\/v2\/posts"}],"about":[{"href":"https:\/\/blogs.correiobraziliense.com.br\/4elementos\/wp-json\/wp\/v2\/types\/post"}],"author":[{"embeddable":true,"href":"https:\/\/blogs.correiobraziliense.com.br\/4elementos\/wp-json\/wp\/v2\/users\/114"}],"replies":[{"embeddable":true,"href":"https:\/\/blogs.correiobraziliense.com.br\/4elementos\/wp-json\/wp\/v2\/comments?post=739"}],"version-history":[{"count":7,"href":"https:\/\/blogs.correiobraziliense.com.br\/4elementos\/wp-json\/wp\/v2\/posts\/739\/revisions"}],"predecessor-version":[{"id":749,"href":"https:\/\/blogs.correiobraziliense.com.br\/4elementos\/wp-json\/wp\/v2\/posts\/739\/revisions\/749"}],"wp:featuredmedia":[{"embeddable":true,"href":"https:\/\/blogs.correiobraziliense.com.br\/4elementos\/wp-json\/wp\/v2\/media\/748"}],"wp:attachment":[{"href":"https:\/\/blogs.correiobraziliense.com.br\/4elementos\/wp-json\/wp\/v2\/media?parent=739"}],"wp:term":[{"taxonomy":"category","embeddable":true,"href":"https:\/\/blogs.correiobraziliense.com.br\/4elementos\/wp-json\/wp\/v2\/categories?post=739"},{"taxonomy":"post_tag","embeddable":true,"href":"https:\/\/blogs.correiobraziliense.com.br\/4elementos\/wp-json\/wp\/v2\/tags?post=739"}],"curies":[{"name":"wp","href":"https:\/\/api.w.org\/{rel}","templated":true}]}}