{"id":712,"date":"2020-02-01T17:11:37","date_gmt":"2020-02-01T20:11:37","guid":{"rendered":"https:\/\/blogs.correiobraziliense.com.br\/4elementos\/?p=712"},"modified":"2020-02-01T17:11:37","modified_gmt":"2020-02-01T20:11:37","slug":"alerta-ambiental-video-the-turning-point-expoe-uma-perspectiva-chocante","status":"publish","type":"post","link":"https:\/\/blogs.correiobraziliense.com.br\/4elementos\/2020\/02\/01\/alerta-ambiental-video-the-turning-point-expoe-uma-perspectiva-chocante\/","title":{"rendered":"Alerta ambiental: v\u00eddeo The Turning Point exp\u00f5e uma perspectiva chocante"},"content":{"rendered":"<h1 style=\"text-align: center\">Alerta ambiental<\/h1>\n<p><iframe loading=\"lazy\" width=\"1440\" height=\"810\" src=\"https:\/\/www.youtube.com\/embed\/p7LDk4D3Q3U?feature=oembed\" frameborder=\"0\" allow=\"accelerometer; autoplay; encrypted-media; gyroscope; picture-in-picture\" allowfullscreen><\/iframe><\/p>\n<p>Anima\u00e7\u00e3o de Steve Cutts \u00e9 um alerta ambiental chocante. Como seria o mundo se os animais fizessem com os humanos o que n\u00f3s fizemos com eles?<\/p>\n<p>Ainda h\u00e1 tempo de mudar o fim dessa hist\u00f3ria. Preservar \u00e9 preciso!<\/p>\n<p><em>The Turning Point<\/em> explora a destrui\u00e7\u00e3o do meio ambiente, as mudan\u00e7as clim\u00e1ticas e a extin\u00e7\u00e3o de esp\u00e9cies sob diferentes perspectivas. M\u00fasica de Wantaways.<\/p>\n<p>Criado no After Effects, Premiere Pro, Clip Studio Pro e Cinema 4D.<\/p>\n<p>Escrito, dirigido e animado por Steve Cutts<\/p>\n<p>&nbsp;<\/p>\n<h2><\/h2>\n","protected":false},"excerpt":{"rendered":"<p>Alerta ambiental Anima\u00e7\u00e3o de Steve Cutts \u00e9 um alerta ambiental chocante. Como seria o mundo se os animais fizessem com os humanos o que n\u00f3s fizemos com eles? Ainda h\u00e1 tempo de mudar o fim dessa hist\u00f3ria. Preservar \u00e9 preciso! The Turning Point explora a destrui\u00e7\u00e3o do meio ambiente, as mudan\u00e7as clim\u00e1ticas e a extin\u00e7\u00e3o de esp\u00e9cies sob diferentes perspectivas. [&hellip;]<\/p>\n","protected":false},"author":114,"featured_media":0,"comment_status":"open","ping_status":"open","sticky":false,"template":"","format":"standard","meta":{"footnotes":""},"categories":[155,3],"tags":[4,209,208,5,210],"class_list":["post-712","post","type-post","status-publish","format-standard","hentry","category-catastrofe-ambiental","category-meio-ambiente","tag-4elementos1planeta","tag-animacao","tag-steve-cutts","tag-sustentabilidade","tag-the-turning-point"],"_links":{"self":[{"href":"https:\/\/blogs.correiobraziliense.com.br\/4elementos\/wp-json\/wp\/v2\/posts\/712","targetHints":{"allow":["GET"]}}],"collection":[{"href":"https:\/\/blogs.correiobraziliense.com.br\/4elementos\/wp-json\/wp\/v2\/posts"}],"about":[{"href":"https:\/\/blogs.correiobraziliense.com.br\/4elementos\/wp-json\/wp\/v2\/types\/post"}],"author":[{"embeddable":true,"href":"https:\/\/blogs.correiobraziliense.com.br\/4elementos\/wp-json\/wp\/v2\/users\/114"}],"replies":[{"embeddable":true,"href":"https:\/\/blogs.correiobraziliense.com.br\/4elementos\/wp-json\/wp\/v2\/comments?post=712"}],"version-history":[{"count":4,"href":"https:\/\/blogs.correiobraziliense.com.br\/4elementos\/wp-json\/wp\/v2\/posts\/712\/revisions"}],"predecessor-version":[{"id":717,"href":"https:\/\/blogs.correiobraziliense.com.br\/4elementos\/wp-json\/wp\/v2\/posts\/712\/revisions\/717"}],"wp:attachment":[{"href":"https:\/\/blogs.correiobraziliense.com.br\/4elementos\/wp-json\/wp\/v2\/media?parent=712"}],"wp:term":[{"taxonomy":"category","embeddable":true,"href":"https:\/\/blogs.correiobraziliense.com.br\/4elementos\/wp-json\/wp\/v2\/categories?post=712"},{"taxonomy":"post_tag","embeddable":true,"href":"https:\/\/blogs.correiobraziliense.com.br\/4elementos\/wp-json\/wp\/v2\/tags?post=712"}],"curies":[{"name":"wp","href":"https:\/\/api.w.org\/{rel}","templated":true}]}}