{"id":706,"date":"2020-01-30T16:00:00","date_gmt":"2020-01-30T19:00:00","guid":{"rendered":"https:\/\/blogs.correiobraziliense.com.br\/4elementos\/?p=706"},"modified":"2020-01-30T11:32:21","modified_gmt":"2020-01-30T14:32:21","slug":"ods-ferramenta-ajuda-empresas-a-alcancar-os-objetivos-da-onu","status":"publish","type":"post","link":"https:\/\/blogs.correiobraziliense.com.br\/4elementos\/2020\/01\/30\/ods-ferramenta-ajuda-empresas-a-alcancar-os-objetivos-da-onu\/","title":{"rendered":"ODS: Ferramenta ajuda empresas a alcan\u00e7ar os objetivos da ONU"},"content":{"rendered":"<p><img loading=\"lazy\" decoding=\"async\" class=\"alignnone size-full wp-image-707\" src=\"https:\/\/blogs.correiobraziliense.com.br\/4elementos\/wp-content\/uploads\/sites\/53\/2020\/01\/GRID_ODS._Fundo_Branco._JPG._Colorido.jpg\" alt=\"\" width=\"878\" height=\"524\" srcset=\"https:\/\/blogs.correiobraziliense.com.br\/4elementos\/wp-content\/uploads\/sites\/53\/2020\/01\/GRID_ODS._Fundo_Branco._JPG._Colorido.jpg 878w, https:\/\/blogs.correiobraziliense.com.br\/4elementos\/wp-content\/uploads\/sites\/53\/2020\/01\/GRID_ODS._Fundo_Branco._JPG._Colorido-300x179.jpg 300w, https:\/\/blogs.correiobraziliense.com.br\/4elementos\/wp-content\/uploads\/sites\/53\/2020\/01\/GRID_ODS._Fundo_Branco._JPG._Colorido-768x458.jpg 768w, https:\/\/blogs.correiobraziliense.com.br\/4elementos\/wp-content\/uploads\/sites\/53\/2020\/01\/GRID_ODS._Fundo_Branco._JPG._Colorido-550x328.jpg 550w, https:\/\/blogs.correiobraziliense.com.br\/4elementos\/wp-content\/uploads\/sites\/53\/2020\/01\/GRID_ODS._Fundo_Branco._JPG._Colorido-230x137.jpg 230w\" sizes=\"auto, (max-width: 878px) 100vw, 878px\" \/><\/p>\n<p><span style=\"font-weight: 400\">Com 10 anos para alcan\u00e7ar os Objetivos de Desenvolvimento Sustent\u00e1vel (ODS) da Organiza\u00e7\u00e3o das Na\u00e7\u00f5es Unidas (ONU), foi lan\u00e7ada uma nova ferramenta online e gratuita de gerenciamento de impacto para a comunidade global de empresas. Dispon\u00edvel em cinco idiomas, o SDG Action Manager capacita empresas de todos os tamanhos, no mundo inteiro, a adotar medidas significativas e acompanhar seu progresso nos objetivos globais.<\/span><\/p>\n<p><span style=\"font-weight: 400\">Desenvolvido pelo B Lab e pelo Pacto Global das Na\u00e7\u00f5es Unidas, o SDG Action Manager re\u00fane a Avalia\u00e7\u00e3o de Impacto B do B Lab, os Dez Princ\u00edpios do Pacto Global e os Objetivos de Desenvolvimento Sustent\u00e1vel da ONU com a inten\u00e7\u00e3o de viabilizar que empresas realizem a\u00e7\u00f5es significativas por meio de autoavalia\u00e7\u00e3o din\u00e2mica, benchmarking e aprimoramento.\u00a0<\/span><\/p>\n<p><span style=\"font-weight: 400\">O objetivo \u00e9 que as empresas da Am\u00e9rica Latina e do Caribe participem e liderem uma transforma\u00e7\u00e3o que v\u00e1 al\u00e9m de apenas adaptar as pr\u00e1ticas tradicionais ao ODS, repensando modelos de neg\u00f3cios e fomentando a\u00e7\u00f5es coletivas.\u00a0<\/span><\/p>\n<p><span style=\"font-weight: 400\"><img loading=\"lazy\" decoding=\"async\" class=\"wp-image-708 size-medium alignright\" src=\"https:\/\/blogs.correiobraziliense.com.br\/4elementos\/wp-content\/uploads\/sites\/53\/2020\/01\/Carlo-Pereira_Secret\u00e1rio-Executivo-da-Rede-Brasil-do-Pacto-Global-200x300.jpg\" alt=\"\" width=\"200\" height=\"300\" srcset=\"https:\/\/blogs.correiobraziliense.com.br\/4elementos\/wp-content\/uploads\/sites\/53\/2020\/01\/Carlo-Pereira_Secret\u00e1rio-Executivo-da-Rede-Brasil-do-Pacto-Global-200x300.jpg 200w, https:\/\/blogs.correiobraziliense.com.br\/4elementos\/wp-content\/uploads\/sites\/53\/2020\/01\/Carlo-Pereira_Secret\u00e1rio-Executivo-da-Rede-Brasil-do-Pacto-Global-230x345.jpg 230w, https:\/\/blogs.correiobraziliense.com.br\/4elementos\/wp-content\/uploads\/sites\/53\/2020\/01\/Carlo-Pereira_Secret\u00e1rio-Executivo-da-Rede-Brasil-do-Pacto-Global.jpg 375w\" sizes=\"auto, (max-width: 200px) 100vw, 200px\" \/><\/span><\/p>\n<h2><strong>ODS<\/strong><\/h2>\n<p><span style=\"font-weight: 400\">\u201cIngressamos na d\u00e9cada da a\u00e7\u00e3o, como definiu o secret\u00e1rio-geral da ONU, Ant\u00f3nio Guterres. N\u00e3o h\u00e1 mais tempo a perder quando se trata de atingir os Objetivos de Desenvolvimento Sustent\u00e1vel\u201d, afirma Carlo Pereira (<strong>foto<\/strong>), diretor executivo da Rede Brasil do Pacto Global. \u201cO SDG Action Manager representa uma oportunidade real para que as empresas insiram de fato os ODS em suas estrat\u00e9gias de neg\u00f3cios, \u00fanico caminho para avan\u00e7armos com a consist\u00eancia e a velocidade necess\u00e1rias.\u201d<\/span><\/p>\n<p><span style=\"font-weight: 400\">Segundo Lise Kingo, CEO e diretora executiva do Pacto Global das Na\u00e7\u00f5es Unidas, h\u00e1 um reconhecimento claro de que a a\u00e7\u00e3o ainda n\u00e3o est\u00e1 \u00e0 altura do desafio. \u201cA comunidade empresarial tem um papel importante a cumprir. O SDG Action Manager foi desenvolvido para mobilizar o setor privado a tomar a\u00e7\u00f5es significativas e nos colocar de volta aos trilhos para alcan\u00e7ar a Agenda 2030.\u201d<\/span><\/p>\n<p><span style=\"font-weight: 400\">\u201cMudar o papel das empresas na sociedade sempre foi a ess\u00eancia da vis\u00e3o do B Lab. E agora, faltando apenas 10 anos para cumprir a Agenda de Desenvolvimento Sustent\u00e1vel para 2030, o papel das empresas n\u00e3o \u00e9 mais apenas participar da busca pelos Objetivos Globais, mas liderar\u201d, afirma Andrew Kassoy, cofundador e CEO do B Lab Global. \u201c\u00c9 preciso usar o poder dos neg\u00f3cios para resolver os problemas mais urgentes do mundo e inspirar outras pessoas a fazer o mesmo\u201d, acrescenta.<\/span><\/p>\n<p><span style=\"font-weight: 400\">Acesse o SDG Action Manager <a href=\"http:\/\/bit.ly\/ActionManager\">aqui<\/a>.<\/span><\/p>\n<p><span style=\"font-weight: 400\">\u00a0<\/span><\/p>\n<p>&nbsp;<\/p>\n","protected":false},"excerpt":{"rendered":"<p>Com 10 anos para alcan\u00e7ar os Objetivos de Desenvolvimento Sustent\u00e1vel (ODS) da Organiza\u00e7\u00e3o das Na\u00e7\u00f5es Unidas (ONU), foi lan\u00e7ada uma nova ferramenta online e gratuita de gerenciamento de impacto para a comunidade global de empresas. Dispon\u00edvel em cinco idiomas, o SDG Action Manager capacita empresas de todos os tamanhos, no mundo inteiro, a adotar medidas significativas e acompanhar seu progresso [&hellip;]<\/p>\n","protected":false},"author":114,"featured_media":0,"comment_status":"open","ping_status":"open","sticky":false,"template":"","format":"standard","meta":{"footnotes":""},"categories":[205,206],"tags":[4,51,48,47,207,5],"class_list":["post-706","post","type-post","status-publish","format-standard","hentry","category-objetivo-de-desenvolvimento-sustentavel","category-ods","tag-4elementos1planeta","tag-desenvolvimento-sustentavel","tag-ods","tag-onu","tag-sdg-action-manager","tag-sustentabilidade"],"_links":{"self":[{"href":"https:\/\/blogs.correiobraziliense.com.br\/4elementos\/wp-json\/wp\/v2\/posts\/706","targetHints":{"allow":["GET"]}}],"collection":[{"href":"https:\/\/blogs.correiobraziliense.com.br\/4elementos\/wp-json\/wp\/v2\/posts"}],"about":[{"href":"https:\/\/blogs.correiobraziliense.com.br\/4elementos\/wp-json\/wp\/v2\/types\/post"}],"author":[{"embeddable":true,"href":"https:\/\/blogs.correiobraziliense.com.br\/4elementos\/wp-json\/wp\/v2\/users\/114"}],"replies":[{"embeddable":true,"href":"https:\/\/blogs.correiobraziliense.com.br\/4elementos\/wp-json\/wp\/v2\/comments?post=706"}],"version-history":[{"count":3,"href":"https:\/\/blogs.correiobraziliense.com.br\/4elementos\/wp-json\/wp\/v2\/posts\/706\/revisions"}],"predecessor-version":[{"id":711,"href":"https:\/\/blogs.correiobraziliense.com.br\/4elementos\/wp-json\/wp\/v2\/posts\/706\/revisions\/711"}],"wp:attachment":[{"href":"https:\/\/blogs.correiobraziliense.com.br\/4elementos\/wp-json\/wp\/v2\/media?parent=706"}],"wp:term":[{"taxonomy":"category","embeddable":true,"href":"https:\/\/blogs.correiobraziliense.com.br\/4elementos\/wp-json\/wp\/v2\/categories?post=706"},{"taxonomy":"post_tag","embeddable":true,"href":"https:\/\/blogs.correiobraziliense.com.br\/4elementos\/wp-json\/wp\/v2\/tags?post=706"}],"curies":[{"name":"wp","href":"https:\/\/api.w.org\/{rel}","templated":true}]}}