{"id":684,"date":"2020-01-29T11:19:17","date_gmt":"2020-01-29T14:19:17","guid":{"rendered":"https:\/\/blogs.correiobraziliense.com.br\/4elementos\/?p=684"},"modified":"2020-01-29T11:19:17","modified_gmt":"2020-01-29T14:19:17","slug":"governo-nao-destina-recursos-suficientes-ao-plano-de-acao-ambiental","status":"publish","type":"post","link":"https:\/\/blogs.correiobraziliense.com.br\/4elementos\/2020\/01\/29\/governo-nao-destina-recursos-suficientes-ao-plano-de-acao-ambiental\/","title":{"rendered":"Governo n\u00e3o destina recursos suficientes ao Plano de A\u00e7\u00e3o Ambiental"},"content":{"rendered":"<p><span style=\"font-weight: 400\">Monitoramento realizado pelo Tribunal de Contas da Uni\u00e3o (TCU) indica que o governo federal implementou ou est\u00e1 implementando a maior parte das recomenda\u00e7\u00f5es feitas em rela\u00e7\u00e3o a a\u00e7\u00f5es para a adapta\u00e7\u00e3o dos diversos setores da economia aos cen\u00e1rios de mudan\u00e7as clim\u00e1ticas. No entanto, a Corte de contas aponta que a defini\u00e7\u00e3o de recursos or\u00e7ament\u00e1rios suficientes para a execu\u00e7\u00e3o das a\u00e7\u00f5es do Plano de A\u00e7\u00e3o Ambiental n\u00e3o foi cumprida.<\/span><\/p>\n<p><span style=\"font-weight: 400\">As a\u00e7\u00f5es relacionam-se a pol\u00edticas governamentais destinadas \u00e0 Amaz\u00f4nia, \u00e0s zonas costeiras, ao setor agropecu\u00e1rio, e \u00e0 garantia de seguran\u00e7a h\u00eddrica (<strong>foto<\/strong>) na regi\u00e3o do semi\u00e1rido.\u00a0<\/span><\/p>\n<p>&nbsp;<\/p>\n<p><span style=\"font-weight: 400\"><img loading=\"lazy\" decoding=\"async\" class=\"size-full wp-image-685 alignright\" src=\"https:\/\/blogs.correiobraziliense.com.br\/4elementos\/wp-content\/uploads\/sites\/53\/2020\/01\/seguran\u00e7a-h\u00eddrica.jpg\" alt=\"\" width=\"607\" height=\"391\" srcset=\"https:\/\/blogs.correiobraziliense.com.br\/4elementos\/wp-content\/uploads\/sites\/53\/2020\/01\/seguran\u00e7a-h\u00eddrica.jpg 607w, https:\/\/blogs.correiobraziliense.com.br\/4elementos\/wp-content\/uploads\/sites\/53\/2020\/01\/seguran\u00e7a-h\u00eddrica-300x193.jpg 300w, https:\/\/blogs.correiobraziliense.com.br\/4elementos\/wp-content\/uploads\/sites\/53\/2020\/01\/seguran\u00e7a-h\u00eddrica-550x354.jpg 550w, https:\/\/blogs.correiobraziliense.com.br\/4elementos\/wp-content\/uploads\/sites\/53\/2020\/01\/seguran\u00e7a-h\u00eddrica-230x148.jpg 230w\" sizes=\"auto, (max-width: 607px) 100vw, 607px\" \/>\u00a0<\/span><\/p>\n<p><span style=\"font-weight: 400\">Das recomenda\u00e7\u00f5es monitoradas, o incentivo ao acesso, por produtores rurais, a linhas de cr\u00e9dito voltadas para a preserva\u00e7\u00e3o e recupera\u00e7\u00e3o da floresta amaz\u00f4nica foi considerada implementada. A adequa\u00e7\u00e3o das atividades de apoio prestado a assentamentos ambientalmente diferenciados, especialmente no que diz respeito \u00e0 assist\u00eancia t\u00e9cnica aos assentados est\u00e1 em implementa\u00e7\u00e3o.<\/span><\/p>\n<h2><span style=\"font-weight: 400\">Falta o principal: destinar recursos suficientes para implementar o <strong>Plano de A\u00e7\u00e3o Ambiental.\u00a0<\/strong><\/span><\/h2>\n","protected":false},"excerpt":{"rendered":"<p>Monitoramento realizado pelo Tribunal de Contas da Uni\u00e3o (TCU) indica que o governo federal implementou ou est\u00e1 implementando a maior parte das recomenda\u00e7\u00f5es feitas em rela\u00e7\u00e3o a a\u00e7\u00f5es para a adapta\u00e7\u00e3o dos diversos setores da economia aos cen\u00e1rios de mudan\u00e7as clim\u00e1ticas. No entanto, a Corte de contas aponta que a defini\u00e7\u00e3o de recursos or\u00e7ament\u00e1rios suficientes para a execu\u00e7\u00e3o das a\u00e7\u00f5es [&hellip;]<\/p>\n","protected":false},"author":114,"featured_media":0,"comment_status":"open","ping_status":"open","sticky":false,"template":"","format":"standard","meta":{"footnotes":""},"categories":[57,132],"tags":[4,51,134,201,5,17],"class_list":["post-684","post","type-post","status-publish","format-standard","hentry","category-desenvolvimento-sustentavel","category-mudancas-climaticas","tag-4elementos1planeta","tag-desenvolvimento-sustentavel","tag-mudancas-climaticas","tag-plano-de-acao-ambiental","tag-sustentabilidade","tag-tcu"],"_links":{"self":[{"href":"https:\/\/blogs.correiobraziliense.com.br\/4elementos\/wp-json\/wp\/v2\/posts\/684","targetHints":{"allow":["GET"]}}],"collection":[{"href":"https:\/\/blogs.correiobraziliense.com.br\/4elementos\/wp-json\/wp\/v2\/posts"}],"about":[{"href":"https:\/\/blogs.correiobraziliense.com.br\/4elementos\/wp-json\/wp\/v2\/types\/post"}],"author":[{"embeddable":true,"href":"https:\/\/blogs.correiobraziliense.com.br\/4elementos\/wp-json\/wp\/v2\/users\/114"}],"replies":[{"embeddable":true,"href":"https:\/\/blogs.correiobraziliense.com.br\/4elementos\/wp-json\/wp\/v2\/comments?post=684"}],"version-history":[{"count":9,"href":"https:\/\/blogs.correiobraziliense.com.br\/4elementos\/wp-json\/wp\/v2\/posts\/684\/revisions"}],"predecessor-version":[{"id":694,"href":"https:\/\/blogs.correiobraziliense.com.br\/4elementos\/wp-json\/wp\/v2\/posts\/684\/revisions\/694"}],"wp:attachment":[{"href":"https:\/\/blogs.correiobraziliense.com.br\/4elementos\/wp-json\/wp\/v2\/media?parent=684"}],"wp:term":[{"taxonomy":"category","embeddable":true,"href":"https:\/\/blogs.correiobraziliense.com.br\/4elementos\/wp-json\/wp\/v2\/categories?post=684"},{"taxonomy":"post_tag","embeddable":true,"href":"https:\/\/blogs.correiobraziliense.com.br\/4elementos\/wp-json\/wp\/v2\/tags?post=684"}],"curies":[{"name":"wp","href":"https:\/\/api.w.org\/{rel}","templated":true}]}}