{"id":681,"date":"2020-01-28T18:49:17","date_gmt":"2020-01-28T21:49:17","guid":{"rendered":"https:\/\/blogs.correiobraziliense.com.br\/4elementos\/?p=681"},"modified":"2020-01-28T18:49:17","modified_gmt":"2020-01-28T21:49:17","slug":"preocupacao-com-meio-ambiente-aumenta-entre-consumidores-e-fundos-de-investimentos","status":"publish","type":"post","link":"https:\/\/blogs.correiobraziliense.com.br\/4elementos\/2020\/01\/28\/preocupacao-com-meio-ambiente-aumenta-entre-consumidores-e-fundos-de-investimentos\/","title":{"rendered":"Preocupa\u00e7\u00e3o com meio ambiente aumenta entre consumidores e fundos de investimentos"},"content":{"rendered":"<p><span style=\"font-weight: 400\">O secret\u00e1rio do Tesouro Nacional, Mansueto Almeida, disse nesta ter\u00e7a-feira (28\/1) que as discuss\u00f5es sobre a prote\u00e7\u00e3o do meio ambiente s\u00e3o relevantes e que os fundos de investimento que procuram o governo enfatizam isso. \u201c\u00c9 um movimento global. Fundos da Europa e do Canad\u00e1 e empresas. Precisamos mostrar que o pa\u00eds se importa com isso\u201d, afirmou. Para ele, a cria\u00e7\u00e3o do Conselho da Amaz\u00f4nia ser\u00e1 uma iniciativa importante nesse sentido.<\/span><\/p>\n<p><span style=\"font-weight: 400\">Mas n\u00e3o s\u00f3 fundos de investimentos e empresas estrangeiras est\u00e3o de olho na prote\u00e7\u00e3o do meio ambiente. A pesquisa Environment Research 2019, realizada pela Tetra Pak em 15 pa\u00edses e divulgada este m\u00eas, mostrou que a coleta seletiva para o descarte correto dos res\u00edduos e redu\u00e7\u00e3o do desperd\u00edcio de alimentos s\u00e3o os temas que mais v\u00eam \u00e0 cabe\u00e7a dos consumidores brasileiros quando o assunto \u00e9 preocupa\u00e7\u00e3o com as quest\u00f5es ambientais.<\/span><\/p>\n<p><span style=\"font-weight: 400\">Globalmente, mais de 80% da popula\u00e7\u00e3o acredita que as discuss\u00f5es relacionadas a meio ambiente aumentar\u00e3o nos pr\u00f3ximos cinco anos. No pa\u00eds, 93% dos consumidores consideram marcas com embalagens ambientalmente respons\u00e1veis no momento de decis\u00e3o de compra e 73% acreditam que a mudan\u00e7a de h\u00e1bito se d\u00e1 pensando nas futuras gera\u00e7\u00f5es.\u00a0<\/span><\/p>\n<p><span style=\"font-weight: 400\"><img loading=\"lazy\" decoding=\"async\" class=\"size-full wp-image-682 alignright\" src=\"https:\/\/blogs.correiobraziliense.com.br\/4elementos\/wp-content\/uploads\/sites\/53\/2020\/01\/reciclagem.jpg\" alt=\"\" width=\"380\" height=\"372\" srcset=\"https:\/\/blogs.correiobraziliense.com.br\/4elementos\/wp-content\/uploads\/sites\/53\/2020\/01\/reciclagem.jpg 380w, https:\/\/blogs.correiobraziliense.com.br\/4elementos\/wp-content\/uploads\/sites\/53\/2020\/01\/reciclagem-300x294.jpg 300w, https:\/\/blogs.correiobraziliense.com.br\/4elementos\/wp-content\/uploads\/sites\/53\/2020\/01\/reciclagem-230x225.jpg 230w\" sizes=\"auto, (max-width: 380px) 100vw, 380px\" \/>No Brasil, 86% dos entrevistados est\u00e3o preocupados com as quest\u00f5es ambientais. Entre os temas mais sens\u00edveis se destacam acesso \u00e0 \u00e1gua, polui\u00e7\u00e3o e o lixo pl\u00e1stico nos oceanos. Aqui, 48% dos consumidores nacionais declaram que separam os res\u00edduos para a coleta seletiva. Al\u00e9m disso, nos \u00faltimos seis anos, a procura por selos de sustentabilidade nas embalagens est\u00e1 aumentando. Hoje, mais da metade dos consumidores brasileiros (54%) procuram os selos quando compram bebidas e 35% reconhecem o selo FSC\u00ae (Forest Stewardship Council).\u00a0<\/span><\/p>\n<p><span style=\"font-weight: 400\">\u201cA pesquisa representa um grande potencial para a conscientiza\u00e7\u00e3o socioambiental e mostra que nossos investimentos ao fomento \u00e0 cadeia da reciclagem e ao conceito de economia circular v\u00e3o de encontro com as demandas do consumidor consciente. Deste modo, continuamos a considerar o menor impacto ambiental em todos os nossos processos\u201d, afirma Val\u00e9ria Michel, diretora de economia circular da Tetra Pak para as Am\u00e9ricas.\u00a0<\/span><\/p>\n<h2><strong>Sustentabilidade<\/strong><\/h2>\n<p><span style=\"font-weight: 400\">Os brasileiros citaram as m\u00eddias sociais como o canal mais usado para obter informa\u00e7\u00f5es ambientais sobre embalagens. Os conceitos: recicl\u00e1vel (80%), biodegrad\u00e1vel (70%), renov\u00e1vel (66%) s\u00e3o os mais familiares. O que estimula a maioria (73%) a comprar produtos sustent\u00e1veis \u00e9 a busca pela preserva\u00e7\u00e3o do meio ambiente para as pr\u00f3ximas gera\u00e7\u00f5es. J\u00e1 49% mencionam como motiva\u00e7\u00e3o fazer algo pela comunidade e 5% assumem que fazem isso porque est\u00e1 na moda.\u00a0<\/span><\/p>\n<p><span style=\"font-weight: 400\">Mesmo com a preocupa\u00e7\u00e3o sobre as quest\u00f5es ambientais em expans\u00e3o, 43% do p\u00fablico entende que o alto custo dos produtos ambientalmente respons\u00e1veis ainda \u00e9 uma barreira para os consumidores. Outro ponto considerado como dificuldade para transformar seus h\u00e1bitos di\u00e1rios baseados na sustentabilidade \u00e9 a falta de informa\u00e7\u00e3o (42%).\u00a0<\/span><\/p>\n<p><span style=\"font-weight: 400\">\u201cIdentificamos o fortalecimento da pr\u00e1tica do consumo consciente. Nesse sentido, h\u00e1 um movimento cada vez mais latente para que as marcas e os produtos sejam esclarecedores acerca de seus compromissos ambientais\u201d, complementa Val\u00e9ria. \u00c9 por isso que a Tetra Pak atua h\u00e1 mais de 20 anos no fomento \u00e0 reciclagem e desenvolve, ano a ano, a\u00e7\u00f5es de conscientiza\u00e7\u00e3o sobre o tema.\u00a0<\/span><\/p>\n<p><span style=\"font-weight: 400\">Uma delas \u00e9 o <a href=\"http:\/\/www.rotadareciclagem.com.br\">Rota da Reciclagem<\/a>, plataforma com mais de 5 mil pontos de coleta registrados em todo o Brasil. O objetivo \u00e9 facilitar o acesso a pontos de entrega volunt\u00e1ria, cooperativas de materiais recicl\u00e1veis e com\u00e9rcios de reciclagem mais perto de quem acessa. Basta incluir o endere\u00e7o para encontrar o ponto mais pr\u00f3ximo.<\/span><\/p>\n<p>&nbsp;<\/p>\n","protected":false},"excerpt":{"rendered":"<p>O secret\u00e1rio do Tesouro Nacional, Mansueto Almeida, disse nesta ter\u00e7a-feira (28\/1) que as discuss\u00f5es sobre a prote\u00e7\u00e3o do meio ambiente s\u00e3o relevantes e que os fundos de investimento que procuram o governo enfatizam isso. \u201c\u00c9 um movimento global. Fundos da Europa e do Canad\u00e1 e empresas. Precisamos mostrar que o pa\u00eds se importa com isso\u201d, afirmou. Para ele, a cria\u00e7\u00e3o [&hellip;]<\/p>\n","protected":false},"author":114,"featured_media":0,"comment_status":"open","ping_status":"open","sticky":false,"template":"","format":"standard","meta":{"footnotes":""},"categories":[3,54],"tags":[4,89,7,200,199,55],"class_list":["post-681","post","type-post","status-publish","format-standard","hentry","category-meio-ambiente","category-reciclagem","tag-4elementos1planeta","tag-atitudes-sustentaveis","tag-conscientizacao","tag-fundos-de-investimentos","tag-preocupacao-com-meio-ambiente","tag-reciclagem"],"_links":{"self":[{"href":"https:\/\/blogs.correiobraziliense.com.br\/4elementos\/wp-json\/wp\/v2\/posts\/681","targetHints":{"allow":["GET"]}}],"collection":[{"href":"https:\/\/blogs.correiobraziliense.com.br\/4elementos\/wp-json\/wp\/v2\/posts"}],"about":[{"href":"https:\/\/blogs.correiobraziliense.com.br\/4elementos\/wp-json\/wp\/v2\/types\/post"}],"author":[{"embeddable":true,"href":"https:\/\/blogs.correiobraziliense.com.br\/4elementos\/wp-json\/wp\/v2\/users\/114"}],"replies":[{"embeddable":true,"href":"https:\/\/blogs.correiobraziliense.com.br\/4elementos\/wp-json\/wp\/v2\/comments?post=681"}],"version-history":[{"count":1,"href":"https:\/\/blogs.correiobraziliense.com.br\/4elementos\/wp-json\/wp\/v2\/posts\/681\/revisions"}],"predecessor-version":[{"id":683,"href":"https:\/\/blogs.correiobraziliense.com.br\/4elementos\/wp-json\/wp\/v2\/posts\/681\/revisions\/683"}],"wp:attachment":[{"href":"https:\/\/blogs.correiobraziliense.com.br\/4elementos\/wp-json\/wp\/v2\/media?parent=681"}],"wp:term":[{"taxonomy":"category","embeddable":true,"href":"https:\/\/blogs.correiobraziliense.com.br\/4elementos\/wp-json\/wp\/v2\/categories?post=681"},{"taxonomy":"post_tag","embeddable":true,"href":"https:\/\/blogs.correiobraziliense.com.br\/4elementos\/wp-json\/wp\/v2\/tags?post=681"}],"curies":[{"name":"wp","href":"https:\/\/api.w.org\/{rel}","templated":true}]}}