{"id":661,"date":"2019-12-11T18:59:31","date_gmt":"2019-12-11T21:59:31","guid":{"rendered":"https:\/\/blogs.correiobraziliense.com.br\/4elementos\/?p=661"},"modified":"2019-12-11T19:00:52","modified_gmt":"2019-12-11T22:00:52","slug":"greta-thunberg-e-escolhida-personalidade-do-ano-pela-time","status":"publish","type":"post","link":"https:\/\/blogs.correiobraziliense.com.br\/4elementos\/2019\/12\/11\/greta-thunberg-e-escolhida-personalidade-do-ano-pela-time\/","title":{"rendered":"Greta Thunberg \u00e9 escolhida personalidade do ano pela Time"},"content":{"rendered":"<p>A ativista ambiental Greta Thunberg, de 16 anos, foi escolhida como Personalidade do Ano pela revista norte-americana <em>Time<\/em>.\u00a0 Na capa da publica\u00e7\u00e3o, a jovem est\u00e1 perto do mar junto da frase &#8220;o poder da juventude&#8221;. A adolescente foi chamada de pirralha pelo presidente do Brasil, Jair Bolsonaro e, desde ent\u00e3o, a hashtag <strong>#lutecomoumapirralha<\/strong> ganhou as redes sociais.<\/p>\n<p>Bolsonaro, cuja pol\u00edtica ambiental \u00e9 criticada mundialmente, voltou a ironizar a menina. &#8220;Tem at\u00e9 uma pirralha que tudo o que ela fala \u00e0 nossa imprensa, a nossa imprensa, pelo amor de Deus, d\u00e1 um destaque enorme. Ela est\u00e1 agora fazendo o seu showzinho l\u00e1 na COP25&#8221;, afirmou.\u00a0Em resposta, Greta Thunberg adicionou o termo pirralha no seu perfil do Twitter.<\/p>\n<p><img loading=\"lazy\" decoding=\"async\" class=\"size-full wp-image-662 alignleft\" src=\"https:\/\/blogs.correiobraziliense.com.br\/4elementos\/wp-content\/uploads\/sites\/53\/2019\/12\/greta.jpg\" alt=\"\" width=\"194\" height=\"259\" \/>Greta est\u00e1 desde quinta-feira passada, dia 5, em Madri, onde participa da Confer\u00eancia do Clima da ONU, a COP25. Ela se tornou um s\u00edmbolo da luta contra as mudan\u00e7as clim\u00e1ticas e virou celebridade. &#8220;Greta inspirou 4 milh\u00f5es de pessoas a se unir \u00e0 greve clim\u00e1tica global em 20 de setembro de 2019, na maior demonstra\u00e7\u00e3o clim\u00e1tica da hist\u00f3ria da humanidade&#8221;, destaca a <em>Time<\/em>.\u00a0Conseguiu criar uma mudan\u00e7a de atitude global, transformando milh\u00f5es de vagas ansiedades em um movimento mundial que pedia mudan\u00e7as urgentes. Ela ofereceu um apelo moral para aqueles que est\u00e3o dispostos a agir e lan\u00e7ou vergonha para aqueles que n\u00e3o o s\u00e3o&#8221;, continua a revista.<\/p>\n<h2 style=\"text-align: center\"><strong>Carreira de Greta Thunberg<\/strong><\/h2>\n<p>Greta ganhou aten\u00e7\u00e3o em agosto do ano passado, quando iniciou um protesto solit\u00e1rio na frente do Parlamento sueco. Todas as sextas-feiras, ela faltava \u00e0s aulas e, com um cartaz com os dizeres &#8220;em greve escolar pelo clima&#8221;, distribu\u00eda folhetos com uma lista de fatos cient\u00edficos sobre as mudan\u00e7as clim\u00e1ticas.<\/p>\n<p>Em janeiro deste ano, discursou no F\u00f3rum Econ\u00f4mico Mundial, em Davos: &#8220;Os adultos continuam dizendo que devemos dar aos jovens esperan\u00e7a, mas eu n\u00e3o quero sua esperan\u00e7a. Eu n\u00e3o quero que voc\u00ea seja esperan\u00e7oso. Eu quero que voc\u00ea entre em p\u00e2nico. Eu quero que voc\u00ea sinta o medo que sinto todos os dias. E ent\u00e3o eu quero que voc\u00ea aja&#8221;, afirmou, comovendo ambientalistas por todo o planeta.<\/p>\n<p>Diagnosticada com a s\u00edndrome de Asperger, um tipo leve dentro do espectro do autismo, Greta n\u00e3o poupa ningu\u00e9m. Neste ano, na marcha pelo clima em Nova York que antecedeu a C\u00fapula do Clima da ONU, ela falou: &#8220;As pessoas que t\u00eam poder em todo o mundo s\u00e3o iguais em promessas vazias, em mentiras, em ina\u00e7\u00e3o. A gente n\u00e3o tomou as ruas, n\u00e3o sacrificou nossa educa\u00e7\u00e3o para fazer selfies com pol\u00edticos que dizem que nos admiram. O que queremos \u00e9 um futuro seguro. Estamos aqui para acord\u00e1-los. Somos uma onda de mudan\u00e7as&#8221;.<\/p>\n<p><strong>#lutecomoumapirralha<\/strong><\/p>\n<p>Com informa\u00e7\u00f5es da <em>Ag\u00eancia Estado<\/em><\/p>\n<p>&nbsp;<\/p>\n","protected":false},"excerpt":{"rendered":"<p>A ativista ambiental Greta Thunberg, de 16 anos, foi escolhida como Personalidade do Ano pela revista norte-americana Time.\u00a0 Na capa da publica\u00e7\u00e3o, a jovem est\u00e1 perto do mar junto da frase &#8220;o poder da juventude&#8221;. A adolescente foi chamada de pirralha pelo presidente do Brasil, Jair Bolsonaro e, desde ent\u00e3o, a hashtag #lutecomoumapirralha ganhou as redes sociais. Bolsonaro, cuja pol\u00edtica [&hellip;]<\/p>\n","protected":false},"author":114,"featured_media":0,"comment_status":"open","ping_status":"open","sticky":false,"template":"","format":"standard","meta":{"footnotes":""},"categories":[87,132],"tags":[195,4,194,6,134,5],"class_list":["post-661","post","type-post","status-publish","format-standard","hentry","category-aquecimento-global","category-mudancas-climaticas","tag-lutecomoumapirralha","tag-4elementos1planeta","tag-greta-thunberg","tag-meio-ambiente","tag-mudancas-climaticas","tag-sustentabilidade"],"_links":{"self":[{"href":"https:\/\/blogs.correiobraziliense.com.br\/4elementos\/wp-json\/wp\/v2\/posts\/661","targetHints":{"allow":["GET"]}}],"collection":[{"href":"https:\/\/blogs.correiobraziliense.com.br\/4elementos\/wp-json\/wp\/v2\/posts"}],"about":[{"href":"https:\/\/blogs.correiobraziliense.com.br\/4elementos\/wp-json\/wp\/v2\/types\/post"}],"author":[{"embeddable":true,"href":"https:\/\/blogs.correiobraziliense.com.br\/4elementos\/wp-json\/wp\/v2\/users\/114"}],"replies":[{"embeddable":true,"href":"https:\/\/blogs.correiobraziliense.com.br\/4elementos\/wp-json\/wp\/v2\/comments?post=661"}],"version-history":[{"count":7,"href":"https:\/\/blogs.correiobraziliense.com.br\/4elementos\/wp-json\/wp\/v2\/posts\/661\/revisions"}],"predecessor-version":[{"id":669,"href":"https:\/\/blogs.correiobraziliense.com.br\/4elementos\/wp-json\/wp\/v2\/posts\/661\/revisions\/669"}],"wp:attachment":[{"href":"https:\/\/blogs.correiobraziliense.com.br\/4elementos\/wp-json\/wp\/v2\/media?parent=661"}],"wp:term":[{"taxonomy":"category","embeddable":true,"href":"https:\/\/blogs.correiobraziliense.com.br\/4elementos\/wp-json\/wp\/v2\/categories?post=661"},{"taxonomy":"post_tag","embeddable":true,"href":"https:\/\/blogs.correiobraziliense.com.br\/4elementos\/wp-json\/wp\/v2\/tags?post=661"}],"curies":[{"name":"wp","href":"https:\/\/api.w.org\/{rel}","templated":true}]}}