{"id":648,"date":"2019-12-10T14:51:35","date_gmt":"2019-12-10T17:51:35","guid":{"rendered":"https:\/\/blogs.correiobraziliense.com.br\/4elementos\/?p=648"},"modified":"2019-12-11T12:43:54","modified_gmt":"2019-12-11T15:43:54","slug":"saneamento-plataforma-incentiva-investimentos-no-setor-de-agua-e-esgoto-no-brasil","status":"publish","type":"post","link":"https:\/\/blogs.correiobraziliense.com.br\/4elementos\/2019\/12\/10\/saneamento-plataforma-incentiva-investimentos-no-setor-de-agua-e-esgoto-no-brasil\/","title":{"rendered":"Saneamento: incentivo a investimentos no setor de \u00e1gua e esgoto"},"content":{"rendered":"<p><img loading=\"lazy\" decoding=\"async\" class=\"size-full wp-image-650 alignright\" src=\"https:\/\/blogs.correiobraziliense.com.br\/4elementos\/wp-content\/uploads\/sites\/53\/2019\/12\/ods-6.png\" alt=\"\" width=\"532\" height=\"532\" srcset=\"https:\/\/blogs.correiobraziliense.com.br\/4elementos\/wp-content\/uploads\/sites\/53\/2019\/12\/ods-6.png 532w, https:\/\/blogs.correiobraziliense.com.br\/4elementos\/wp-content\/uploads\/sites\/53\/2019\/12\/ods-6-150x150.png 150w, https:\/\/blogs.correiobraziliense.com.br\/4elementos\/wp-content\/uploads\/sites\/53\/2019\/12\/ods-6-300x300.png 300w, https:\/\/blogs.correiobraziliense.com.br\/4elementos\/wp-content\/uploads\/sites\/53\/2019\/12\/ods-6-230x230.png 230w\" sizes=\"auto, (max-width: 532px) 100vw, 532px\" \/>No dia em que a C\u00e2mara dos Deputados promete votar o novo marco legal do saneamento, evento promovido pela Rede Brasil do Pacto Global discute formas de incentivo a investimentos no setor.<\/p>\n<p>Quando se discute acesso \u00e0 \u00e1gua pot\u00e1vel e saneamento b\u00e1sico, a situa\u00e7\u00e3o brasileira n\u00e3o \u00e9 boa. Apenas 46% dos esgotos do pa\u00eds s\u00e3o tratados, e 35 milh\u00f5es de pessoas n\u00e3o t\u00eam acesso a \u00e1gua tratada, segundo o Instituto Trata Brasil. Para resolver o problema, seriam necess\u00e1rios investimentos de quase R$ 21,6 bilh\u00f5es por ano, at\u00e9 2033, mas o or\u00e7amento p\u00fablico limita-se a somente R$ 661 milh\u00f5es, conforme dados da Confedera\u00e7\u00e3o Nacional da Ind\u00fastria (CNI).<\/p>\n<p>Com o objetivo de promover maior engajamento das empresas com solu\u00e7\u00f5es para este tema, a Rede Brasil do Pacto Global promove a\u00e7\u00e3o com a plataforma CEO Water Mandate em S\u00e3o Paulo no m\u00eas de dezembro. Pela primeira vez, a plataforma especializada na gest\u00e3o corporativa da \u00e1gua realiza edi\u00e7\u00e3o brasileira de seu evento anual, tradicionalmente sediado durante a Semana da \u00c1gua de Estocolmo.<\/p>\n<p>Nesta quarta-feira, 11 de dezembro, no Unibes Cultural (SP), especialistas discutir\u00e3o solu\u00e7\u00f5es para a promo\u00e7\u00e3o do Objetivo Global 6 \u2013 Acesso a \u00c1gua pot\u00e1vel e Saneamento. Entre os confirmados est\u00e3o o presidente do CEO Water Mandate, Jason Morrison, o especialista em solu\u00e7\u00f5es baseadas na natureza da Funda\u00e7\u00e3o Botic\u00e1rio, Thiago Piazzetta Valente, e a criadora da plataforma A Moda pela \u00c1gua, Chiara Gadaleta.<\/p>\n<p>Na ocasi\u00e3o, a Rede Brasil do Pacto Global lan\u00e7a a vers\u00e3o em portugu\u00eas do guia pr\u00e1tico <em>Strengthening the business case for water, sanitation and hygiene \u2013 how to measure value for your business,<\/em> desenvolvido para ajudar as empresas a entender o valor comercial de suas iniciativas em \u00e1gua, saneamento e higiene (Wash) e a calcular seu retorno financeiro sobre o investimento (ROI). Tamb\u00e9m ser\u00e3o premiadas as melhores iniciativas empresariais brasileiras relacionadas ao uso da \u00e1gua, que far\u00e3o parte da publica\u00e7\u00e3o \u201cCases de sucesso em ODS 6 (\u00c1gua e saneamento)\u201d.<\/p>\n<p>\u201cEm busca da ambi\u00e7\u00e3o do ODS6 de obter acesso universal \u00e0 \u00c1gua, Saneamento e Higiene (Wash), estamos pedindo a todas as empresas que estabele\u00e7am pol\u00edticas e programas de WASH no local de trabalho, nas suas cadeias de suprimentos e nas comunidades onde os trabalhadores vivem, que garantam acesso \u00e0 \u00e1gua pot\u00e1vel e saneamento \u00e0 maioria da popula\u00e7\u00e3o adulta, que trabalha fora de casa\u201d, afirma Jason Morrison, presidente do CEO Water Mandate e do Pacific Institute, que participa do evento em dezembro.<\/p>\n<h2 style=\"text-align: center\"><strong>Saneamento<\/strong><\/h2>\n<p>A Organiza\u00e7\u00e3o Mundial da Sa\u00fade estima que a cada d\u00f3lar investido em saneamento, US$ 5 retornam \u00e0 sociedade, principalmente em forma de economia nos gastos com tratamento de doen\u00e7as. Portanto, al\u00e9m dos benef\u00edcios \u00e9ticos e sociais, os neg\u00f3cios podem aproveitar as oportunidades econ\u00f4micas geradas pelo investimento em saneamento b\u00e1sico e \u00e1gua pot\u00e1vel. A situa\u00e7\u00e3o urgente cria oportunidades para as empresas que desejam atuar neste setor. Os investimentos em \u00e1gua e saneamento tem potencial de gerar um total de 68,3 mil postos anuais de trabalho.<\/p>\n<p>\u201cSeguran\u00e7a h\u00eddrica \u00e9 uma quest\u00e3o importante para empresas e investidores, uma vez que o recurso \u00e9 essencial para mover os setores da ind\u00fastria, com\u00e9rcio, agricultura e servi\u00e7os. Al\u00e9m de evitar riscos reputacionais a empresas, a pr\u00f3pria constru\u00e7\u00e3o de um cen\u00e1rio resiliente para uma escassez de \u00e1gua cria oportunidades para os neg\u00f3cios que podem oferecer solu\u00e7\u00f5es tecnol\u00f3gicas e produtos inovadores\u201d, afirma o secret\u00e1rio executivo da Rede Brasil do Pacto Global, Carlo Pereira.<\/p>\n<h2><strong>Saiba mais<\/strong><\/h2>\n<p><strong>O qu\u00ea<\/strong>: O evento anual do CEO Water Mandate \u00e9 promovido no Brasil pela Rede Brasil do Pacto Global com a ISAE Escola de Neg\u00f3cios, e viabilizado pela BRK Ambiental e Instituto Coca-Cola, com o patroc\u00ednio do CREA Goi\u00e1s e apoio da UNIBES Cultural e da plataforma A Moda pela \u00c1gua.<br \/>\n<strong>Quando<\/strong>: 11 de dezembro, \u00e0s 9h<br \/>\n<strong>Onde<\/strong>: Unibes Cultural (Rua Oscar Freire, 2500 &#8211; Sumar\u00e9, S\u00e3o Paulo)<br \/>\n<strong>Inscri\u00e7\u00f5es<\/strong>: gratuitas e podem ser feitas clicando <a href=\"http:\/\/bit.ly\/CEOWMnoBrasil\">aqui<\/a><\/p>\n","protected":false},"excerpt":{"rendered":"<p>No dia em que a C\u00e2mara dos Deputados promete votar o novo marco legal do saneamento, evento promovido pela Rede Brasil do Pacto Global discute formas de incentivo a investimentos no setor. Quando se discute acesso \u00e0 \u00e1gua pot\u00e1vel e saneamento b\u00e1sico, a situa\u00e7\u00e3o brasileira n\u00e3o \u00e9 boa. Apenas 46% dos esgotos do pa\u00eds s\u00e3o tratados, e 35 milh\u00f5es de [&hellip;]<\/p>\n","protected":false},"author":114,"featured_media":0,"comment_status":"open","ping_status":"open","sticky":false,"template":"","format":"standard","meta":{"footnotes":""},"categories":[3,2],"tags":[4,51,6,47,193,192],"class_list":["post-648","post","type-post","status-publish","format-standard","hentry","category-meio-ambiente","category-sustentabilidade","tag-4elementos1planeta","tag-desenvolvimento-sustentavel","tag-meio-ambiente","tag-onu","tag-rede-brasil-do-pacto-global","tag-saneamento"],"_links":{"self":[{"href":"https:\/\/blogs.correiobraziliense.com.br\/4elementos\/wp-json\/wp\/v2\/posts\/648","targetHints":{"allow":["GET"]}}],"collection":[{"href":"https:\/\/blogs.correiobraziliense.com.br\/4elementos\/wp-json\/wp\/v2\/posts"}],"about":[{"href":"https:\/\/blogs.correiobraziliense.com.br\/4elementos\/wp-json\/wp\/v2\/types\/post"}],"author":[{"embeddable":true,"href":"https:\/\/blogs.correiobraziliense.com.br\/4elementos\/wp-json\/wp\/v2\/users\/114"}],"replies":[{"embeddable":true,"href":"https:\/\/blogs.correiobraziliense.com.br\/4elementos\/wp-json\/wp\/v2\/comments?post=648"}],"version-history":[{"count":7,"href":"https:\/\/blogs.correiobraziliense.com.br\/4elementos\/wp-json\/wp\/v2\/posts\/648\/revisions"}],"predecessor-version":[{"id":659,"href":"https:\/\/blogs.correiobraziliense.com.br\/4elementos\/wp-json\/wp\/v2\/posts\/648\/revisions\/659"}],"wp:attachment":[{"href":"https:\/\/blogs.correiobraziliense.com.br\/4elementos\/wp-json\/wp\/v2\/media?parent=648"}],"wp:term":[{"taxonomy":"category","embeddable":true,"href":"https:\/\/blogs.correiobraziliense.com.br\/4elementos\/wp-json\/wp\/v2\/categories?post=648"},{"taxonomy":"post_tag","embeddable":true,"href":"https:\/\/blogs.correiobraziliense.com.br\/4elementos\/wp-json\/wp\/v2\/tags?post=648"}],"curies":[{"name":"wp","href":"https:\/\/api.w.org\/{rel}","templated":true}]}}