{"id":642,"date":"2019-12-10T11:35:33","date_gmt":"2019-12-10T14:35:33","guid":{"rendered":"https:\/\/blogs.correiobraziliense.com.br\/4elementos\/?p=642"},"modified":"2019-12-10T11:38:32","modified_gmt":"2019-12-10T14:38:32","slug":"manejo-florestal-reduz-desmatamento-da-amazonia-e-agrega-valor-a-cadeia-da-madeira","status":"publish","type":"post","link":"https:\/\/blogs.correiobraziliense.com.br\/4elementos\/2019\/12\/10\/manejo-florestal-reduz-desmatamento-da-amazonia-e-agrega-valor-a-cadeia-da-madeira\/","title":{"rendered":"Manejo florestal reduz o desmatamento da Amaz\u00f4nia e agrega valor \u00e0 cadeia da madeira"},"content":{"rendered":"<p><span style=\"font-weight: 400\">Na semana da COP 25, \u00e9 preciso alertar para as possibilidades sustent\u00e1veis relacionadas \u00e0 Amaz\u00f4nia. O manejo florestal, uma\u00a0pr\u00e1tica que existe desde 1930, mas que n\u00e3o avan\u00e7a por falta de vontade pol\u00edtica, poderia ser uma sa\u00edda para evitar o desmatamento predat\u00f3rio no pa\u00eds. Desenvolvimento sustent\u00e1vel \u00e9 poss\u00edvel, garantem os especialistas.\u00a0<\/span><\/p>\n<p><span style=\"font-weight: 400\">Dados do Centro de Estudos em Sustentabilidade da Funda\u00e7\u00e3o Getulio Vargas (FGVces) apontam que o Brasil tem a maior extens\u00e3o de florestas tropicais e a segunda maior cobertura florestal do mundo, uma \u00e1rea equivalente a 516 milh\u00f5es de hectares (Mha). Desse total, 56% (290 Mha) s\u00e3o florestas p\u00fablicas e menos de 7% (34 Mha) destinados \u00e0 produ\u00e7\u00e3o florestal. O pa\u00eds tamb\u00e9m \u00e9 o terceiro maior produtor de madeira no mundo, com produ\u00e7\u00e3o total estimada em 30 milh\u00f5es de metros c\u00fabicos (m3) de tora, sendo que a regi\u00e3o amaz\u00f4nica concentra a produ\u00e7\u00e3o de madeira nativa, ao passo que a produ\u00e7\u00e3o proveniente de planta\u00e7\u00f5es ocorre no Sudeste e Sul.<\/span><\/p>\n<p><span style=\"font-weight: 400\">No entanto, segundo a diretora executiva da FSC &#8212; Conselho de Gest\u00e3o Florestal (Forest Stewardship Council, na sigla em ingl\u00eas) &#8211;, Aline Trist\u00e3o Bernardes, apenas 1,2 Mha est\u00e3o sob concess\u00e3o, onde o manejo sustent\u00e1vel garante um desmatamento respons\u00e1vel e agrega\u00e7\u00e3o de valor \u00e0 cadeia da madeira. \u201cO sistema \u00e9 de baixo impacto e tem certifica\u00e7\u00e3o. Os mecanismos existem, mas precisam ser implementados e respeitados\u201d, diz.\u00a0<\/span><\/p>\n<p><span style=\"font-weight: 400\">O licenciamento do manejo sustent\u00e1vel permite a retirada de tr\u00eas a cinco \u00e1rvores por hectare a cada 10 anos, com v\u00e1rios indicadores que devem ser cumpridos. \u201cExistem muitas madeireiras respons\u00e1veis, certificadas. A legisla\u00e7\u00e3o inclusive criminaliza o importador se as regras n\u00e3o s\u00e3o obedecidas\u201d, conta.\u00a0<\/span><\/p>\n<p><span style=\"font-weight: 400\">A engenheira florestal Anna Fanzeres ressalta que o manejo permite explorar a floresta sem desmatar e as \u00e1reas tem de ser recuperadas. \u201c\u00c9 poss\u00edvel e vi\u00e1vel economicamente. Por\u00e9m, ao competir com o desmatamento ilegal, se retira toda a possibilidade de agregar valor \u00e0 cadeia\u201d, afirma. Segundo ela, o Servi\u00e7o Florestal brasileiro, hoje no Minist\u00e9rio da Agricultura, estabelece as concess\u00f5es. \u201c\u00c9 preciso estabelecer uma agenda positiva para ampliar o manejo florestal e reduzir o desmatamento. \u00c9 uma decis\u00e3o pol\u00edtica\u201d, avalia.\u00a0<\/span><\/p>\n<h2 style=\"text-align: center\"><strong>Manejo florestal<\/strong><\/h2>\n<p><span style=\"font-weight: 400\"><img loading=\"lazy\" decoding=\"async\" class=\"alignleft wp-image-643 size-medium\" src=\"https:\/\/blogs.correiobraziliense.com.br\/4elementos\/wp-content\/uploads\/sites\/53\/2019\/12\/coaliz\u00e3o-276x300.jpg\" alt=\"\" width=\"276\" height=\"300\" srcset=\"https:\/\/blogs.correiobraziliense.com.br\/4elementos\/wp-content\/uploads\/sites\/53\/2019\/12\/coaliz\u00e3o-276x300.jpg 276w, https:\/\/blogs.correiobraziliense.com.br\/4elementos\/wp-content\/uploads\/sites\/53\/2019\/12\/coaliz\u00e3o-550x597.jpg 550w, https:\/\/blogs.correiobraziliense.com.br\/4elementos\/wp-content\/uploads\/sites\/53\/2019\/12\/coaliz\u00e3o-230x250.jpg 230w, https:\/\/blogs.correiobraziliense.com.br\/4elementos\/wp-content\/uploads\/sites\/53\/2019\/12\/coaliz\u00e3o.jpg 719w\" sizes=\"auto, (max-width: 276px) 100vw, 276px\" \/>As duas especialistas sustentam que, ao ampliar a \u00e1rea sob concess\u00e3o para 200 Mha, a cadeia produtiva da madeira poderia gerar 50 mil empregos diretos e 200 mil indiretos apenas na Amaz\u00f4nia, o que provocaria tamb\u00e9m uma redu\u00e7\u00e3o dr\u00e1stica na emiss\u00e3o de g\u00e1s carb\u00f4nico (o di\u00f3xido de carbono, o CO2) na atmosfera. \u201cO que impede isso \u00e9 que a atividade madeireira gera o capital mais f\u00e1cil. O explorador desmata, vende a madeira, faz capital e depois vai produzir gado ou plantar. Outra pr\u00e1tica comum \u00e9 a grilagem de terras. Esse \u00e9 o contexto da ilegalidade na Amaz\u00f4nia\u201d, diz Anna.\u00a0<\/span><\/p>\n<p><span style=\"font-weight: 400\">O estudo da FGVces <\/span><i><span style=\"font-weight: 400\">Coaliz\u00e3o Brasil Clima, Floresta e Agricultura<\/span><\/i><span style=\"font-weight: 400\"> mostra a viabilidade econ\u00f4mica da produ\u00e7\u00e3o madeireira por meio de manejo florestal sustent\u00e1vel em \u00e1reas p\u00fablicas sob regime de concess\u00e3o, com aumento da \u00e1rea at\u00e9 2030 e combate da ilegalidade. A pesquisa revela que o impacto do aumento do consumo final do setor produ\u00e7\u00e3o florestal, pesca e aquicultura tem potencial para gerar na economia brasileira aumento de R$ 1,7 bilh\u00e3o no Produto Interno Bruto (PIB), arrecada\u00e7\u00e3o de impostos da ordem de R$ 102 milh\u00f5es, gera\u00e7\u00e3o de 70 mil postos de trabalho e impacto positivo de R$ 13,8 milh\u00f5es na balan\u00e7a comercial.<\/span><\/p>\n<p><span style=\"font-weight: 400\">Apenas na cadeia da madeira o impacto seria de um aumento do PIB em R$ 1,6 bilh\u00f5es, R$ 73 milh\u00f5es na balan\u00e7a comercial e arrecada\u00e7\u00e3o de impostos e encargos da ordem de R$ 150 milh\u00f5es. Com 200 mil hectares por concess\u00e3o, o manejo florestal poderia propiciar o estabelecimento de 100 novas \u00e1reas para empresas privadas. Hoje s\u00e3o 2 mil em opera\u00e7\u00e3o.<\/span><\/p>\n<h2><b>Benef\u00edcios<\/b><\/h2>\n<p><span style=\"font-weight: 400\">Evitar o desmatamento ou degrada\u00e7\u00e3o florestal por meio da ocupa\u00e7\u00e3o e uso sustent\u00e1vel dos recursos naturais em florestas p\u00fablicas<\/span><\/p>\n<p><span style=\"font-weight: 400\">&gt; Aumento do PIB em R$ 1,6 bilh\u00f5es s\u00f3 na cadeia de madeira<\/span><\/p>\n<p><span style=\"font-weight: 400\">&gt; R$ 73 milh\u00f5es de impacto positivo na balan\u00e7a comercial<\/span><\/p>\n<p><span style=\"font-weight: 400\">&gt; Arrecada\u00e7\u00e3o de impostos e encargos da ordem de R$ 150 milh\u00f5es<\/span><\/p>\n<p><span style=\"font-weight: 400\">&gt; Com 200 mil hectares por concess\u00e3o, estabelecimento de 100 novas \u00e1reas para empresas privadas (hoje s\u00e3o 2 mil em opera\u00e7\u00e3o)<\/span><\/p>\n<p><span style=\"font-weight: 400\">&gt; Cria\u00e7\u00e3o de 56 mil novos empregos diretos e 115 mil indiretos at\u00e9 2030<\/span><\/p>\n<h2><strong>Compare<\/strong><\/h2>\n<p>&gt; No caso de 20 milh\u00f5es de hectares\u00a0 de florestas totalmente desmatados:\u00a06 bilh\u00f5es a 8 bilh\u00f5es de toneladas de CO2 equivalentes (tCO2eq) liberados na atmosfera<\/p>\n<p>&gt; No caso de 20 milh\u00f5es de hectares degradados (50% de abertura na floresta):\u00a03 bilh\u00f5es a 4 bilh\u00f5es de (tCO2eq) liberados na atmosfera<\/p>\n<p><strong>&gt; Alternativa de 20 milh\u00f5es manejados de forma sustent\u00e1vel (10% de abertura na floresta):<\/strong><\/p>\n<ul>\n<li><span style=\"font-weight: 400\">0,04 bilh\u00e3o a 0,16 bilh\u00e3o de (tCO2eq) liberados na atmosfera<\/span><\/li>\n<li><span style=\"font-weight: 400\">5,1 bilh\u00f5es a 6,8 bilh\u00f5es de (tCO2eq) armazenados no ecossistema florestal\u00a0<\/span><\/li>\n<li>21 milh\u00f5es de (tCO2eq) armazenados em produtos de madeira<\/li>\n<\/ul>\n<p>&nbsp;<\/p>\n<p><span style=\"font-weight: 400\">Fonte: Centro de Estudos em Sustentabilidade da FGV EAESP (FGVces 2016)<\/span><\/p>\n<p>&nbsp;<\/p>\n","protected":false},"excerpt":{"rendered":"<p>Na semana da COP 25, \u00e9 preciso alertar para as possibilidades sustent\u00e1veis relacionadas \u00e0 Amaz\u00f4nia. O manejo florestal, uma\u00a0pr\u00e1tica que existe desde 1930, mas que n\u00e3o avan\u00e7a por falta de vontade pol\u00edtica, poderia ser uma sa\u00edda para evitar o desmatamento predat\u00f3rio no pa\u00eds. Desenvolvimento sustent\u00e1vel \u00e9 poss\u00edvel, garantem os especialistas.\u00a0 Dados do Centro de Estudos em Sustentabilidade da Funda\u00e7\u00e3o Getulio [&hellip;]<\/p>\n","protected":false},"author":114,"featured_media":0,"comment_status":"open","ping_status":"open","sticky":false,"template":"","format":"standard","meta":{"footnotes":""},"categories":[57,3],"tags":[4,7,51,66,191,190,189,6,5],"class_list":["post-642","post","type-post","status-publish","format-standard","hentry","category-desenvolvimento-sustentavel","category-meio-ambiente","tag-4elementos1planeta","tag-conscientizacao","tag-desenvolvimento-sustentavel","tag-desmatamento","tag-fgvces","tag-fsc","tag-manejo-sustentavel","tag-meio-ambiente","tag-sustentabilidade"],"_links":{"self":[{"href":"https:\/\/blogs.correiobraziliense.com.br\/4elementos\/wp-json\/wp\/v2\/posts\/642","targetHints":{"allow":["GET"]}}],"collection":[{"href":"https:\/\/blogs.correiobraziliense.com.br\/4elementos\/wp-json\/wp\/v2\/posts"}],"about":[{"href":"https:\/\/blogs.correiobraziliense.com.br\/4elementos\/wp-json\/wp\/v2\/types\/post"}],"author":[{"embeddable":true,"href":"https:\/\/blogs.correiobraziliense.com.br\/4elementos\/wp-json\/wp\/v2\/users\/114"}],"replies":[{"embeddable":true,"href":"https:\/\/blogs.correiobraziliense.com.br\/4elementos\/wp-json\/wp\/v2\/comments?post=642"}],"version-history":[{"count":3,"href":"https:\/\/blogs.correiobraziliense.com.br\/4elementos\/wp-json\/wp\/v2\/posts\/642\/revisions"}],"predecessor-version":[{"id":646,"href":"https:\/\/blogs.correiobraziliense.com.br\/4elementos\/wp-json\/wp\/v2\/posts\/642\/revisions\/646"}],"wp:attachment":[{"href":"https:\/\/blogs.correiobraziliense.com.br\/4elementos\/wp-json\/wp\/v2\/media?parent=642"}],"wp:term":[{"taxonomy":"category","embeddable":true,"href":"https:\/\/blogs.correiobraziliense.com.br\/4elementos\/wp-json\/wp\/v2\/categories?post=642"},{"taxonomy":"post_tag","embeddable":true,"href":"https:\/\/blogs.correiobraziliense.com.br\/4elementos\/wp-json\/wp\/v2\/tags?post=642"}],"curies":[{"name":"wp","href":"https:\/\/api.w.org\/{rel}","templated":true}]}}