{"id":631,"date":"2019-11-28T15:49:29","date_gmt":"2019-11-28T18:49:29","guid":{"rendered":"https:\/\/blogs.correiobraziliense.com.br\/4elementos\/?p=631"},"modified":"2019-11-28T15:53:30","modified_gmt":"2019-11-28T18:53:30","slug":"confira-o-trailer-do-documentario-vidas-barradas-sobre-o-desastre-de-brumadinho","status":"publish","type":"post","link":"https:\/\/blogs.correiobraziliense.com.br\/4elementos\/2019\/11\/28\/confira-o-trailer-do-documentario-vidas-barradas-sobre-o-desastre-de-brumadinho\/","title":{"rendered":"Confira o trailer do document\u00e1rio Vidas Barradas sobre o desastre ambiental de Brumadinho"},"content":{"rendered":"<p><span style=\"font-weight: 400\">A popula\u00e7\u00e3o de Brumadinho (MG) vai assistir em primeira m\u00e3o na pr\u00f3xima sexta feira (29\/11), \u00e0s 19h, na Quadra de Esportes Municipal, o document\u00e1rio Vidas Barradas \u2500 com a participa\u00e7\u00e3o de muitos moradores da cidade \u2500 que d\u00e1 voz aos familiares das v\u00edtimas do maior acidente de trabalho da hist\u00f3ria do Brasil, o rompimento da barragem de Brumadinho em 25 de janeiro de 2019.\u00a0<\/span><\/p>\n<p><span style=\"font-weight: 400\">Produzido pela Clara Digital e pela Comiss\u00e3o Internacional de Juristas Independentes, e sem fins lucrativos, o document\u00e1rio, de 80 minutos, \u00e9 o mais completo registro do que aconteceu naquele dia e do que acontece quase um ano depois na vida de familiares, moradores e dos poucos que sobreviveram ao desastre com a barragem da Vale.\u00a0<\/span><\/p>\n<p>Confira o trailer do document\u00e1rio:<\/p>\n<p><iframe loading=\"lazy\" width=\"1440\" height=\"810\" src=\"https:\/\/www.youtube.com\/embed\/fpmCczq3oC0?feature=oembed\" frameborder=\"0\" allow=\"accelerometer; autoplay; encrypted-media; gyroscope; picture-in-picture\" allowfullscreen><\/iframe><\/p>\n","protected":false},"excerpt":{"rendered":"<p>A popula\u00e7\u00e3o de Brumadinho (MG) vai assistir em primeira m\u00e3o na pr\u00f3xima sexta feira (29\/11), \u00e0s 19h, na Quadra de Esportes Municipal, o document\u00e1rio Vidas Barradas \u2500 com a participa\u00e7\u00e3o de muitos moradores da cidade \u2500 que d\u00e1 voz aos familiares das v\u00edtimas do maior acidente de trabalho da hist\u00f3ria do Brasil, o rompimento da barragem de Brumadinho em 25 [&hellip;]<\/p>\n","protected":false},"author":114,"featured_media":0,"comment_status":"open","ping_status":"open","sticky":false,"template":"","format":"standard","meta":{"footnotes":""},"categories":[155,1],"tags":[4,180,178,186,179],"class_list":["post-631","post","type-post","status-publish","format-standard","hentry","category-catastrofe-ambiental","category-sem-categoria","tag-4elementos1planeta","tag-brumadinho","tag-documentario","tag-trailer","tag-vidas-barradas"],"_links":{"self":[{"href":"https:\/\/blogs.correiobraziliense.com.br\/4elementos\/wp-json\/wp\/v2\/posts\/631","targetHints":{"allow":["GET"]}}],"collection":[{"href":"https:\/\/blogs.correiobraziliense.com.br\/4elementos\/wp-json\/wp\/v2\/posts"}],"about":[{"href":"https:\/\/blogs.correiobraziliense.com.br\/4elementos\/wp-json\/wp\/v2\/types\/post"}],"author":[{"embeddable":true,"href":"https:\/\/blogs.correiobraziliense.com.br\/4elementos\/wp-json\/wp\/v2\/users\/114"}],"replies":[{"embeddable":true,"href":"https:\/\/blogs.correiobraziliense.com.br\/4elementos\/wp-json\/wp\/v2\/comments?post=631"}],"version-history":[{"count":3,"href":"https:\/\/blogs.correiobraziliense.com.br\/4elementos\/wp-json\/wp\/v2\/posts\/631\/revisions"}],"predecessor-version":[{"id":634,"href":"https:\/\/blogs.correiobraziliense.com.br\/4elementos\/wp-json\/wp\/v2\/posts\/631\/revisions\/634"}],"wp:attachment":[{"href":"https:\/\/blogs.correiobraziliense.com.br\/4elementos\/wp-json\/wp\/v2\/media?parent=631"}],"wp:term":[{"taxonomy":"category","embeddable":true,"href":"https:\/\/blogs.correiobraziliense.com.br\/4elementos\/wp-json\/wp\/v2\/categories?post=631"},{"taxonomy":"post_tag","embeddable":true,"href":"https:\/\/blogs.correiobraziliense.com.br\/4elementos\/wp-json\/wp\/v2\/tags?post=631"}],"curies":[{"name":"wp","href":"https:\/\/api.w.org\/{rel}","templated":true}]}}