{"id":613,"date":"2019-11-28T15:00:56","date_gmt":"2019-11-28T18:00:56","guid":{"rendered":"https:\/\/blogs.correiobraziliense.com.br\/4elementos\/?p=613"},"modified":"2019-11-28T12:30:06","modified_gmt":"2019-11-28T15:30:06","slug":"servicos-ambientais-parque-chapada-dos-veadeiros-recebe-dia-de-campo","status":"publish","type":"post","link":"https:\/\/blogs.correiobraziliense.com.br\/4elementos\/2019\/11\/28\/servicos-ambientais-parque-chapada-dos-veadeiros-recebe-dia-de-campo\/","title":{"rendered":"Servi\u00e7os ambientais: Parque Chapada dos Veadeiros recebe Dia de Campo"},"content":{"rendered":"<figure id=\"attachment_614\" aria-describedby=\"caption-attachment-614\" style=\"width: 431px\" class=\"wp-caption alignright\"><img loading=\"lazy\" decoding=\"async\" class=\"wp-image-614 \" src=\"https:\/\/blogs.correiobraziliense.com.br\/4elementos\/wp-content\/uploads\/sites\/53\/2019\/11\/Dia-de-campo-foto-Luana-Santa-Brigida-nov-20191.jpg\" alt=\"\" width=\"431\" height=\"287\" srcset=\"https:\/\/blogs.correiobraziliense.com.br\/4elementos\/wp-content\/uploads\/sites\/53\/2019\/11\/Dia-de-campo-foto-Luana-Santa-Brigida-nov-20191.jpg 519w, https:\/\/blogs.correiobraziliense.com.br\/4elementos\/wp-content\/uploads\/sites\/53\/2019\/11\/Dia-de-campo-foto-Luana-Santa-Brigida-nov-20191-300x200.jpg 300w, https:\/\/blogs.correiobraziliense.com.br\/4elementos\/wp-content\/uploads\/sites\/53\/2019\/11\/Dia-de-campo-foto-Luana-Santa-Brigida-nov-20191-230x153.jpg 230w\" sizes=\"auto, (max-width: 431px) 100vw, 431px\" \/><figcaption id=\"caption-attachment-614\" class=\"wp-caption-text\">Foto: Luana Santa Br\u00edgida\/Divulga\u00e7\u00e3o<\/figcaption><\/figure>\n<p><span style=\"font-weight: 400\">O Parque Nacional Chapada dos Veadeiros, em Alto Para\u00edso (GO), recebe, nesta sexta-feira 29\/11, a partir das 10h, profissionais que atuam em projetos de restaura\u00e7\u00e3o de institui\u00e7\u00f5es p\u00fablicas e privadas, para o Dia de Campo Restaura\u00e7\u00e3o Ecol\u00f3gi<\/span><span style=\"font-weight: 400\">ca e Semeadura Direta.\u00a0<\/span><\/p>\n<p><span style=\"font-weight: 400\">O evento, realizado pela Rede de Sementes do Cerrado (RSC), faz parte do cronograma de a\u00e7\u00f5es do projeto <\/span><i><span style=\"font-weight: 400\">Mercado de sementes e restaura\u00e7\u00e3o: promovendo servi\u00e7os ambientais e biodiversidade, <\/span><\/i><span style=\"font-weight: 400\">que tem como objetivo divulgar a\u00e7\u00f5es e t\u00e9cnicas bem sucedidas de restaura\u00e7\u00e3o de Cerrado.\u00a0<\/span><\/p>\n<p>&nbsp;<\/p>\n<p><span style=\"font-weight: 400\">Para execu\u00e7\u00e3o das atividades, ser\u00e3o utilizadas sementes nativas de gram\u00edneas, arbustos e \u00e1rvores do Cerrado, como capim-andropogon-nativo, capim rabo-de-burro, amargoso, fedegos\u00e3o, caju\u00ed, maria-preta, mirindiba. Todas as sementes s\u00e3o coletadas na Regi\u00e3o pelas fam\u00edlias de coletores da Associa\u00e7\u00e3o Cerrado de P\u00e9 e comercializadas pela RSC, que fomenta a cadeia produtiva de sementes nativas e contribui na conserva\u00e7\u00e3o e restaura\u00e7\u00e3o do Cerrado.<\/span><\/p>\n<h2><strong>Servi\u00e7os ambientais<\/strong><\/h2>\n<p><span style=\"font-weight: 400\">A gerente do projeto, Camila Motta, explicou que a atividade \u00e9 profissionais que atuam em projetos de restaura\u00e7\u00e3o de institui\u00e7\u00f5es p\u00fablicas e privadas. \u201cRealizaremos nesta sexta, a demonstra\u00e7\u00e3o do plantio de semeadura direta utilizando maquin\u00e1rio agr\u00edcola e tamb\u00e9m a visita\u00e7\u00e3o nas \u00e1reas em processo de restaura\u00e7\u00e3o. A participa\u00e7\u00e3o de profissionais que atuam na \u00e1rea \u00e9 fundamental para o desenvolvimento desta a\u00e7\u00e3o, e al\u00e9m da troca de experi\u00eancias, ser\u00e1 uma oportunidade divulgar a restaura\u00e7\u00e3o do bioma por meio da semeadura direta\u201d, refor\u00e7ou.\u00a0<\/span><\/p>\n<p>&nbsp;<\/p>\n<p>&nbsp;<\/p>\n","protected":false},"excerpt":{"rendered":"<p>O Parque Nacional Chapada dos Veadeiros, em Alto Para\u00edso (GO), recebe, nesta sexta-feira 29\/11, a partir das 10h, profissionais que atuam em projetos de restaura\u00e7\u00e3o de institui\u00e7\u00f5es p\u00fablicas e privadas, para o Dia de Campo Restaura\u00e7\u00e3o Ecol\u00f3gica e Semeadura Direta.\u00a0 O evento, realizado pela Rede de Sementes do Cerrado (RSC), faz parte do cronograma de a\u00e7\u00f5es do projeto Mercado de [&hellip;]<\/p>\n","protected":false},"author":114,"featured_media":0,"comment_status":"open","ping_status":"open","sticky":false,"template":"","format":"standard","meta":{"footnotes":""},"categories":[3,2],"tags":[4,80,7,185,6,183,184,182],"class_list":["post-613","post","type-post","status-publish","format-standard","hentry","category-meio-ambiente","category-sustentabilidade","tag-4elementos1planeta","tag-ambientalistas","tag-conscientizacao","tag-dia-de-campo","tag-meio-ambiente","tag-parque-nacional-chapada-dos-veadeiros","tag-rede-de-sementes-do-cerrado","tag-servicos-ambientais"],"_links":{"self":[{"href":"https:\/\/blogs.correiobraziliense.com.br\/4elementos\/wp-json\/wp\/v2\/posts\/613","targetHints":{"allow":["GET"]}}],"collection":[{"href":"https:\/\/blogs.correiobraziliense.com.br\/4elementos\/wp-json\/wp\/v2\/posts"}],"about":[{"href":"https:\/\/blogs.correiobraziliense.com.br\/4elementos\/wp-json\/wp\/v2\/types\/post"}],"author":[{"embeddable":true,"href":"https:\/\/blogs.correiobraziliense.com.br\/4elementos\/wp-json\/wp\/v2\/users\/114"}],"replies":[{"embeddable":true,"href":"https:\/\/blogs.correiobraziliense.com.br\/4elementos\/wp-json\/wp\/v2\/comments?post=613"}],"version-history":[{"count":1,"href":"https:\/\/blogs.correiobraziliense.com.br\/4elementos\/wp-json\/wp\/v2\/posts\/613\/revisions"}],"predecessor-version":[{"id":615,"href":"https:\/\/blogs.correiobraziliense.com.br\/4elementos\/wp-json\/wp\/v2\/posts\/613\/revisions\/615"}],"wp:attachment":[{"href":"https:\/\/blogs.correiobraziliense.com.br\/4elementos\/wp-json\/wp\/v2\/media?parent=613"}],"wp:term":[{"taxonomy":"category","embeddable":true,"href":"https:\/\/blogs.correiobraziliense.com.br\/4elementos\/wp-json\/wp\/v2\/categories?post=613"},{"taxonomy":"post_tag","embeddable":true,"href":"https:\/\/blogs.correiobraziliense.com.br\/4elementos\/wp-json\/wp\/v2\/tags?post=613"}],"curies":[{"name":"wp","href":"https:\/\/api.w.org\/{rel}","templated":true}]}}