{"id":582,"date":"2019-11-20T21:01:31","date_gmt":"2019-11-21T00:01:31","guid":{"rendered":"https:\/\/blogs.correiobraziliense.com.br\/4elementos\/?p=582"},"modified":"2019-11-20T19:02:06","modified_gmt":"2019-11-20T22:02:06","slug":"carbono-zero-moto-week-neutraliza-emissao-com-plantio-de-15-mil-mudas","status":"publish","type":"post","link":"https:\/\/blogs.correiobraziliense.com.br\/4elementos\/2019\/11\/20\/carbono-zero-moto-week-neutraliza-emissao-com-plantio-de-15-mil-mudas\/","title":{"rendered":"Carbono zero: Moto Week neutraliza emiss\u00e3o com plantio de 15 mil mudas"},"content":{"rendered":"<p><img loading=\"lazy\" decoding=\"async\" class=\"alignright wp-image-584 size-medium\" src=\"https:\/\/blogs.correiobraziliense.com.br\/4elementos\/wp-content\/uploads\/sites\/53\/2019\/11\/planta-300x200.jpg\" alt=\"\" width=\"300\" height=\"200\" srcset=\"https:\/\/blogs.correiobraziliense.com.br\/4elementos\/wp-content\/uploads\/sites\/53\/2019\/11\/planta-300x200.jpg 300w, https:\/\/blogs.correiobraziliense.com.br\/4elementos\/wp-content\/uploads\/sites\/53\/2019\/11\/planta-768x512.jpg 768w, https:\/\/blogs.correiobraziliense.com.br\/4elementos\/wp-content\/uploads\/sites\/53\/2019\/11\/planta-1024x683.jpg 1024w, https:\/\/blogs.correiobraziliense.com.br\/4elementos\/wp-content\/uploads\/sites\/53\/2019\/11\/planta-1440x960.jpg 1440w, https:\/\/blogs.correiobraziliense.com.br\/4elementos\/wp-content\/uploads\/sites\/53\/2019\/11\/planta-550x367.jpg 550w, https:\/\/blogs.correiobraziliense.com.br\/4elementos\/wp-content\/uploads\/sites\/53\/2019\/11\/planta-230x153.jpg 230w, https:\/\/blogs.correiobraziliense.com.br\/4elementos\/wp-content\/uploads\/sites\/53\/2019\/11\/planta.jpg 2048w\" sizes=\"auto, (max-width: 300px) 100vw, 300px\" \/><\/p>\n<p>O maior evento de motociclismo da Am\u00e9rica Latina est\u00e1 prestes a zerar o carbono emitido durante as tr\u00eas \u00faltimas edi\u00e7\u00f5es, mostrando que \u00e9 poss\u00edvel neutralizar a emiss\u00e3o de gases de efeito estufa em festivais de grande porte. S\u00f3 em 2019, o Bras\u00edlia Capital Moto Week (BCMW) recebeu 350 mil motos durante os 10 dias de programa\u00e7\u00e3o.<\/p>\n<p>Em busca de reduzir o impacto ambiental, o Moto Week viabiliza, este ano, o plantio de 15 mil mudas de \u00e1rvores nativas no Distrito Federal. O plantio compensa o carbono emitido nas edi\u00e7\u00f5es de 2017, 2018 e 2019. Al\u00e9m desse plantio, o BCMW investiu na constru\u00e7\u00e3o de cinco viveiros produzindo 5 mil mudas por ano cada, o equivalente a 25 mil unidades para 2020.<\/p>\n<p>\u201cUm festival n\u00e3o pode se deter apenas ao entretenimento. Movimentamos a cidade, geramos res\u00edduos e precisamos nos responsabilizar pelo impacto causado ao meio ambiente. Por isso, o Moto Week busca bater metas de sustentabilidade e, a cada ano, torna-se mais sustent\u00e1vel\u201d, afirma Juliana Jacinto, organizadora do BCMW.<\/p>\n<p>Como a conscientiza\u00e7\u00e3o ambiental faz parte das responsabilidades assumidas pelo Moto Week, o plantio das mudas foi dividido em duas etapas. A primeira, em parceria com escolas do n\u00facleo rural, conta com palestras, constru\u00e7\u00e3o de viveiros e participa\u00e7\u00e3o ativa das crian\u00e7as.<\/p>\n<h2 style=\"text-align: center\"><strong>Carbono zero<\/strong><\/h2>\n<p><img loading=\"lazy\" decoding=\"async\" class=\"aligncenter wp-image-583 size-full\" src=\"https:\/\/blogs.correiobraziliense.com.br\/4elementos\/wp-content\/uploads\/sites\/53\/2019\/11\/pedro-e-plantas.jpg\" alt=\"\" width=\"860\" height=\"573\" srcset=\"https:\/\/blogs.correiobraziliense.com.br\/4elementos\/wp-content\/uploads\/sites\/53\/2019\/11\/pedro-e-plantas.jpg 860w, https:\/\/blogs.correiobraziliense.com.br\/4elementos\/wp-content\/uploads\/sites\/53\/2019\/11\/pedro-e-plantas-300x200.jpg 300w, https:\/\/blogs.correiobraziliense.com.br\/4elementos\/wp-content\/uploads\/sites\/53\/2019\/11\/pedro-e-plantas-768x512.jpg 768w, https:\/\/blogs.correiobraziliense.com.br\/4elementos\/wp-content\/uploads\/sites\/53\/2019\/11\/pedro-e-plantas-550x366.jpg 550w, https:\/\/blogs.correiobraziliense.com.br\/4elementos\/wp-content\/uploads\/sites\/53\/2019\/11\/pedro-e-plantas-230x153.jpg 230w\" sizes=\"auto, (max-width: 860px) 100vw, 860px\" \/><\/p>\n<p>Nesta quinta-feira (21\/11), ser\u00e3o plantadas as \u00faltimas 100 mudas dessa fase no Parque Pequizeiros, no N\u00facleo Rural Santos Dumont.\u00a0Ao fim do projeto, ter\u00e3o sido plantadas 1,5 mil mudas em parceria com as escolas. A segunda etapa do plantio se encerra em dezembro. Produtores rurais est\u00e3o plantando 13,5 mil mudas na \u00e1rea rural do Distrito Federal.<\/p>\n<p>A a\u00e7\u00e3o \u00e9 gerenciada pela Neutralize em parceria com o Projeto Produtor de \u00c1gua no Pipiripau, coordenado pela Ag\u00eancia Reguladora de \u00c1guas, Energia e Saneamento do Distrito Federal (Adasa).<\/p>\n<p>Al\u00e9m da compensa\u00e7\u00e3o de carbono, o Bras\u00edlia Capital Moto Week realiza outras a\u00e7\u00f5es para reduzir o impacto ambiental do evento. Em 2019, copos e recipientes pl\u00e1sticos descart\u00e1veis foram banidos e substitu\u00eddos por reutiliz\u00e1veis.<\/p>\n<h2 style=\"text-align: center\"><strong>Sustentabilidade<\/strong><\/h2>\n<p>Os res\u00edduos gerados tamb\u00e9m obtiveram destina\u00e7\u00e3o adequada. Pelo menos 70% de todo material gerado no evento foi reciclado. Al\u00e9m de equipes de limpeza, sinaliza\u00e7\u00e3o e muitas lixeiras, o evento contou com uma \u00e1rea de triagem onde uma cooperativa trabalhou durante 10 dias.<\/p>\n<p>\u201cReciclamos o que era poss\u00edvel e todo o material org\u00e2nico foi enviado para compostagem. Assim, constru\u00edmos o evento de motociclismo mais sustent\u00e1vel do mundo, afinal res\u00edduo tem valor, gera emprego e precisa ser cuidado\u201d, observa Juliana Jacinto. O adubo gerado com a compostagem \u00e9 usado no plantio das mudas, encerrando o ciclo sustent\u00e1vel do festival.<\/p>\n<h2><strong>Servi\u00e7o<\/strong><\/h2>\n<p>Carbono Zero BCMW \u2013 plantio das \u00faltimas 100 mudas nativas, orienta\u00e7\u00f5es\u00a0ambientais e atividades pedag\u00f3gicas<br \/>\nData: 21 de novembro<br \/>\nHor\u00e1rio: das 8h30 \u00e0s 11h30<br \/>\nLocal: Parque Pequizeiros, no N\u00facleo Rural Santos Dumont<\/p>\n","protected":false},"excerpt":{"rendered":"<p>O maior evento de motociclismo da Am\u00e9rica Latina est\u00e1 prestes a zerar o carbono emitido durante as tr\u00eas \u00faltimas edi\u00e7\u00f5es, mostrando que \u00e9 poss\u00edvel neutralizar a emiss\u00e3o de gases de efeito estufa em festivais de grande porte. S\u00f3 em 2019, o Bras\u00edlia Capital Moto Week (BCMW) recebeu 350 mil motos durante os 10 dias de programa\u00e7\u00e3o. Em busca de reduzir [&hellip;]<\/p>\n","protected":false},"author":114,"featured_media":0,"comment_status":"open","ping_status":"open","sticky":false,"template":"","format":"standard","meta":{"footnotes":""},"categories":[57,2],"tags":[4,89,170,7,51,6],"class_list":["post-582","post","type-post","status-publish","format-standard","hentry","category-desenvolvimento-sustentavel","category-sustentabilidade","tag-4elementos1planeta","tag-atitudes-sustentaveis","tag-carbono-zero","tag-conscientizacao","tag-desenvolvimento-sustentavel","tag-meio-ambiente"],"_links":{"self":[{"href":"https:\/\/blogs.correiobraziliense.com.br\/4elementos\/wp-json\/wp\/v2\/posts\/582","targetHints":{"allow":["GET"]}}],"collection":[{"href":"https:\/\/blogs.correiobraziliense.com.br\/4elementos\/wp-json\/wp\/v2\/posts"}],"about":[{"href":"https:\/\/blogs.correiobraziliense.com.br\/4elementos\/wp-json\/wp\/v2\/types\/post"}],"author":[{"embeddable":true,"href":"https:\/\/blogs.correiobraziliense.com.br\/4elementos\/wp-json\/wp\/v2\/users\/114"}],"replies":[{"embeddable":true,"href":"https:\/\/blogs.correiobraziliense.com.br\/4elementos\/wp-json\/wp\/v2\/comments?post=582"}],"version-history":[{"count":4,"href":"https:\/\/blogs.correiobraziliense.com.br\/4elementos\/wp-json\/wp\/v2\/posts\/582\/revisions"}],"predecessor-version":[{"id":588,"href":"https:\/\/blogs.correiobraziliense.com.br\/4elementos\/wp-json\/wp\/v2\/posts\/582\/revisions\/588"}],"wp:attachment":[{"href":"https:\/\/blogs.correiobraziliense.com.br\/4elementos\/wp-json\/wp\/v2\/media?parent=582"}],"wp:term":[{"taxonomy":"category","embeddable":true,"href":"https:\/\/blogs.correiobraziliense.com.br\/4elementos\/wp-json\/wp\/v2\/categories?post=582"},{"taxonomy":"post_tag","embeddable":true,"href":"https:\/\/blogs.correiobraziliense.com.br\/4elementos\/wp-json\/wp\/v2\/tags?post=582"}],"curies":[{"name":"wp","href":"https:\/\/api.w.org\/{rel}","templated":true}]}}