{"id":577,"date":"2019-11-20T18:07:47","date_gmt":"2019-11-20T21:07:47","guid":{"rendered":"https:\/\/blogs.correiobraziliense.com.br\/4elementos\/?p=577"},"modified":"2019-11-20T18:07:59","modified_gmt":"2019-11-20T21:07:59","slug":"greenpeace-reage-as-medidas-apresentadas-pelo-ministro-salles","status":"publish","type":"post","link":"https:\/\/blogs.correiobraziliense.com.br\/4elementos\/2019\/11\/20\/greenpeace-reage-as-medidas-apresentadas-pelo-ministro-salles\/","title":{"rendered":"Greenpeace reage \u00e0s medidas apresentadas pelo ministro Salles"},"content":{"rendered":"<p>O Greenpeace reagiu \u00e0s medidas apresentadas nesta quarta-feira (20\/11)\u00a0 pelo ministro do meio ambiente, Ricardo Salles, em Bras\u00edlia, durante encontro com governadores da Amaz\u00f4nia Legal.<\/p>\n<p>\u201cO Ministro fez um an\u00fancio vazio. N\u00e3o foram apresentadas metas, prazos, custos e nem mecanismos de implementa\u00e7\u00e3o. Pelo contr\u00e1rio, propostas como a de regulariza\u00e7\u00e3o fundi\u00e1ria poder\u00e3o premiar a grilagem de terras e incrementar ainda mais a destrui\u00e7\u00e3o florestal. De acordo com o que foi dito hoje, fica claro que temos um governo incapaz em lidar com a atual crise do aumento do desmatamento, uma situa\u00e7\u00e3o que ele mesmo criou\u201d, afirma Marcio Astrini, coordenador de Pol\u00edticas P\u00fablicas do Greenpeace.<\/p>\n<p>O an\u00fancio do ministro ocorreu ap\u00f3s os dados do Instituto Nacional de Pesquisas Espaciais (Inpe) demonstrarem um aumento de 30% da destrui\u00e7\u00e3o na Amaz\u00f4nia. Por\u00e9m, meses antes, a crise das queimadas e os alertas dos sistemas de monitoramento j\u00e1 anunciavam um aumento expressivo do desmatamento. Onze meses ap\u00f3s o in\u00edcio do governo, as medidas apresentadas s\u00e3o claramente insuficientes e contradit\u00f3rias com o que o pr\u00f3prio governo vem fazendo.<\/p>\n<p><strong>Greenpeace: &#8220;discurso para enganar a plateia&#8221;<\/strong><\/p>\n<p>\u201cEnquanto o Ministro do meio ambiente fez um discurso para enganar a plat\u00e9ia, no mundo real o governo trabalha para implementar medidas que poder\u00e3o incrementar ainda mais o desmatamento, como a libera\u00e7\u00e3o do plantio de cana na Amaz\u00f4nia, a medida provis\u00f3ria de premia\u00e7\u00e3o da grilagem de terras, a promessa de abertura de terras ind\u00edgenas para garimpo e minera\u00e7\u00e3o, a proibi\u00e7\u00e3o do Ibama realizar a queima de equipamentos de criminosos ambientais e a tentativa de redu\u00e7\u00e3o dos limites de unidades de conserva\u00e7\u00e3o, entre outros\u201d, completa Astrini.<\/p>\n<figure id=\"attachment_578\" aria-describedby=\"caption-attachment-578\" style=\"width: 1024px\" class=\"wp-caption alignnone\"><img loading=\"lazy\" decoding=\"async\" class=\"size-large wp-image-578\" src=\"https:\/\/blogs.correiobraziliense.com.br\/4elementos\/wp-content\/uploads\/sites\/53\/2019\/11\/f\u00e1bio-nascimento-greepeace-1024x683.jpg\" alt=\"\" width=\"1024\" height=\"683\" srcset=\"https:\/\/blogs.correiobraziliense.com.br\/4elementos\/wp-content\/uploads\/sites\/53\/2019\/11\/f\u00e1bio-nascimento-greepeace.jpg 1024w, https:\/\/blogs.correiobraziliense.com.br\/4elementos\/wp-content\/uploads\/sites\/53\/2019\/11\/f\u00e1bio-nascimento-greepeace-300x200.jpg 300w, https:\/\/blogs.correiobraziliense.com.br\/4elementos\/wp-content\/uploads\/sites\/53\/2019\/11\/f\u00e1bio-nascimento-greepeace-768x512.jpg 768w, https:\/\/blogs.correiobraziliense.com.br\/4elementos\/wp-content\/uploads\/sites\/53\/2019\/11\/f\u00e1bio-nascimento-greepeace-550x367.jpg 550w, https:\/\/blogs.correiobraziliense.com.br\/4elementos\/wp-content\/uploads\/sites\/53\/2019\/11\/f\u00e1bio-nascimento-greepeace-230x153.jpg 230w\" sizes=\"auto, (max-width: 1024px) 100vw, 1024px\" \/><figcaption id=\"caption-attachment-578\" class=\"wp-caption-text\">Sobrevoo pelo Par\u00e1 em setembro deste ano registra aumento da devasta\u00e7\u00e3o da Amaz\u00f4nia \/ Foto: F\u00e1bio Nascimento\/Greenpeace<\/figcaption><\/figure>\n<p>Com informa\u00e7\u00f5es do <a href=\"https:\/\/www.greenpeace.org\/brasil\/\">Greenpeace<\/a><\/p>\n","protected":false},"excerpt":{"rendered":"<p>O Greenpeace reagiu \u00e0s medidas apresentadas nesta quarta-feira (20\/11)\u00a0 pelo ministro do meio ambiente, Ricardo Salles, em Bras\u00edlia, durante encontro com governadores da Amaz\u00f4nia Legal. \u201cO Ministro fez um an\u00fancio vazio. N\u00e3o foram apresentadas metas, prazos, custos e nem mecanismos de implementa\u00e7\u00e3o. Pelo contr\u00e1rio, propostas como a de regulariza\u00e7\u00e3o fundi\u00e1ria poder\u00e3o premiar a grilagem de terras e incrementar ainda mais [&hellip;]<\/p>\n","protected":false},"author":114,"featured_media":578,"comment_status":"open","ping_status":"open","sticky":false,"template":"","format":"standard","meta":{"footnotes":""},"categories":[155,3,2],"tags":[4,91,66,167,168,5],"class_list":["post-577","post","type-post","status-publish","format-standard","has-post-thumbnail","hentry","category-catastrofe-ambiental","category-meio-ambiente","category-sustentabilidade","tag-4elementos1planeta","tag-amazonia","tag-desmatamento","tag-greenpeace","tag-mma","tag-sustentabilidade"],"_links":{"self":[{"href":"https:\/\/blogs.correiobraziliense.com.br\/4elementos\/wp-json\/wp\/v2\/posts\/577","targetHints":{"allow":["GET"]}}],"collection":[{"href":"https:\/\/blogs.correiobraziliense.com.br\/4elementos\/wp-json\/wp\/v2\/posts"}],"about":[{"href":"https:\/\/blogs.correiobraziliense.com.br\/4elementos\/wp-json\/wp\/v2\/types\/post"}],"author":[{"embeddable":true,"href":"https:\/\/blogs.correiobraziliense.com.br\/4elementos\/wp-json\/wp\/v2\/users\/114"}],"replies":[{"embeddable":true,"href":"https:\/\/blogs.correiobraziliense.com.br\/4elementos\/wp-json\/wp\/v2\/comments?post=577"}],"version-history":[{"count":3,"href":"https:\/\/blogs.correiobraziliense.com.br\/4elementos\/wp-json\/wp\/v2\/posts\/577\/revisions"}],"predecessor-version":[{"id":581,"href":"https:\/\/blogs.correiobraziliense.com.br\/4elementos\/wp-json\/wp\/v2\/posts\/577\/revisions\/581"}],"wp:featuredmedia":[{"embeddable":true,"href":"https:\/\/blogs.correiobraziliense.com.br\/4elementos\/wp-json\/wp\/v2\/media\/578"}],"wp:attachment":[{"href":"https:\/\/blogs.correiobraziliense.com.br\/4elementos\/wp-json\/wp\/v2\/media?parent=577"}],"wp:term":[{"taxonomy":"category","embeddable":true,"href":"https:\/\/blogs.correiobraziliense.com.br\/4elementos\/wp-json\/wp\/v2\/categories?post=577"},{"taxonomy":"post_tag","embeddable":true,"href":"https:\/\/blogs.correiobraziliense.com.br\/4elementos\/wp-json\/wp\/v2\/tags?post=577"}],"curies":[{"name":"wp","href":"https:\/\/api.w.org\/{rel}","templated":true}]}}