{"id":547,"date":"2019-11-14T11:55:12","date_gmt":"2019-11-14T14:55:12","guid":{"rendered":"https:\/\/blogs.correiobraziliense.com.br\/4elementos\/?p=547"},"modified":"2019-11-14T11:55:12","modified_gmt":"2019-11-14T14:55:12","slug":"confira-iniciativas-sustentaveis-e-de-preservacao-ambiental-pelo-pais","status":"publish","type":"post","link":"https:\/\/blogs.correiobraziliense.com.br\/4elementos\/2019\/11\/14\/confira-iniciativas-sustentaveis-e-de-preservacao-ambiental-pelo-pais\/","title":{"rendered":"Confira iniciativas sustent\u00e1veis e de preserva\u00e7\u00e3o ambiental pelo pa\u00eds"},"content":{"rendered":"<p>Apesar de o Brasil ser palco de desastres ambientais sem precedentes, como a lama em Mariana e Brumadinho, e as manchas de \u00f3leo no litoral do Nordeste, o pa\u00eds tamb\u00e9m desenvolve in\u00fameras iniciativas sustent\u00e1veis. Confira o que est\u00e1 rolando de Norte a Sul:<\/p>\n<p>&nbsp;<\/p>\n<p><img loading=\"lazy\" decoding=\"async\" class=\"alignright wp-image-548 size-medium\" src=\"https:\/\/blogs.correiobraziliense.com.br\/4elementos\/wp-content\/uploads\/sites\/53\/2019\/11\/Professor-roraima-300x223.jpg\" alt=\"\" width=\"300\" height=\"223\" srcset=\"https:\/\/blogs.correiobraziliense.com.br\/4elementos\/wp-content\/uploads\/sites\/53\/2019\/11\/Professor-roraima-300x223.jpg 300w, https:\/\/blogs.correiobraziliense.com.br\/4elementos\/wp-content\/uploads\/sites\/53\/2019\/11\/Professor-roraima-230x171.jpg 230w, https:\/\/blogs.correiobraziliense.com.br\/4elementos\/wp-content\/uploads\/sites\/53\/2019\/11\/Professor-roraima.jpg 529w\" sizes=\"auto, (max-width: 300px) 100vw, 300px\" \/><\/p>\n<p><strong>RORAIMA<\/strong><br \/>\nUm dos estados com maior biodiversidade do mundo, com uma multiplicidade de fauna e flora, Roraima tem uma posi\u00e7\u00e3o geogr\u00e1fica com contato direto com a natureza. Para descortinar este mundo e\u00a0 despertar a conscientiza\u00e7\u00e3o das futuras gera\u00e7\u00f5es para a necessidade de preserva\u00e7\u00e3o ambiental e de iniciativas sustent\u00e1veis, o bi\u00f3logo e escritor Ronaldo Carvalho lan\u00e7ou, de forma independente, quatro obras com a linguagem infanto-juvenil.<\/p>\n<p><em>A indiazinha Yasmim, Serra Pequena, A Galinha Pena, O tucano<\/em> s\u00e3o os t\u00edtulos da nova cole\u00e7\u00e3o Tia Beny de livros roraimenses dedicados \u00e0s crian\u00e7as. Com tem\u00e1ticas ambientais, as obras tem como proposta de despertar nos pequenos a reflex\u00e3o sobre os animais e a import\u00e2ncia de preservar o meio ambiente. Os quatro livros contam com ilustra\u00e7\u00f5es de Wellington da Costa Pimentel.<\/p>\n<p>&nbsp;<\/p>\n<p><strong>MINAS GERAIS<\/strong><br \/>\nAcontece entre os dias 16 e 21 de novembro o 5\u00ba Simp\u00f3sio Brasileiro de Biologia da Conserva\u00e7\u00e3o, evento bienal que promove o encontro de pesquisadores e autoridades do meio ambiente para debaterem desafios e solu\u00e7\u00f5es voltados \u00e0 conserva\u00e7\u00e3o ambiental no pa\u00eds. A edi\u00e7\u00e3o deste ano do encontro, que \u00e9 organizado pela ONG Brasil Verde, ser\u00e1 realizado no Centro Educacional Aprendiz, em Barbacena. As duas \u00faltimas edi\u00e7\u00f5es aconteceram em Belo Horizonte e S\u00e3o Paulo. O objetivo \u00e9 valorizar as iniciativas sustent\u00e1veis.<\/p>\n<p>Para a organiza\u00e7\u00e3o do evento, o Brasil est\u00e1 passando por um momento delicado no que diz respeito ao meio ambiente e \u00e0 conserva\u00e7\u00e3o. Por isso, a necessidade de promo\u00e7\u00e3o de eventos como o encontro de pesquisadores e grupos que atuam diretamente no cen\u00e1rio ambiental do pa\u00eds. A ex-ministra do Meio Ambiente Marina Silva estar\u00e1 presente.<\/p>\n<p>&nbsp;<\/p>\n<p><strong>S\u00c3O PAULO<\/strong><br \/>\n<strong>Batatais<\/strong> &#8212; O programa Ambiente \u00c9 o Meio da quarta-feira (13\/11) levou um papo com o bi\u00f3logo F\u00e1bio Pereira Picinato sobre programas de educa\u00e7\u00e3o ambiental da Funda\u00e7\u00e3o Jos\u00e9 Lazzarini, com sede na cidade de Batatais, interior do Estado de S\u00e3o Paulo. A ONG, criada em 2003, atua na Escola de Educa\u00e7\u00e3o Infantil e Ensino Fundamental Campinho da Paz por meio de projetos de educa\u00e7\u00e3o ambiental para crian\u00e7as de at\u00e9 14 anos e, tamb\u00e9m, para a popula\u00e7\u00e3o.<\/p>\n<p>S\u00e3o realizados projetos como Batatais Educa\u00e7\u00e3o Ambiental (Batea), que conta com oficinas para alunos e professores das redes municipal, estadual e particular, e Projeto Social Pin\u00f3quio, voltado para adolescentes de 11 a 14 anos em situa\u00e7\u00f5es de risco. As oficinas envolvem iniciativas sustent\u00e1veis.<\/p>\n<p><strong>Itapecerica da Serra<\/strong> &#8212; Vereadores do munic\u00edpio conclu\u00edram nesta semana a Comiss\u00e3o Parlamentar de Inqu\u00e9rito (CPI) instaurada para apurar as condi\u00e7\u00f5es da constru\u00e7\u00e3o de um centro esportivo e encontraram ind\u00edcios de crimes na obra. A constru\u00e7\u00e3o do centro esportivo era realizada com autoriza\u00e7\u00e3o da Companhia Ambiental do Estado de S\u00e3o Paulo (Cestesb) em uma \u00e1rea de mananciais de mais de 130 mil m\u00b2. A obra demandou a movimenta\u00e7\u00e3o de quase R$ 3 milh\u00f5es m\u00b3 de terra, o que poderia causar danos ao meio ambiente.<\/p>\n<p>A Associa\u00e7\u00e3o de moradores do bairro vizinho \u00e0 obra, o Jardim Petr\u00f3polis, em parceria com a ONG Preservar Itapecerica da Serra, denunciou a obra ao Minist\u00e9rio P\u00fablico do Estado de S\u00e3o Paulo (MP-SP), que pediu explica\u00e7\u00f5es a Prefeitura de Itapecerica da Serra e a Cetesb. A Prefeitura, ent\u00e3o, decidiu embargar a movimenta\u00e7\u00e3o de terra na \u00e1rea e reconheceu que o projeto n\u00e3o mostrou um estudo de impacto ambiental.<\/p>\n<p>&nbsp;<\/p>\n<p><strong>DISTRITO FEDERAL<\/strong><br \/>\nA viabilidade econ\u00f4mica da reativa\u00e7\u00e3o da hidrovia do S\u00e3o Francisco foi confirmada por especialistas ouvidos pela Comiss\u00e3o de Via\u00e7\u00e3o e Transportes da C\u00e2mara dos Deputados nesta semana. Dados apresentados durante a audi\u00eancia p\u00fablica mostram que uma barca\u00e7a poderia levar 900 toneladas de carga; quantidade que se transportada por terra, exigiria 35 carretas. A viabilidade ambiental tamb\u00e9m foi confirmada pelos debatedores: a emiss\u00e3o de poluentes \u00e9 quatro vezes maior nas rodovias do que nas hidrovias.<\/p>\n<p>&nbsp;<\/p>\n<p><strong>SERGIPE<\/strong><br \/>\nQuatorze escolas da rede estadual de Sergipe foram selecionadas para a XII Olimp\u00edada Ambiental, com o tema \u201cRes\u00edduos S\u00f3lidos: o primeiro passo para a Sustentabilidade\u201d. A Olimp\u00edada \u00e9 um projeto de educa\u00e7\u00e3o ambiental idealizado pelo governo e promove iniciativas sustent\u00e1veis.<\/p>\n<p>No encerramento da Olimp\u00edada, que acontecer\u00e1 no pr\u00f3ximo dia 27, ser\u00e3o premiados os 10 melhores trabalhos de cada submodalidade, ou seja, em artes ser\u00e3o pintura, cartaz e maquete; em produ\u00e7\u00e3o de texto ser\u00e3o literatura de cordel, reda\u00e7\u00e3o e quadrinhos; em educomunica\u00e7\u00e3o ser\u00e1 m\u00fasica para alunos e videoaula para professores.<\/p>\n<p><img loading=\"lazy\" decoding=\"async\" class=\"alignleft wp-image-549 size-medium\" src=\"https:\/\/blogs.correiobraziliense.com.br\/4elementos\/wp-content\/uploads\/sites\/53\/2019\/11\/astan-bike-300x200.jpg\" alt=\"\" width=\"300\" height=\"200\" srcset=\"https:\/\/blogs.correiobraziliense.com.br\/4elementos\/wp-content\/uploads\/sites\/53\/2019\/11\/astan-bike-300x200.jpg 300w, https:\/\/blogs.correiobraziliense.com.br\/4elementos\/wp-content\/uploads\/sites\/53\/2019\/11\/astan-bike-768x512.jpg 768w, https:\/\/blogs.correiobraziliense.com.br\/4elementos\/wp-content\/uploads\/sites\/53\/2019\/11\/astan-bike-1024x683.jpg 1024w, https:\/\/blogs.correiobraziliense.com.br\/4elementos\/wp-content\/uploads\/sites\/53\/2019\/11\/astan-bike-1440x961.jpg 1440w, https:\/\/blogs.correiobraziliense.com.br\/4elementos\/wp-content\/uploads\/sites\/53\/2019\/11\/astan-bike-550x367.jpg 550w, https:\/\/blogs.correiobraziliense.com.br\/4elementos\/wp-content\/uploads\/sites\/53\/2019\/11\/astan-bike-230x153.jpg 230w\" sizes=\"auto, (max-width: 300px) 100vw, 300px\" \/><\/p>\n<p>&nbsp;<\/p>\n<p><strong>ESP\u00cdRITO SANTO<\/strong><br \/>\nUma empresa capixaba inovou no ramo de bicicletas e produziu um modelo totalmente feito com madeira de reflorestamento. Batizada de Astan Bike, a novidade reduz em 80% o impacto ambiental. Al\u00e9m de contribuir com o meio ambiente, a bike \u00e9 mais leve do que as convencionais e pode ser personalizada de acordo com o gosto do cliente. A bike de madeira \u00e9 mais confort\u00e1vel porque \u00e9 mais flex\u00edvel do que a liga de metal, por exemplo. O quadro da bicicleta pesa a partir de 4 quilos, a depender dos acess\u00f3rios, j\u00e1 que pode ser customizada. O blog 4 Elementos aguarda uma entrevista com os idealizadores da bicicleta para divulgar mais iniciativas sustent\u00e1veis como essa.<\/p>\n<p>&nbsp;<\/p>\n<p><strong>RIO GRANDE DO SUL<\/strong><br \/>\nA Associa\u00e7\u00e3o Comercial e Industrial de Lajeado (Acil), no estado ga\u00facho, promoveu nesta semana, uma reuni\u00e3o-almo\u00e7o com o tema Um novo momento ambiental para o RS: C\u00f3digo Estadual do Meio Ambiente. O assunto foi abordado pela presidente da Funda\u00e7\u00e3o Estadual de Prote\u00e7\u00e3o Ambiental Henrique Luiz Roessler (Fepam-RS), Marjorie Kauffmann.<\/p>\n<p>Segundo ela, o novo c\u00f3digo ambiental (PL- 431\/2019), que foi entregue pelo governador do Estado, Eduardo Leite, na Assembleia Legislativa do Rio Grande do Sul, visa a melhoria e a moderniza\u00e7\u00e3o dos procedimentos do licenciamento ambiental. A principal mudan\u00e7a \u00e9 na adequa\u00e7\u00e3o de procedimentos executados pela Fepam.<\/p>\n<p>&nbsp;<\/p>\n<p>Fotos: divulga\u00e7\u00e3o<\/p>\n","protected":false},"excerpt":{"rendered":"<p>Apesar de o Brasil ser palco de desastres ambientais sem precedentes, como a lama em Mariana e Brumadinho, e as manchas de \u00f3leo no litoral do Nordeste, o pa\u00eds tamb\u00e9m desenvolve in\u00fameras iniciativas sustent\u00e1veis. Confira o que est\u00e1 rolando de Norte a Sul: &nbsp; RORAIMA Um dos estados com maior biodiversidade do mundo, com uma multiplicidade de fauna e flora, [&hellip;]<\/p>\n","protected":false},"author":114,"featured_media":0,"comment_status":"open","ping_status":"open","sticky":false,"template":"","format":"standard","meta":{"footnotes":""},"categories":[3,2],"tags":[4,89,7,166,51,165],"class_list":["post-547","post","type-post","status-publish","format-standard","hentry","category-meio-ambiente","category-sustentabilidade","tag-4elementos1planeta","tag-atitudes-sustentaveis","tag-conscientizacao","tag-de-norte-a-sul","tag-desenvolvimento-sustentavel","tag-iniciativas-sustentaveis"],"_links":{"self":[{"href":"https:\/\/blogs.correiobraziliense.com.br\/4elementos\/wp-json\/wp\/v2\/posts\/547","targetHints":{"allow":["GET"]}}],"collection":[{"href":"https:\/\/blogs.correiobraziliense.com.br\/4elementos\/wp-json\/wp\/v2\/posts"}],"about":[{"href":"https:\/\/blogs.correiobraziliense.com.br\/4elementos\/wp-json\/wp\/v2\/types\/post"}],"author":[{"embeddable":true,"href":"https:\/\/blogs.correiobraziliense.com.br\/4elementos\/wp-json\/wp\/v2\/users\/114"}],"replies":[{"embeddable":true,"href":"https:\/\/blogs.correiobraziliense.com.br\/4elementos\/wp-json\/wp\/v2\/comments?post=547"}],"version-history":[{"count":7,"href":"https:\/\/blogs.correiobraziliense.com.br\/4elementos\/wp-json\/wp\/v2\/posts\/547\/revisions"}],"predecessor-version":[{"id":556,"href":"https:\/\/blogs.correiobraziliense.com.br\/4elementos\/wp-json\/wp\/v2\/posts\/547\/revisions\/556"}],"wp:attachment":[{"href":"https:\/\/blogs.correiobraziliense.com.br\/4elementos\/wp-json\/wp\/v2\/media?parent=547"}],"wp:term":[{"taxonomy":"category","embeddable":true,"href":"https:\/\/blogs.correiobraziliense.com.br\/4elementos\/wp-json\/wp\/v2\/categories?post=547"},{"taxonomy":"post_tag","embeddable":true,"href":"https:\/\/blogs.correiobraziliense.com.br\/4elementos\/wp-json\/wp\/v2\/tags?post=547"}],"curies":[{"name":"wp","href":"https:\/\/api.w.org\/{rel}","templated":true}]}}