{"id":49,"date":"2019-06-07T19:44:28","date_gmt":"2019-06-07T22:44:28","guid":{"rendered":"https:\/\/blogs.correiobraziliense.com.br\/4elementos\/?p=49"},"modified":"2019-06-07T21:59:35","modified_gmt":"2019-06-08T00:59:35","slug":"na-semana-do-meio-ambiente-correio-estreia-blog-de-sustentabilidade","status":"publish","type":"post","link":"https:\/\/blogs.correiobraziliense.com.br\/4elementos\/2019\/06\/07\/na-semana-do-meio-ambiente-correio-estreia-blog-de-sustentabilidade\/","title":{"rendered":"Na semana do Meio Ambiente, Correio estreia blog de sustentabilidade"},"content":{"rendered":"<p>Na semana em que se comemora o Dia Mundial do Meio Ambiente, o Correio Braziliense estreia um novo espa\u00e7o para o debate sobre sustentabilidade.<\/p>\n<p>O Blog 4Elementos\u00a0surge ap\u00f3s uma s\u00e9rie de mat\u00e9rias que trataram de temas relevantes para o futuro do Planeta Terra. O objetivo \u00e9 dar visibilidade \u00e0s iniciativas sustent\u00e1veis e de preserva\u00e7\u00e3o do meio ambiente.<\/p>\n<h3><img loading=\"lazy\" decoding=\"async\" class=\"alignleft wp-image-59 size-medium\" src=\"https:\/\/blogs.correiobraziliense.com.br\/4elementos\/wp-content\/uploads\/sites\/53\/2019\/06\/20190303212954479341a-281x300.jpg\" alt=\"\" width=\"281\" height=\"300\" srcset=\"https:\/\/blogs.correiobraziliense.com.br\/4elementos\/wp-content\/uploads\/sites\/53\/2019\/06\/20190303212954479341a-281x300.jpg 281w, https:\/\/blogs.correiobraziliense.com.br\/4elementos\/wp-content\/uploads\/sites\/53\/2019\/06\/20190303212954479341a-768x819.jpg 768w, https:\/\/blogs.correiobraziliense.com.br\/4elementos\/wp-content\/uploads\/sites\/53\/2019\/06\/20190303212954479341a-550x586.jpg 550w, https:\/\/blogs.correiobraziliense.com.br\/4elementos\/wp-content\/uploads\/sites\/53\/2019\/06\/20190303212954479341a-230x245.jpg 230w, https:\/\/blogs.correiobraziliense.com.br\/4elementos\/wp-content\/uploads\/sites\/53\/2019\/06\/20190303212954479341a.jpg 820w\" sizes=\"auto, (max-width: 281px) 100vw, 281px\" \/><\/h3>\n<h3>Acompanhe as s\u00e9ries<\/h3>\n<p>A s\u00e9rie <a href=\"https:\/\/www.correiobraziliense.com.br\/app\/noticia\/economia\/2018\/09\/14\/internas_economia,705844\/video-desperdicio-de-alimento-chega-a-1-3-milhao-de-tonelada-no-mundo.shtml\">Do lixo \u00e0 mesa<\/a>\u00a0aborda o grave problema do desperd\u00edcio de alimentos, que chega a 1,3 bilh\u00e3o de toneladas por ano em n\u00edvel mundial. Se nada for feito, segundo a consultoria Boston Consulting, em 2030, as perdas chegar\u00e3o a 2,1\u00a0 bilh\u00f5es de toneladas.<\/p>\n<p>A reportagem <a href=\"https:\/\/www.correiobraziliense.com.br\/app\/noticia\/economia\/2019\/03\/04\/internas_economia,740974\/padroes-de-consumo-global-devem-mudar-para-que-o-planeta-sobreviva.shtml?fbclid=IwAR0lGnX7yxsnQr_Y3hYr45AbjMR3MA2hCOUcRLYwqjC42McPbnridJT24tA\">Quatro Elementos, um Planeta<\/a> alerta sobre a necessidade de mudan\u00e7as nos padr\u00f5es de consumo para a preserva\u00e7\u00e3o da \u00e1gua, do ar, da terra e do fogo, representando a gera\u00e7\u00e3o de energia.<\/p>\n<p>O Brasil \u00e9 campe\u00e3o em desmatamento e est\u00e1 entre os cinco maiores emissores de gases de efeito estufa (GEE). O pa\u00eds tamb\u00e9m tem os maiores mananciais de \u00e1gua doce do mundo. Os dados mostram que os desafios para assegurar a sustentabilidade dos recursos naturais s\u00e3o enormes.<\/p>\n<p>A import\u00e2ncia ambiental e social da coleta seletiva de res\u00edduos \u00e9 tema do primeiro cap\u00edtulo do especial <a href=\"http:\/\/especiais.correiobraziliense.com.br\/a-riqueza-da-periferia\">A Riqueza da Periferia.<\/a>\u00a0A m\u00e9dia de aproveitamento do lixo que chega \u00e0s cooperativas de reciclagem \u00e9 de apenas 20%. O dado revela que ainda \u00e9 preciso conscientiza\u00e7\u00e3o de que reciclar \u00e9 fundamental para o meio ambiente e para a gera\u00e7\u00e3o de trabalho e renda dos catadores.<\/p>\n<h3>Novo canal<\/h3>\n<p>O tema n\u00e3o se esgota nessas abordagens. Pelo contr\u00e1rio, \u00e9 cada vez mais urgente tratar a sustentabilidade como prioridade, sob pena de a sociedade comprometer as gera\u00e7\u00f5es futuras.<\/p>\n<p>Por isso, o Blog 4Elementos abre um canal para dar visibilidade \u00e0s iniciativas de preserva\u00e7\u00e3o, \u00e0s inova\u00e7\u00f5es sustent\u00e1veis e \u00e0s den\u00fancias de crimes ambientais.<\/p>\n<p>Seja muito bem-vindo neste espa\u00e7o.<\/p>\n<p>Colabore enviando sugest\u00f5es de pautas no email sikafruni@gmail.com.<\/p>\n<p>Participe do debate pelo Twitter @Blog4E.<\/p>\n<p>Preservar \u00e9 preciso!<\/p>\n<p>&nbsp;<\/p>\n","protected":false},"excerpt":{"rendered":"<p>Na semana em que se comemora o Dia Mundial do Meio Ambiente, o Correio Braziliense estreia um novo espa\u00e7o para o debate sobre sustentabilidade. O Blog 4Elementos\u00a0surge ap\u00f3s uma s\u00e9rie de mat\u00e9rias que trataram de temas relevantes para o futuro do Planeta Terra. O objetivo \u00e9 dar visibilidade \u00e0s iniciativas sustent\u00e1veis e de preserva\u00e7\u00e3o do meio ambiente. Acompanhe as s\u00e9ries [&hellip;]<\/p>\n","protected":false},"author":114,"featured_media":0,"comment_status":"open","ping_status":"open","sticky":false,"template":"","format":"standard","meta":{"footnotes":""},"categories":[3,2],"tags":[4,7,6,5],"class_list":["post-49","post","type-post","status-publish","format-standard","hentry","category-meio-ambiente","category-sustentabilidade","tag-4elementos1planeta","tag-conscientizacao","tag-meio-ambiente","tag-sustentabilidade"],"_links":{"self":[{"href":"https:\/\/blogs.correiobraziliense.com.br\/4elementos\/wp-json\/wp\/v2\/posts\/49","targetHints":{"allow":["GET"]}}],"collection":[{"href":"https:\/\/blogs.correiobraziliense.com.br\/4elementos\/wp-json\/wp\/v2\/posts"}],"about":[{"href":"https:\/\/blogs.correiobraziliense.com.br\/4elementos\/wp-json\/wp\/v2\/types\/post"}],"author":[{"embeddable":true,"href":"https:\/\/blogs.correiobraziliense.com.br\/4elementos\/wp-json\/wp\/v2\/users\/114"}],"replies":[{"embeddable":true,"href":"https:\/\/blogs.correiobraziliense.com.br\/4elementos\/wp-json\/wp\/v2\/comments?post=49"}],"version-history":[{"count":9,"href":"https:\/\/blogs.correiobraziliense.com.br\/4elementos\/wp-json\/wp\/v2\/posts\/49\/revisions"}],"predecessor-version":[{"id":77,"href":"https:\/\/blogs.correiobraziliense.com.br\/4elementos\/wp-json\/wp\/v2\/posts\/49\/revisions\/77"}],"wp:attachment":[{"href":"https:\/\/blogs.correiobraziliense.com.br\/4elementos\/wp-json\/wp\/v2\/media?parent=49"}],"wp:term":[{"taxonomy":"category","embeddable":true,"href":"https:\/\/blogs.correiobraziliense.com.br\/4elementos\/wp-json\/wp\/v2\/categories?post=49"},{"taxonomy":"post_tag","embeddable":true,"href":"https:\/\/blogs.correiobraziliense.com.br\/4elementos\/wp-json\/wp\/v2\/tags?post=49"}],"curies":[{"name":"wp","href":"https:\/\/api.w.org\/{rel}","templated":true}]}}