{"id":488,"date":"2019-09-29T20:56:02","date_gmt":"2019-09-29T23:56:02","guid":{"rendered":"https:\/\/blogs.correiobraziliense.com.br\/4elementos\/?p=488"},"modified":"2019-09-29T20:56:02","modified_gmt":"2019-09-29T23:56:02","slug":"lixo-produzido-na-cidade-de-sao-paulo-pode-gerar-r-3-bilhoes-diz-estudo","status":"publish","type":"post","link":"https:\/\/blogs.correiobraziliense.com.br\/4elementos\/2019\/09\/29\/lixo-produzido-na-cidade-de-sao-paulo-pode-gerar-r-3-bilhoes-diz-estudo\/","title":{"rendered":"Lixo produzido na cidade de S\u00e3o Paulo pode gerar R$ 3 bilh\u00f5es, diz estudo"},"content":{"rendered":"<p>O Brasil precisa dar uma destina\u00e7\u00e3o mais nobre para o lixo. Pesquisas apontam que \u00e9 poss\u00edvel gerar energia e renda com res\u00edduos s\u00f3lidos.<\/p>\n<p>Um estudo realizado na cidade de S\u00e3o Paulo constatou que o potencial econ\u00f4mico estimado a partir do tratamento adequado do montante de res\u00edduos s\u00f3lidos domiciliares descartados no munic\u00edpio \u00e9 de, aproximadamente, R$ 3 bilh\u00f5es.<\/p>\n<p>O valor calculado leva em considera\u00e7\u00e3o cinco diferentes fontes de renda: reciclagem, cr\u00e9ditos de carbono, cr\u00e9ditos de log\u00edstica reversa\/internaliza\u00e7\u00e3o de custos privados, combust\u00edvel derivado de res\u00edduos e de composto org\u00e2nico.<\/p>\n<p>O pesquisador Ivan Carlos Silva Lima iniciou o estudo em 2018, orientado pela professora Vilma Geni Slomski, da Funda\u00e7\u00e3o Escola de Com\u00e9rcio \u00c1lvares Penteado (Fecap). As informa\u00e7\u00f5es foram coletadas por meio da an\u00e1lise de documentos.<\/p>\n<p>Al\u00e9m dos valores encontrados, o estudo salienta a necessidade da implanta\u00e7\u00e3o de 101 centrais de triagem privadas no munic\u00edpio de S\u00e3o Paulo, o que geraria 3.333 empregos diretos. Mais do que isso, a pesquisa evidencia ganhos ambientais: redu\u00e7\u00e3o no consumo de \u00e1gua (39 bilh\u00f5es de litros), 142 mil metros quadrados de floresta protegida e 220 mil toneladas de minerais, entre eles bauxita, ferro, cal, areia e carv\u00e3o.<\/p>\n<p>Outra implica\u00e7\u00e3o seria a redu\u00e7\u00e3o da despesa municipal, pois a coleta dos res\u00edduos s\u00f3lidos n\u00e3o tratados impactou o or\u00e7amento p\u00fablico em 2,5% no ano de 2017. Esse dado seria menor caso houvesse diminui\u00e7\u00e3o dos gastos com aterros sanit\u00e1rios e com transporte dos res\u00edduos.<\/p>\n<p>&nbsp;<\/p>\n<p><img loading=\"lazy\" decoding=\"async\" class=\"alignnone size-full wp-image-489\" src=\"https:\/\/blogs.correiobraziliense.com.br\/4elementos\/wp-content\/uploads\/sites\/53\/2019\/09\/lixo.jpg\" alt=\"\" width=\"606\" height=\"250\" srcset=\"https:\/\/blogs.correiobraziliense.com.br\/4elementos\/wp-content\/uploads\/sites\/53\/2019\/09\/lixo.jpg 606w, https:\/\/blogs.correiobraziliense.com.br\/4elementos\/wp-content\/uploads\/sites\/53\/2019\/09\/lixo-300x124.jpg 300w, https:\/\/blogs.correiobraziliense.com.br\/4elementos\/wp-content\/uploads\/sites\/53\/2019\/09\/lixo-550x227.jpg 550w, https:\/\/blogs.correiobraziliense.com.br\/4elementos\/wp-content\/uploads\/sites\/53\/2019\/09\/lixo-230x95.jpg 230w\" sizes=\"auto, (max-width: 606px) 100vw, 606px\" \/><\/p>\n","protected":false},"excerpt":{"rendered":"<p>O Brasil precisa dar uma destina\u00e7\u00e3o mais nobre para o lixo. Pesquisas apontam que \u00e9 poss\u00edvel gerar energia e renda com res\u00edduos s\u00f3lidos. Um estudo realizado na cidade de S\u00e3o Paulo constatou que o potencial econ\u00f4mico estimado a partir do tratamento adequado do montante de res\u00edduos s\u00f3lidos domiciliares descartados no munic\u00edpio \u00e9 de, aproximadamente, R$ 3 bilh\u00f5es. O valor calculado [&hellip;]<\/p>\n","protected":false},"author":114,"featured_media":0,"comment_status":"open","ping_status":"open","sticky":false,"template":"","format":"standard","meta":{"footnotes":""},"categories":[54],"tags":[4,7,51,151,150,55,152],"class_list":["post-488","post","type-post","status-publish","format-standard","hentry","category-reciclagem","tag-4elementos1planeta","tag-conscientizacao","tag-desenvolvimento-sustentavel","tag-fecap","tag-lixo","tag-reciclagem","tag-residuos-solidos"],"_links":{"self":[{"href":"https:\/\/blogs.correiobraziliense.com.br\/4elementos\/wp-json\/wp\/v2\/posts\/488","targetHints":{"allow":["GET"]}}],"collection":[{"href":"https:\/\/blogs.correiobraziliense.com.br\/4elementos\/wp-json\/wp\/v2\/posts"}],"about":[{"href":"https:\/\/blogs.correiobraziliense.com.br\/4elementos\/wp-json\/wp\/v2\/types\/post"}],"author":[{"embeddable":true,"href":"https:\/\/blogs.correiobraziliense.com.br\/4elementos\/wp-json\/wp\/v2\/users\/114"}],"replies":[{"embeddable":true,"href":"https:\/\/blogs.correiobraziliense.com.br\/4elementos\/wp-json\/wp\/v2\/comments?post=488"}],"version-history":[{"count":3,"href":"https:\/\/blogs.correiobraziliense.com.br\/4elementos\/wp-json\/wp\/v2\/posts\/488\/revisions"}],"predecessor-version":[{"id":492,"href":"https:\/\/blogs.correiobraziliense.com.br\/4elementos\/wp-json\/wp\/v2\/posts\/488\/revisions\/492"}],"wp:attachment":[{"href":"https:\/\/blogs.correiobraziliense.com.br\/4elementos\/wp-json\/wp\/v2\/media?parent=488"}],"wp:term":[{"taxonomy":"category","embeddable":true,"href":"https:\/\/blogs.correiobraziliense.com.br\/4elementos\/wp-json\/wp\/v2\/categories?post=488"},{"taxonomy":"post_tag","embeddable":true,"href":"https:\/\/blogs.correiobraziliense.com.br\/4elementos\/wp-json\/wp\/v2\/tags?post=488"}],"curies":[{"name":"wp","href":"https:\/\/api.w.org\/{rel}","templated":true}]}}