{"id":482,"date":"2019-09-28T21:12:47","date_gmt":"2019-09-29T00:12:47","guid":{"rendered":"https:\/\/blogs.correiobraziliense.com.br\/4elementos\/?p=482"},"modified":"2019-09-28T21:12:47","modified_gmt":"2019-09-29T00:12:47","slug":"mancha-de-oleo-se-espalha-por-praias-do-nordeste-sem-que-a-origem-seja-identificada","status":"publish","type":"post","link":"https:\/\/blogs.correiobraziliense.com.br\/4elementos\/2019\/09\/28\/mancha-de-oleo-se-espalha-por-praias-do-nordeste-sem-que-a-origem-seja-identificada\/","title":{"rendered":"Mancha de \u00f3leo se espalha por praias do Nordeste sem que a origem seja identificada"},"content":{"rendered":"<p>A subst\u00e2ncia oleosa e escura encontrada em algumas praias do Nordeste n\u00e3o para de se espalhar. J\u00e1 s\u00e3o 112 pontos em 53 munic\u00edpios de oito estados atingidos, e os \u00f3rg\u00e3os ambientais e de prote\u00e7\u00e3o da zona mar\u00edtima continuam mobilizados para saber qual a origem desse vazamento.<\/p>\n<p>O mapa com localidades afetadas no Nordeste, divulgado pelo Minist\u00e9rio do Meio Ambiente, mostra que boa parte da extens\u00e3o \u00e0 beira mar entre Maranh\u00e3o e Sergipe est\u00e1 contaminada. Dos nove estados nordestinos, apenas a Bahia n\u00e3o registra a presen\u00e7a do \u00f3leo.<\/p>\n<p>O material atinge diretamente o ecossistema das praias, prejudicando principalmente a fauna marinha. Segundo o mais recente balan\u00e7o divulgado pelo Instituto Brasileiro de Meio Ambiente e dos Recursos Naturais Renov\u00e1veis (Ibama), 10 animais foram atingidos &#8211; nove tartarugas marinhas e uma ave -, dos quais seis tartarugas e uma ave morreram. Os animais foram encontrados no Maranh\u00e3o, Piau\u00ed, Cear\u00e1, Rio Grande do Norte e Pernambuco.<\/p>\n<figure id=\"attachment_483\" aria-describedby=\"caption-attachment-483\" style=\"width: 578px\" class=\"wp-caption alignright\"><img loading=\"lazy\" decoding=\"async\" class=\"wp-image-483 \" src=\"https:\/\/blogs.correiobraziliense.com.br\/4elementos\/wp-content\/uploads\/sites\/53\/2019\/09\/CBNFOT260920191256.jpg\" alt=\"\" width=\"578\" height=\"384\" srcset=\"https:\/\/blogs.correiobraziliense.com.br\/4elementos\/wp-content\/uploads\/sites\/53\/2019\/09\/CBNFOT260920191256.jpg 800w, https:\/\/blogs.correiobraziliense.com.br\/4elementos\/wp-content\/uploads\/sites\/53\/2019\/09\/CBNFOT260920191256-300x200.jpg 300w, https:\/\/blogs.correiobraziliense.com.br\/4elementos\/wp-content\/uploads\/sites\/53\/2019\/09\/CBNFOT260920191256-768x511.jpg 768w, https:\/\/blogs.correiobraziliense.com.br\/4elementos\/wp-content\/uploads\/sites\/53\/2019\/09\/CBNFOT260920191256-550x366.jpg 550w, https:\/\/blogs.correiobraziliense.com.br\/4elementos\/wp-content\/uploads\/sites\/53\/2019\/09\/CBNFOT260920191256-230x153.jpg 230w\" sizes=\"auto, (max-width: 578px) 100vw, 578px\" \/><figcaption id=\"caption-attachment-483\" class=\"wp-caption-text\">Petr\u00f3leo cru polui praias de Sergipe \/ Foto: Marcos Rodrigues\/Adema\/Governo de Sergipe<\/figcaption><\/figure>\n<h2><strong>Petr\u00f3leo cru\u00a0<\/strong><\/h2>\n<p>As manchas come\u00e7aram a ser percebidas no dia 2 de setembro e, desde ent\u00e3o, o Ibama vem estabelecendo uma s\u00e9rie de a\u00e7\u00f5es, entre elas a investiga\u00e7\u00e3o quanto \u00e0 composi\u00e7\u00e3o da subst\u00e2ncia. O resultado conclusivo das amostras, solicitado pelo Instituto e pela Capitania dos Portos, e cuja an\u00e1lise foi feita pela Marinha e pela Petrobras, apontou que se trata de petr\u00f3leo cru.<\/p>\n<p>Ainda n\u00e3o foi detectada a origem e o respons\u00e1vel pelo vazamento do petr\u00f3leo, mas uma das hip\u00f3teses levantadas pelos \u00f3rg\u00e3os de prote\u00e7\u00e3o ambiental \u00e9 que alguma embarca\u00e7\u00e3o tenha despejado a subst\u00e2ncia em alto mar.<\/p>\n<p>Por ser t\u00f3xica, a recomenda\u00e7\u00e3o do Ibama e das superintend\u00eancias estaduais de Meio Ambiente \u00e9 de que as pessoas evitem o banho de mar, a pr\u00e1tica de esportes n\u00e1uticos e tamb\u00e9m a pesca, bem como evitar o consumo de frutos do mar desses locais.<\/p>\n<p>Com informa\u00e7\u00f5es da <em>Ag\u00eancia Estado<\/em>.<\/p>\n","protected":false},"excerpt":{"rendered":"<p>A subst\u00e2ncia oleosa e escura encontrada em algumas praias do Nordeste n\u00e3o para de se espalhar. J\u00e1 s\u00e3o 112 pontos em 53 munic\u00edpios de oito estados atingidos, e os \u00f3rg\u00e3os ambientais e de prote\u00e7\u00e3o da zona mar\u00edtima continuam mobilizados para saber qual a origem desse vazamento. O mapa com localidades afetadas no Nordeste, divulgado pelo Minist\u00e9rio do Meio Ambiente, mostra [&hellip;]<\/p>\n","protected":false},"author":114,"featured_media":0,"comment_status":"open","ping_status":"open","sticky":false,"template":"","format":"standard","meta":{"footnotes":""},"categories":[3],"tags":[4,147,148,145,149,146],"class_list":["post-482","post","type-post","status-publish","format-standard","hentry","category-meio-ambiente","tag-4elementos1planeta","tag-aguas","tag-ibama","tag-mancha-de-oleo","tag-nordeste","tag-poluicao"],"_links":{"self":[{"href":"https:\/\/blogs.correiobraziliense.com.br\/4elementos\/wp-json\/wp\/v2\/posts\/482","targetHints":{"allow":["GET"]}}],"collection":[{"href":"https:\/\/blogs.correiobraziliense.com.br\/4elementos\/wp-json\/wp\/v2\/posts"}],"about":[{"href":"https:\/\/blogs.correiobraziliense.com.br\/4elementos\/wp-json\/wp\/v2\/types\/post"}],"author":[{"embeddable":true,"href":"https:\/\/blogs.correiobraziliense.com.br\/4elementos\/wp-json\/wp\/v2\/users\/114"}],"replies":[{"embeddable":true,"href":"https:\/\/blogs.correiobraziliense.com.br\/4elementos\/wp-json\/wp\/v2\/comments?post=482"}],"version-history":[{"count":3,"href":"https:\/\/blogs.correiobraziliense.com.br\/4elementos\/wp-json\/wp\/v2\/posts\/482\/revisions"}],"predecessor-version":[{"id":486,"href":"https:\/\/blogs.correiobraziliense.com.br\/4elementos\/wp-json\/wp\/v2\/posts\/482\/revisions\/486"}],"wp:attachment":[{"href":"https:\/\/blogs.correiobraziliense.com.br\/4elementos\/wp-json\/wp\/v2\/media?parent=482"}],"wp:term":[{"taxonomy":"category","embeddable":true,"href":"https:\/\/blogs.correiobraziliense.com.br\/4elementos\/wp-json\/wp\/v2\/categories?post=482"},{"taxonomy":"post_tag","embeddable":true,"href":"https:\/\/blogs.correiobraziliense.com.br\/4elementos\/wp-json\/wp\/v2\/tags?post=482"}],"curies":[{"name":"wp","href":"https:\/\/api.w.org\/{rel}","templated":true}]}}