{"id":463,"date":"2019-09-25T09:00:49","date_gmt":"2019-09-25T12:00:49","guid":{"rendered":"https:\/\/blogs.correiobraziliense.com.br\/4elementos\/?p=463"},"modified":"2019-09-24T16:56:29","modified_gmt":"2019-09-24T19:56:29","slug":"conservacao-ambiental-e-desenvolvimento-economico-devem-andar-juntos","status":"publish","type":"post","link":"https:\/\/blogs.correiobraziliense.com.br\/4elementos\/2019\/09\/25\/conservacao-ambiental-e-desenvolvimento-economico-devem-andar-juntos\/","title":{"rendered":"Conserva\u00e7\u00e3o ambiental e desenvolvimento econ\u00f4mico devem andar juntos"},"content":{"rendered":"<p><span style=\"font-weight: 400\">A conserva\u00e7\u00e3o ambiental e o desenvolvimento econ\u00f4mico podem e devem andar juntos. Especialistas defendem o turismo de natureza como a chave para proporcionar crescimento regional no entorno de \u00e1reas naturais bem conservadas. Iniciativas desenvolvidas na Mata Atl\u00e2ntica e no Pantanal usam a gest\u00e3o qualificada de \u00e1reas naturais protegidas como meio para a gera\u00e7\u00e3o de empregos e renda.<\/span><\/p>\n<p><span style=\"font-weight: 400\">De acordo com Cl\u00f3vis Borges, diretor executivo da Sociedade de Prote\u00e7\u00e3o da Vida Selvagem, (SPVS), institui\u00e7\u00e3o idealizadora da Grande Reserva Mata Atl\u00e2ntica, \u00e9 poss\u00edvel qualificar \u00e1reas e transform\u00e1-las em produtos tur\u00edsticos. \u201cOs parques exigem investimentos em infraestrutura. Por\u00e9m, o gestor p\u00fablico acha que concedendo \u00e0 iniciativa privada, se livra de tudo, sem precisar proteger a \u00e1rea\u201d, alerta. \u201cN\u00e3o \u00e9 assim, mas garantindo 80% do or\u00e7amento, os governos estimulam a interfer\u00eancia da iniciativa privada nos 20% restantes, ou seja, na gest\u00e3o e no investimento da economia do entorno, que d\u00e1 o retorno por meio da arrecada\u00e7\u00e3o\u201d, explica.<\/span><\/p>\n<p><span style=\"font-weight: 400\">\u00c9 nesse entorno que est\u00e1 a gera\u00e7\u00e3o regional de emprego e renda, destaca Borges. \u201cN\u00e3o adianta vender uma natureza destru\u00edda. Por\u00e9m, o Brasil tem a Mata Atl\u00e2ntica, um grande remanescente do bioma, formado por 2 milh\u00f5es de hectares localizados nos estados do Paran\u00e1, S\u00e3o Paulo e Santa Catarina com muitos atrativos tur\u00edsticos\u201d, garante. \u201cNossa agenda \u00e9 apontar as oportunidade de neg\u00f3cios nas grandes \u00e1reas de conserva\u00e7\u00e3o\u201d, afirma.<\/span><\/p>\n<figure id=\"attachment_464\" aria-describedby=\"caption-attachment-464\" style=\"width: 1024px\" class=\"wp-caption alignnone\"><img loading=\"lazy\" decoding=\"async\" class=\"wp-image-464 size-large\" src=\"https:\/\/blogs.correiobraziliense.com.br\/4elementos\/wp-content\/uploads\/sites\/53\/2019\/09\/Ign\u00e1cioJim\u00e9nezP\u00e9rez2-1024x576.jpg\" alt=\"\" width=\"1024\" height=\"576\" srcset=\"https:\/\/blogs.correiobraziliense.com.br\/4elementos\/wp-content\/uploads\/sites\/53\/2019\/09\/Ign\u00e1cioJim\u00e9nezP\u00e9rez2-1024x576.jpg 1024w, https:\/\/blogs.correiobraziliense.com.br\/4elementos\/wp-content\/uploads\/sites\/53\/2019\/09\/Ign\u00e1cioJim\u00e9nezP\u00e9rez2-300x169.jpg 300w, https:\/\/blogs.correiobraziliense.com.br\/4elementos\/wp-content\/uploads\/sites\/53\/2019\/09\/Ign\u00e1cioJim\u00e9nezP\u00e9rez2-768x432.jpg 768w, https:\/\/blogs.correiobraziliense.com.br\/4elementos\/wp-content\/uploads\/sites\/53\/2019\/09\/Ign\u00e1cioJim\u00e9nezP\u00e9rez2-550x309.jpg 550w, https:\/\/blogs.correiobraziliense.com.br\/4elementos\/wp-content\/uploads\/sites\/53\/2019\/09\/Ign\u00e1cioJim\u00e9nezP\u00e9rez2-230x129.jpg 230w, https:\/\/blogs.correiobraziliense.com.br\/4elementos\/wp-content\/uploads\/sites\/53\/2019\/09\/Ign\u00e1cioJim\u00e9nezP\u00e9rez2.jpg 1280w\" sizes=\"auto, (max-width: 1024px) 100vw, 1024px\" \/><figcaption id=\"caption-attachment-464\" class=\"wp-caption-text\">Bi\u00f3logo espanhol Ign\u00e1cio Jim\u00e9nez-P\u00e9rez,, autor do livro <em>Produ\u00e7\u00e3o de Natureza<\/em><\/figcaption><\/figure>\n<p><span style=\"font-weight: 400\">O conceito, chamado produ\u00e7\u00e3o de natureza, segundo Borges, foi desenvolvido pelo bi\u00f3logo espanhol Ign\u00e1cio Jim\u00e9nez-P\u00e9rez, quando trabalhou na Conservation Land Trust (CLT) por 13 anos no projeto de Esteros Del Iber\u00e1, na Argentina. Jim\u00e9nez-P\u00e9rez participou da cria\u00e7\u00e3o do maior parque natural daquele pa\u00eds, recuperando esp\u00e9cies selvagens extintas, como veado-campeiro, tamandu\u00e1-bandeira, cateto, anta, arara e on\u00e7a-pintada. \u201cAl\u00e9m do impacto ambiental positivo sobre a biodiversidade, a experi\u00eancia de Iber\u00e1 serviu para gerar novas op\u00e7\u00f5es de desenvolvimento para uma regi\u00e3o marginal dentro da economia e pol\u00edtica argentinas\u201d, conta o bi\u00f3logo, autor do livro <\/span><i><span style=\"font-weight: 400\">Produ\u00e7\u00e3o de Natureza: Parques, Rewilding e Desenvolvimento Local.<\/span><\/i><\/p>\n<p><span style=\"font-weight: 400\">A cria\u00e7\u00e3o do Grande Parque Iber\u00e1 n\u00e3o s\u00f3 gerou novas oportunidades de emprego como tamb\u00e9m promoveu a valoriza\u00e7\u00e3o da cultura local e a cria\u00e7\u00e3o de uma nova secretaria de turismo em uma prov\u00edncia que antes n\u00e3o se via como tur\u00edstica. Em paralelo, a m\u00eddia internacional come\u00e7ou a falar sobre a regi\u00e3o, o que fez com que o <\/span><i><span style=\"font-weight: 400\">The New York Times <\/span><\/i><span style=\"font-weight: 400\">e a revista <\/span><i><span style=\"font-weight: 400\">National Geographic <\/span><\/i><span style=\"font-weight: 400\">elegessem Iber\u00e1 como um dos 50 principais lugares de natureza no mundo para se visitar.<\/span><\/p>\n<p><span style=\"font-weight: 400\">Jim\u00e9nez-P\u00e9rez enumera outros exemplos globais de sucesso da produ\u00e7\u00e3o de natureza: o Serengeti (ou Serengueti), parque na regi\u00e3o geogr\u00e1fica na \u00c1frica Oriental, no norte da Tanz\u00e2nia e sudoeste do Qu\u00eania; o Parque Nacional Kruger, melhor lugar para saf\u00e1ris na \u00c1frica do Sul; e o Parque Nacional de Yellowstone, \u00e1rea selvagem e de recrea\u00e7\u00e3o no topo de um ponto vulc\u00e2nico, nos Estados Unidos.<\/span><\/p>\n<p><span style=\"font-weight: 400\">\u201cA demanda global tur\u00edstica \u00e9 por experi\u00eancia. Como o mundo atual \u00e9 urbano, com uma classe m\u00e9dia crescente nas cidades, esse p\u00fablico quer aproveitar a natureza nas f\u00e9rias, porque essa proximidade \u00e9 importante para a sa\u00fade. Isso cria uma demanda por produtos naturais de qualidade. O Brasil tem a maior biodiversidade do mundo, mas n\u00e3o est\u00e1 vendendo esses produtos. As \u00e1reas naturais est\u00e3o abandonadas, porque a sociedade n\u00e3o as v\u00ea como produto\u201d, lamenta.<\/span><\/p>\n<p><span style=\"font-weight: 400\">\u201cQuando a sociedade enxergar que a natureza \u00e9 um tipo de produ\u00e7\u00e3o, o pa\u00eds poder\u00e1 duplicar o n\u00famero de turistas estrangeiros\u201d, aposta. Para isso, sustenta o bi\u00f3logo, \u00e9 preciso que o pa\u00eds adote uma vis\u00e3o de Estado. \u201cN\u00e3o depende s\u00f3 do governo, mas da iniciativa privada e dos pr\u00f3prios ambientalistas, com um olhar mais aberto para as oportunidades\u201d, sentencia.\u00a0<\/span><\/p>\n<h2><strong>Potencial brasileiro<\/strong><\/h2>\n<p><span style=\"font-weight: 400\">Apesar das caracter\u00edsticas singulares do Brasil, dados da Organiza\u00e7\u00e3o Mundial do Turismo (OMT) apontam que as taxas de crescimento do turismo internacional no pa\u00eds foram de 0,6%, em 2017, e 0,5%, em 2018. J\u00e1 no Peru e na Argentina, segundo informa\u00e7\u00f5es do Minist\u00e9rio do Com\u00e9rcio Exterior e Turismo do Peru e do Instituto Nacional de Estat\u00edstica e Censos da Argentina, o crescimento em 2018 foi de 10% e 7,5%, respectivamente.<\/span><\/p>\n<p><span style=\"font-weight: 400\">Al\u00e9m disso, cada turista gastou, em m\u00e9dia, US$ 53,96 por dia durante a passagem pelo Brasil, sendo que os tr\u00eas destinos mais procurados t\u00eam a natureza como um forte ponto em comum: Rio de Janeiro (atraindo 29,7% dos turistas), Florian\u00f3polis (17,1%) e Foz do Igua\u00e7u (12,9%).<\/span><\/p>\n<p><span style=\"font-weight: 400\">\u201cSe levarmos em conta que o Brasil tem atra\u00e7\u00f5es naturais que incluem as cataratas mais visitadas da Am\u00e9rica, o Pantanal e a Mata Atl\u00e2ntica, chama aten\u00e7\u00e3o a escassa visita\u00e7\u00e3o em rela\u00e7\u00e3o a pa\u00edses vizinhos\u201d, analisa Jim\u00e9nez-P\u00e9rez. \u201cO Brasil tem um potencial enorme, mas parece evidente que h\u00e1 uma oportunidade perdida de valorizar e aproveitar a riqu\u00edssima biodiversidade\u201d, ressalta.<\/span><\/p>\n<p><span style=\"font-weight: 400\">O Brasil abriga a maior biodiversidade mundial, cerca de 20% das esp\u00e9cies do planeta. Dessas, a Mata Atl\u00e2ntica \u2013 bioma cujo territ\u00f3rio foi reduzido a 7% da sua cobertura original, segundo dados do Minist\u00e9rio do Meio Ambiente \u2013 concentra 35% da biodiversidade vegetal nacional, al\u00e9m de cerca de 850 esp\u00e9cies de aves, 370 de anf\u00edbios, 200 de r\u00e9pteis, 270 de mam\u00edferos e 350 de peixes. \u201cA conserva\u00e7\u00e3o da natureza n\u00e3o \u00e9 um empecilho para o desenvolvimento, mas sim um meio econ\u00f4mico que gera uma s\u00e9rie de bens e servi\u00e7os de qualidade, com alto valor agregado&#8221;, afirma Borges, da SPVS.<\/span><\/p>\n<p><img loading=\"lazy\" decoding=\"async\" class=\"alignnone size-full wp-image-465\" src=\"https:\/\/blogs.correiobraziliense.com.br\/4elementos\/wp-content\/uploads\/sites\/53\/2019\/09\/IGlivro.jpg\" alt=\"\" width=\"980\" height=\"735\" srcset=\"https:\/\/blogs.correiobraziliense.com.br\/4elementos\/wp-content\/uploads\/sites\/53\/2019\/09\/IGlivro.jpg 980w, https:\/\/blogs.correiobraziliense.com.br\/4elementos\/wp-content\/uploads\/sites\/53\/2019\/09\/IGlivro-300x225.jpg 300w, https:\/\/blogs.correiobraziliense.com.br\/4elementos\/wp-content\/uploads\/sites\/53\/2019\/09\/IGlivro-768x576.jpg 768w, https:\/\/blogs.correiobraziliense.com.br\/4elementos\/wp-content\/uploads\/sites\/53\/2019\/09\/IGlivro-550x413.jpg 550w, https:\/\/blogs.correiobraziliense.com.br\/4elementos\/wp-content\/uploads\/sites\/53\/2019\/09\/IGlivro-230x173.jpg 230w\" sizes=\"auto, (max-width: 980px) 100vw, 980px\" \/><\/p>\n","protected":false},"excerpt":{"rendered":"<p>A conserva\u00e7\u00e3o ambiental e o desenvolvimento econ\u00f4mico podem e devem andar juntos. Especialistas defendem o turismo de natureza como a chave para proporcionar crescimento regional no entorno de \u00e1reas naturais bem conservadas. Iniciativas desenvolvidas na Mata Atl\u00e2ntica e no Pantanal usam a gest\u00e3o qualificada de \u00e1reas naturais protegidas como meio para a gera\u00e7\u00e3o de empregos e renda. De acordo com [&hellip;]<\/p>\n","protected":false},"author":114,"featured_media":0,"comment_status":"open","ping_status":"open","sticky":false,"template":"","format":"standard","meta":{"footnotes":""},"categories":[57,3],"tags":[4,7,141,51,142,143,5],"class_list":["post-463","post","type-post","status-publish","format-standard","hentry","category-desenvolvimento-sustentavel","category-meio-ambiente","tag-4elementos1planeta","tag-conscientizacao","tag-conservacao-ambiental","tag-desenvolvimento-sustentavel","tag-mata-atlantica","tag-pantanal","tag-sustentabilidade"],"_links":{"self":[{"href":"https:\/\/blogs.correiobraziliense.com.br\/4elementos\/wp-json\/wp\/v2\/posts\/463","targetHints":{"allow":["GET"]}}],"collection":[{"href":"https:\/\/blogs.correiobraziliense.com.br\/4elementos\/wp-json\/wp\/v2\/posts"}],"about":[{"href":"https:\/\/blogs.correiobraziliense.com.br\/4elementos\/wp-json\/wp\/v2\/types\/post"}],"author":[{"embeddable":true,"href":"https:\/\/blogs.correiobraziliense.com.br\/4elementos\/wp-json\/wp\/v2\/users\/114"}],"replies":[{"embeddable":true,"href":"https:\/\/blogs.correiobraziliense.com.br\/4elementos\/wp-json\/wp\/v2\/comments?post=463"}],"version-history":[{"count":4,"href":"https:\/\/blogs.correiobraziliense.com.br\/4elementos\/wp-json\/wp\/v2\/posts\/463\/revisions"}],"predecessor-version":[{"id":469,"href":"https:\/\/blogs.correiobraziliense.com.br\/4elementos\/wp-json\/wp\/v2\/posts\/463\/revisions\/469"}],"wp:attachment":[{"href":"https:\/\/blogs.correiobraziliense.com.br\/4elementos\/wp-json\/wp\/v2\/media?parent=463"}],"wp:term":[{"taxonomy":"category","embeddable":true,"href":"https:\/\/blogs.correiobraziliense.com.br\/4elementos\/wp-json\/wp\/v2\/categories?post=463"},{"taxonomy":"post_tag","embeddable":true,"href":"https:\/\/blogs.correiobraziliense.com.br\/4elementos\/wp-json\/wp\/v2\/tags?post=463"}],"curies":[{"name":"wp","href":"https:\/\/api.w.org\/{rel}","templated":true}]}}