{"id":452,"date":"2019-09-23T20:07:20","date_gmt":"2019-09-23T23:07:20","guid":{"rendered":"https:\/\/blogs.correiobraziliense.com.br\/4elementos\/?p=452"},"modified":"2019-09-23T20:09:43","modified_gmt":"2019-09-23T23:09:43","slug":"enquanto-alguns-paises-desmatam-outros-incentivam-o-reflorestamento","status":"publish","type":"post","link":"https:\/\/blogs.correiobraziliense.com.br\/4elementos\/2019\/09\/23\/enquanto-alguns-paises-desmatam-outros-incentivam-o-reflorestamento\/","title":{"rendered":"Enquanto alguns pa\u00edses desmatam, outros incentivam o reflorestamento"},"content":{"rendered":"<p>Enquanto no Brasil a luta \u00e9 para reduzir o desmatamento da Amaz\u00f4nia e do Cerrado, que atinge n\u00edveis alarmantes este ano, mais um pa\u00eds europeu assumiu compromisso com o reflorestamento de suas terras. A Irlanda est\u00e1 planejando plantar 440 milh\u00f5es de \u00e1rvores at\u00e9 2040.\u00a0 A meta \u00e9 fazer, pelo menos, 22 milh\u00f5es novos plantios por ano.<\/p>\n<p>O plano tem 20 anos para ser conclu\u00eddo e integra a estrat\u00e9gia de a\u00e7\u00e3o clim\u00e1tica do governo irland\u00eas. Enquanto isso, em terras tupiniquins, o plano do governo \u00e9 retirar credibilidade de um \u00f3rg\u00e3o com reconhecimento internacional em medi\u00e7\u00e3o de desmatamento &#8212; o Instituto Nacional de Pesquisas Espaciais (Inpe) &#8212; para fornecer dados, no m\u00ednimo, question\u00e1veis sobre redu\u00e7\u00e3o das queimadas.<\/p>\n<p>Na Irlanda, outras medidas incluem a transi\u00e7\u00e3o para carbono zero at\u00e9 2050. Para isso, s\u00e3o previstos novos impostos sobre carbono, aumento de investimentos em energia renov\u00e1vel e mudan\u00e7a no uso da terra e na agricultura.<\/p>\n<p>Enquanto, no Brasil, se estimula o desmatamento para ampliar as fronteiras agr\u00edcolas, na Irlanda o governo\u00a0organiza reuni\u00f5es para incentivar as comunidades a apoiar as iniciativas, reconhecendo que um ponto crucial \u00e9 convencer os agricultores a destinar parte de suas terras ao plantio de novas \u00e1rvores.<\/p>\n<p><img loading=\"lazy\" decoding=\"async\" class=\"alignnone size-full wp-image-453\" src=\"https:\/\/blogs.correiobraziliense.com.br\/4elementos\/wp-content\/uploads\/sites\/53\/2019\/09\/reflorestar.jpg\" alt=\"\" width=\"612\" height=\"408\" srcset=\"https:\/\/blogs.correiobraziliense.com.br\/4elementos\/wp-content\/uploads\/sites\/53\/2019\/09\/reflorestar.jpg 612w, https:\/\/blogs.correiobraziliense.com.br\/4elementos\/wp-content\/uploads\/sites\/53\/2019\/09\/reflorestar-300x200.jpg 300w, https:\/\/blogs.correiobraziliense.com.br\/4elementos\/wp-content\/uploads\/sites\/53\/2019\/09\/reflorestar-550x367.jpg 550w, https:\/\/blogs.correiobraziliense.com.br\/4elementos\/wp-content\/uploads\/sites\/53\/2019\/09\/reflorestar-230x153.jpg 230w\" sizes=\"auto, (max-width: 612px) 100vw, 612px\" \/><\/p>\n","protected":false},"excerpt":{"rendered":"<p>Enquanto no Brasil a luta \u00e9 para reduzir o desmatamento da Amaz\u00f4nia e do Cerrado, que atinge n\u00edveis alarmantes este ano, mais um pa\u00eds europeu assumiu compromisso com o reflorestamento de suas terras. A Irlanda est\u00e1 planejando plantar 440 milh\u00f5es de \u00e1rvores at\u00e9 2040.\u00a0 A meta \u00e9 fazer, pelo menos, 22 milh\u00f5es novos plantios por ano. O plano tem 20 [&hellip;]<\/p>\n","protected":false},"author":114,"featured_media":0,"comment_status":"open","ping_status":"open","sticky":false,"template":"","format":"standard","meta":{"footnotes":""},"categories":[3],"tags":[4,51,66,140,5],"class_list":["post-452","post","type-post","status-publish","format-standard","hentry","category-meio-ambiente","tag-4elementos1planeta","tag-desenvolvimento-sustentavel","tag-desmatamento","tag-reflorestamento","tag-sustentabilidade"],"_links":{"self":[{"href":"https:\/\/blogs.correiobraziliense.com.br\/4elementos\/wp-json\/wp\/v2\/posts\/452","targetHints":{"allow":["GET"]}}],"collection":[{"href":"https:\/\/blogs.correiobraziliense.com.br\/4elementos\/wp-json\/wp\/v2\/posts"}],"about":[{"href":"https:\/\/blogs.correiobraziliense.com.br\/4elementos\/wp-json\/wp\/v2\/types\/post"}],"author":[{"embeddable":true,"href":"https:\/\/blogs.correiobraziliense.com.br\/4elementos\/wp-json\/wp\/v2\/users\/114"}],"replies":[{"embeddable":true,"href":"https:\/\/blogs.correiobraziliense.com.br\/4elementos\/wp-json\/wp\/v2\/comments?post=452"}],"version-history":[{"count":7,"href":"https:\/\/blogs.correiobraziliense.com.br\/4elementos\/wp-json\/wp\/v2\/posts\/452\/revisions"}],"predecessor-version":[{"id":457,"href":"https:\/\/blogs.correiobraziliense.com.br\/4elementos\/wp-json\/wp\/v2\/posts\/452\/revisions\/457"}],"wp:attachment":[{"href":"https:\/\/blogs.correiobraziliense.com.br\/4elementos\/wp-json\/wp\/v2\/media?parent=452"}],"wp:term":[{"taxonomy":"category","embeddable":true,"href":"https:\/\/blogs.correiobraziliense.com.br\/4elementos\/wp-json\/wp\/v2\/categories?post=452"},{"taxonomy":"post_tag","embeddable":true,"href":"https:\/\/blogs.correiobraziliense.com.br\/4elementos\/wp-json\/wp\/v2\/tags?post=452"}],"curies":[{"name":"wp","href":"https:\/\/api.w.org\/{rel}","templated":true}]}}