{"id":446,"date":"2019-09-24T00:01:42","date_gmt":"2019-09-24T03:01:42","guid":{"rendered":"https:\/\/blogs.correiobraziliense.com.br\/4elementos\/?p=446"},"modified":"2019-09-23T19:46:02","modified_gmt":"2019-09-23T22:46:02","slug":"economia-circular-esta-presente-em-764-das-industrias-brasileiras-diz-cni","status":"publish","type":"post","link":"https:\/\/blogs.correiobraziliense.com.br\/4elementos\/2019\/09\/24\/economia-circular-esta-presente-em-764-das-industrias-brasileiras-diz-cni\/","title":{"rendered":"Economia circular est\u00e1 presente em 76,4% das ind\u00fastrias brasileiras"},"content":{"rendered":"<p>Alguma iniciativa de economia circular \u2014 conceito de compartilhamento, manuten\u00e7\u00e3o, reutiliza\u00e7\u00e3o, remanufatura e reciclagem de materiais \u2014 \u00e9 adotada por 76,4% das ind\u00fastrias brasileiras, mostra pesquisa in\u00e9dita da Confedera\u00e7\u00e3o Nacional da Ind\u00fastria (CNI), feita com 170 empresas. Para 75,9% dos entrevistados, os principais objetivos s\u00e3o redu\u00e7\u00e3o de custos e utiliza\u00e7\u00e3o da mat\u00e9ria-prima sem desperd\u00edcios. O levantamento completo ser\u00e1 divulgado nesta ter\u00e7a-feira (24\/09), no <em>Encontro Economia Circular e a Ind\u00fastria do Futuro<\/em>, em S\u00e3o Paulo.<\/p>\n<p>Para o gerente-executivo de Meio Ambiente e Sustentabilidade da CNI, Davi Bomtempo, a quest\u00e3o da efici\u00eancia est\u00e1 no \u201cDNA da ind\u00fastria\u201d. \u201cO setor sempre produziu mais com menos\u201d, disse. No entanto, 70% das pessoas responderam n\u00e3o ter ouvido falar sobre economia circular antes da pesquisa. \u201cO conceito n\u00e3o era entendido, mas os princ\u00edpios j\u00e1 s\u00e3o adotados\u201d, explicou Bomtempo.<\/p>\n<p>A partir da melhor compreens\u00e3o do conceito, sustentou o especialista, as oportunidades de neg\u00f3cios ficam mais claras. \u201cTrabalhar no ecodesign, criar produtos que gerem menos res\u00edduos ou j\u00e1 conceb\u00ea-los pensando na reciclagem. E pensar no que n\u00e3o \u00e9 recicl\u00e1vel como insumo na produ\u00e7\u00e3o de energia\u201d, exemplificou. \u201c\u00c9 olhar o lixo como recurso\u201d, resumiu.<\/p>\n<p>A economia circular parte de a\u00e7\u00f5es que resultam no aumento da vida \u00fatil de produtos e materiais, com uso mais eficiente de recursos naturais. Para se ter uma ideia, na Europa, a pr\u00e1tica reduz gastos com materiais na ordem de US$ 340 bilh\u00f5es a US$ 630 bilh\u00f5es por ano. Dados da Uni\u00e3o Europeia apontam que a economia circular pode diminuir custos no setor de mobilidade entre 60% e 80%. No setor de alimentos, a economia \u00e9 de 25% a 50% com redu\u00e7\u00e3o de desperd\u00edcio.<\/p>\n<p>De acordo com a pesquisa da CNI, 70% dos empres\u00e1rios responderam n\u00e3o ter ouvido falar sobre economia circular antes do estudo, embora a maior parte j\u00e1 desempenhasse pr\u00e1ticas em suas empresas. Segundo a confedera\u00e7\u00e3o, a ind\u00fastria brasileira tem avan\u00e7ado em pr\u00e1ticas como o re\u00faso de \u00e1gua, a reciclagem de materiais e a log\u00edstica reversa, que contribuem para a efici\u00eancia no uso de recursos, para a redu\u00e7\u00e3o de custos e para a sustentabilidade do meio ambiente e da atividade produtiva.<\/p>\n<p>A economia circular \u00e9 uma alternativa ao modelo tradicional, de produ\u00e7\u00e3o, consumo e descarte, uma vez que \u00e9 baseada no uso dos recursos naturais com menos desperd\u00edcio. Al\u00e9m disso, permite fontes alternativas de receita e reduz a depend\u00eancia de mat\u00e9rias-primas virgens.<\/p>\n<h2 style=\"text-align: center\"><strong><img loading=\"lazy\" decoding=\"async\" class=\"size-full wp-image-447 alignleft\" src=\"https:\/\/blogs.correiobraziliense.com.br\/4elementos\/wp-content\/uploads\/sites\/53\/2019\/09\/pesquisa-CNI.jpg\" alt=\"\" width=\"469\" height=\"401\" srcset=\"https:\/\/blogs.correiobraziliense.com.br\/4elementos\/wp-content\/uploads\/sites\/53\/2019\/09\/pesquisa-CNI.jpg 469w, https:\/\/blogs.correiobraziliense.com.br\/4elementos\/wp-content\/uploads\/sites\/53\/2019\/09\/pesquisa-CNI-300x257.jpg 300w, https:\/\/blogs.correiobraziliense.com.br\/4elementos\/wp-content\/uploads\/sites\/53\/2019\/09\/pesquisa-CNI-230x197.jpg 230w\" sizes=\"auto, (max-width: 469px) 100vw, 469px\" \/>Sustentabilidade<\/strong><\/h2>\n<p>Quando perguntados sobre a que remete o termo economia circular, a maioria dos representantes das ind\u00fastrias mencionou \u201csustentabilidade\u201d e \u201creciclagem\u201d. A pesquisa revelou, tamb\u00e9m, que outras motiva\u00e7\u00f5es, al\u00e9m de redu\u00e7\u00e3o de custos e menos desperd\u00edcio, foram maior efici\u00eancia operacional (47,3%) e oportunidade de novos neg\u00f3cios (22,6%). Aliar efici\u00eancia a novos modelos \u00e9 imprescind\u00edvel e necess\u00e1rio para a sociedade ser mais sustent\u00e1vel e acabar com o que \u00e9 chamado de \u201clixo\u201d, de forma a considerar o material como recurso \u00fatil e reutiliz\u00e1vel.<\/p>\n<p>Para 72,4% dos empres\u00e1rios, a economia circular pode gerar a fideliza\u00e7\u00e3o do cliente. \u201cNo Brasil, para que a l\u00f3gica circular se realize, ser\u00e1 necess\u00e1rio maior investimento em educa\u00e7\u00e3o e inova\u00e7\u00e3o. Em um primeiro momento as empresas ter\u00e3o de investir, mas em uma etapa seguinte ser\u00e1 poss\u00edvel diminuir custos operacionais, por meio de processos mais eficientes e voltados para o reaproveitamento de res\u00edduos e utiliza\u00e7\u00e3o de bens reciclados\u201d, destacou o presidente do Conselho de Meio Ambiente e Sustentabilidade da CNI, Marcelo Thom\u00e9.<\/p>\n<p>Conforme o levantamento, 60% das ind\u00fastrias entendem que as pr\u00e1ticas de economia circular podem contribuir para a gera\u00e7\u00e3o de empregos na pr\u00f3pria empresa ou na cadeia produtiva do setor. Para tanto, ser\u00e1 necess\u00e1ria uma a\u00e7\u00e3o cooperada entre governo, empresas e consumidores, conforme os resultados da pesquisa: 73% consideram que a transi\u00e7\u00e3o para a economia circular deve ser uma responsabilidade compartilhada.<\/p>\n<h2 style=\"text-align: center\"><strong>Entenda a economia circular<\/strong><\/h2>\n<p><img loading=\"lazy\" decoding=\"async\" class=\"size-full wp-image-448 aligncenter\" src=\"https:\/\/blogs.correiobraziliense.com.br\/4elementos\/wp-content\/uploads\/sites\/53\/2019\/09\/economia-circular.jpg\" alt=\"\" width=\"559\" height=\"527\" srcset=\"https:\/\/blogs.correiobraziliense.com.br\/4elementos\/wp-content\/uploads\/sites\/53\/2019\/09\/economia-circular.jpg 559w, https:\/\/blogs.correiobraziliense.com.br\/4elementos\/wp-content\/uploads\/sites\/53\/2019\/09\/economia-circular-300x283.jpg 300w, https:\/\/blogs.correiobraziliense.com.br\/4elementos\/wp-content\/uploads\/sites\/53\/2019\/09\/economia-circular-550x519.jpg 550w, https:\/\/blogs.correiobraziliense.com.br\/4elementos\/wp-content\/uploads\/sites\/53\/2019\/09\/economia-circular-230x217.jpg 230w\" sizes=\"auto, (max-width: 559px) 100vw, 559px\" \/><\/p>\n","protected":false},"excerpt":{"rendered":"<p>Alguma iniciativa de economia circular \u2014 conceito de compartilhamento, manuten\u00e7\u00e3o, reutiliza\u00e7\u00e3o, remanufatura e reciclagem de materiais \u2014 \u00e9 adotada por 76,4% das ind\u00fastrias brasileiras, mostra pesquisa in\u00e9dita da Confedera\u00e7\u00e3o Nacional da Ind\u00fastria (CNI), feita com 170 empresas. Para 75,9% dos entrevistados, os principais objetivos s\u00e3o redu\u00e7\u00e3o de custos e utiliza\u00e7\u00e3o da mat\u00e9ria-prima sem desperd\u00edcios. O levantamento completo ser\u00e1 divulgado nesta [&hellip;]<\/p>\n","protected":false},"author":114,"featured_media":0,"comment_status":"open","ping_status":"open","sticky":false,"template":"","format":"standard","meta":{"footnotes":""},"categories":[57,54,1],"tags":[4,137,7,51,138,6,55,139,5],"class_list":["post-446","post","type-post","status-publish","format-standard","hentry","category-desenvolvimento-sustentavel","category-reciclagem","category-sem-categoria","tag-4elementos1planeta","tag-cni","tag-conscientizacao","tag-desenvolvimento-sustentavel","tag-economia-circular","tag-meio-ambiente","tag-reciclagem","tag-recursos","tag-sustentabilidade"],"_links":{"self":[{"href":"https:\/\/blogs.correiobraziliense.com.br\/4elementos\/wp-json\/wp\/v2\/posts\/446","targetHints":{"allow":["GET"]}}],"collection":[{"href":"https:\/\/blogs.correiobraziliense.com.br\/4elementos\/wp-json\/wp\/v2\/posts"}],"about":[{"href":"https:\/\/blogs.correiobraziliense.com.br\/4elementos\/wp-json\/wp\/v2\/types\/post"}],"author":[{"embeddable":true,"href":"https:\/\/blogs.correiobraziliense.com.br\/4elementos\/wp-json\/wp\/v2\/users\/114"}],"replies":[{"embeddable":true,"href":"https:\/\/blogs.correiobraziliense.com.br\/4elementos\/wp-json\/wp\/v2\/comments?post=446"}],"version-history":[{"count":3,"href":"https:\/\/blogs.correiobraziliense.com.br\/4elementos\/wp-json\/wp\/v2\/posts\/446\/revisions"}],"predecessor-version":[{"id":451,"href":"https:\/\/blogs.correiobraziliense.com.br\/4elementos\/wp-json\/wp\/v2\/posts\/446\/revisions\/451"}],"wp:attachment":[{"href":"https:\/\/blogs.correiobraziliense.com.br\/4elementos\/wp-json\/wp\/v2\/media?parent=446"}],"wp:term":[{"taxonomy":"category","embeddable":true,"href":"https:\/\/blogs.correiobraziliense.com.br\/4elementos\/wp-json\/wp\/v2\/categories?post=446"},{"taxonomy":"post_tag","embeddable":true,"href":"https:\/\/blogs.correiobraziliense.com.br\/4elementos\/wp-json\/wp\/v2\/tags?post=446"}],"curies":[{"name":"wp","href":"https:\/\/api.w.org\/{rel}","templated":true}]}}