{"id":435,"date":"2019-09-23T14:40:50","date_gmt":"2019-09-23T17:40:50","guid":{"rendered":"https:\/\/blogs.correiobraziliense.com.br\/4elementos\/?p=435"},"modified":"2019-09-23T14:40:50","modified_gmt":"2019-09-23T17:40:50","slug":"mutirao-contra-poluicao-beach-park-e-onu-vao-tirar-30-toneladas-de-lixo-do-mar-do-ceara","status":"publish","type":"post","link":"https:\/\/blogs.correiobraziliense.com.br\/4elementos\/2019\/09\/23\/mutirao-contra-poluicao-beach-park-e-onu-vao-tirar-30-toneladas-de-lixo-do-mar-do-ceara\/","title":{"rendered":"Mutir\u00e3o contra polui\u00e7\u00e3o: Beach Park e ONU v\u00e3o tirar 30 toneladas de lixo do mar do Cear\u00e1"},"content":{"rendered":"<p>A pauta da sustentabilidade \u00e9 urgente e mutir\u00e3o contra a polui\u00e7\u00e3o \u00e9 muito bem-vindo. Milhares de estudantes iniciaram greve global para alertar sobre a necessidade de os governos agirem contra a polui\u00e7\u00e3o ambiental.\u00a0Por\u00e9m, enquanto o governo federal d\u00e1 exemplos de como n\u00e3o agir para preservar o meio ambiente, a iniciativa privada faz o papel governamental de educa\u00e7\u00e3o ambiental.<\/p>\n<p>Uma parceria in\u00e9dita entre o Beach Park, de Fortaleza, e a ONU Meio Ambiente vai retirar do mar e praias cearenses mais de 30 toneladas de lixo no pr\u00f3ximo dia 28. A <em>Jornada Sustent\u00e1vel Cear\u00e1<\/em> faz parte de uma das maiores mobiliza\u00e7\u00f5es de combate ao descarte indevido de res\u00edduos s\u00f3lidos na praia, mangue e no oceano e ter\u00e1 o apoio de mais de 500 volunt\u00e1rios entre pescadores, mergulhadores, sociedade em geral, ONGs e crian\u00e7as, que v\u00e3o ajudar tamb\u00e9m no plantio de mais de 15 mil mudas nas margens do Rio Pacoti.<\/p>\n<p>Setembro \u00e9 o m\u00eas Internacional dos Mutir\u00f5es de Limpeza de Praia marcado principalmente pelo movimento global World Clean up Day. Para se ter ideia da dimens\u00e3o da iniciativa, em 2018 cerca de 18 milh\u00f5es de pessoas em 157 pa\u00edses participaram do maior dia de coleta de res\u00edduos da hist\u00f3ria da humanidade. Confira abaixo galeria de fotos das a\u00e7\u00f5es do ano passado:<\/p>\n<p>&nbsp;<\/p>\n<p><img loading=\"lazy\" decoding=\"async\" class=\"alignnone wp-image-436 size-medium\" src=\"https:\/\/blogs.correiobraziliense.com.br\/4elementos\/wp-content\/uploads\/sites\/53\/2019\/09\/limpeza1-300x200.jpeg\" alt=\"\" width=\"300\" height=\"200\" srcset=\"https:\/\/blogs.correiobraziliense.com.br\/4elementos\/wp-content\/uploads\/sites\/53\/2019\/09\/limpeza1-300x200.jpeg 300w, https:\/\/blogs.correiobraziliense.com.br\/4elementos\/wp-content\/uploads\/sites\/53\/2019\/09\/limpeza1-768x512.jpeg 768w, https:\/\/blogs.correiobraziliense.com.br\/4elementos\/wp-content\/uploads\/sites\/53\/2019\/09\/limpeza1-1024x683.jpeg 1024w, https:\/\/blogs.correiobraziliense.com.br\/4elementos\/wp-content\/uploads\/sites\/53\/2019\/09\/limpeza1-1440x960.jpeg 1440w, https:\/\/blogs.correiobraziliense.com.br\/4elementos\/wp-content\/uploads\/sites\/53\/2019\/09\/limpeza1-550x367.jpeg 550w, https:\/\/blogs.correiobraziliense.com.br\/4elementos\/wp-content\/uploads\/sites\/53\/2019\/09\/limpeza1-230x153.jpeg 230w, https:\/\/blogs.correiobraziliense.com.br\/4elementos\/wp-content\/uploads\/sites\/53\/2019\/09\/limpeza1.jpeg 1920w\" sizes=\"auto, (max-width: 300px) 100vw, 300px\" \/> <img loading=\"lazy\" decoding=\"async\" class=\"alignnone wp-image-437 size-medium\" src=\"https:\/\/blogs.correiobraziliense.com.br\/4elementos\/wp-content\/uploads\/sites\/53\/2019\/09\/limpeza2-300x200.jpg\" alt=\"\" width=\"300\" height=\"200\" srcset=\"https:\/\/blogs.correiobraziliense.com.br\/4elementos\/wp-content\/uploads\/sites\/53\/2019\/09\/limpeza2-300x200.jpg 300w, https:\/\/blogs.correiobraziliense.com.br\/4elementos\/wp-content\/uploads\/sites\/53\/2019\/09\/limpeza2-768x512.jpg 768w, https:\/\/blogs.correiobraziliense.com.br\/4elementos\/wp-content\/uploads\/sites\/53\/2019\/09\/limpeza2-550x366.jpg 550w, https:\/\/blogs.correiobraziliense.com.br\/4elementos\/wp-content\/uploads\/sites\/53\/2019\/09\/limpeza2-230x153.jpg 230w, https:\/\/blogs.correiobraziliense.com.br\/4elementos\/wp-content\/uploads\/sites\/53\/2019\/09\/limpeza2.jpg 800w\" sizes=\"auto, (max-width: 300px) 100vw, 300px\" \/> <img loading=\"lazy\" decoding=\"async\" class=\"alignnone wp-image-438 size-medium\" src=\"https:\/\/blogs.correiobraziliense.com.br\/4elementos\/wp-content\/uploads\/sites\/53\/2019\/09\/limpeza5-300x200.jpeg\" alt=\"\" width=\"300\" height=\"200\" srcset=\"https:\/\/blogs.correiobraziliense.com.br\/4elementos\/wp-content\/uploads\/sites\/53\/2019\/09\/limpeza5-300x200.jpeg 300w, https:\/\/blogs.correiobraziliense.com.br\/4elementos\/wp-content\/uploads\/sites\/53\/2019\/09\/limpeza5-768x512.jpeg 768w, https:\/\/blogs.correiobraziliense.com.br\/4elementos\/wp-content\/uploads\/sites\/53\/2019\/09\/limpeza5-1024x682.jpeg 1024w, https:\/\/blogs.correiobraziliense.com.br\/4elementos\/wp-content\/uploads\/sites\/53\/2019\/09\/limpeza5-550x367.jpeg 550w, https:\/\/blogs.correiobraziliense.com.br\/4elementos\/wp-content\/uploads\/sites\/53\/2019\/09\/limpeza5-230x153.jpeg 230w, https:\/\/blogs.correiobraziliense.com.br\/4elementos\/wp-content\/uploads\/sites\/53\/2019\/09\/limpeza5.jpeg 1280w\" sizes=\"auto, (max-width: 300px) 100vw, 300px\" \/> <img loading=\"lazy\" decoding=\"async\" class=\"alignnone wp-image-439 size-medium\" src=\"https:\/\/blogs.correiobraziliense.com.br\/4elementos\/wp-content\/uploads\/sites\/53\/2019\/09\/limpeza6-300x200.jpeg\" alt=\"\" width=\"300\" height=\"200\" srcset=\"https:\/\/blogs.correiobraziliense.com.br\/4elementos\/wp-content\/uploads\/sites\/53\/2019\/09\/limpeza6-300x200.jpeg 300w, https:\/\/blogs.correiobraziliense.com.br\/4elementos\/wp-content\/uploads\/sites\/53\/2019\/09\/limpeza6-768x512.jpeg 768w, https:\/\/blogs.correiobraziliense.com.br\/4elementos\/wp-content\/uploads\/sites\/53\/2019\/09\/limpeza6-1024x682.jpeg 1024w, https:\/\/blogs.correiobraziliense.com.br\/4elementos\/wp-content\/uploads\/sites\/53\/2019\/09\/limpeza6-550x367.jpeg 550w, https:\/\/blogs.correiobraziliense.com.br\/4elementos\/wp-content\/uploads\/sites\/53\/2019\/09\/limpeza6-230x153.jpeg 230w, https:\/\/blogs.correiobraziliense.com.br\/4elementos\/wp-content\/uploads\/sites\/53\/2019\/09\/limpeza6.jpeg 1280w\" sizes=\"auto, (max-width: 300px) 100vw, 300px\" \/><\/p>\n","protected":false},"excerpt":{"rendered":"<p>A pauta da sustentabilidade \u00e9 urgente e mutir\u00e3o contra a polui\u00e7\u00e3o \u00e9 muito bem-vindo. Milhares de estudantes iniciaram greve global para alertar sobre a necessidade de os governos agirem contra a polui\u00e7\u00e3o ambiental.\u00a0Por\u00e9m, enquanto o governo federal d\u00e1 exemplos de como n\u00e3o agir para preservar o meio ambiente, a iniciativa privada faz o papel governamental de educa\u00e7\u00e3o ambiental. Uma parceria [&hellip;]<\/p>\n","protected":false},"author":114,"featured_media":0,"comment_status":"open","ping_status":"open","sticky":false,"template":"","format":"standard","meta":{"footnotes":""},"categories":[57,135],"tags":[4,12,89,7,136],"class_list":["post-435","post","type-post","status-publish","format-standard","hentry","category-desenvolvimento-sustentavel","category-mutirao","tag-4elementos1planeta","tag-agua","tag-atitudes-sustentaveis","tag-conscientizacao","tag-mutirao-contra-poluicao"],"_links":{"self":[{"href":"https:\/\/blogs.correiobraziliense.com.br\/4elementos\/wp-json\/wp\/v2\/posts\/435","targetHints":{"allow":["GET"]}}],"collection":[{"href":"https:\/\/blogs.correiobraziliense.com.br\/4elementos\/wp-json\/wp\/v2\/posts"}],"about":[{"href":"https:\/\/blogs.correiobraziliense.com.br\/4elementos\/wp-json\/wp\/v2\/types\/post"}],"author":[{"embeddable":true,"href":"https:\/\/blogs.correiobraziliense.com.br\/4elementos\/wp-json\/wp\/v2\/users\/114"}],"replies":[{"embeddable":true,"href":"https:\/\/blogs.correiobraziliense.com.br\/4elementos\/wp-json\/wp\/v2\/comments?post=435"}],"version-history":[{"count":5,"href":"https:\/\/blogs.correiobraziliense.com.br\/4elementos\/wp-json\/wp\/v2\/posts\/435\/revisions"}],"predecessor-version":[{"id":444,"href":"https:\/\/blogs.correiobraziliense.com.br\/4elementos\/wp-json\/wp\/v2\/posts\/435\/revisions\/444"}],"wp:attachment":[{"href":"https:\/\/blogs.correiobraziliense.com.br\/4elementos\/wp-json\/wp\/v2\/media?parent=435"}],"wp:term":[{"taxonomy":"category","embeddable":true,"href":"https:\/\/blogs.correiobraziliense.com.br\/4elementos\/wp-json\/wp\/v2\/categories?post=435"},{"taxonomy":"post_tag","embeddable":true,"href":"https:\/\/blogs.correiobraziliense.com.br\/4elementos\/wp-json\/wp\/v2\/tags?post=435"}],"curies":[{"name":"wp","href":"https:\/\/api.w.org\/{rel}","templated":true}]}}