{"id":424,"date":"2019-09-22T12:17:09","date_gmt":"2019-09-22T15:17:09","guid":{"rendered":"https:\/\/blogs.correiobraziliense.com.br\/4elementos\/?p=424"},"modified":"2019-09-23T12:19:41","modified_gmt":"2019-09-23T15:19:41","slug":"cidades-brasileiras-precisam-se-preparar-para-as-mudancas-climaticas","status":"publish","type":"post","link":"https:\/\/blogs.correiobraziliense.com.br\/4elementos\/2019\/09\/22\/cidades-brasileiras-precisam-se-preparar-para-as-mudancas-climaticas\/","title":{"rendered":"Cidades brasileiras precisam se preparar para as mudan\u00e7as clim\u00e1ticas"},"content":{"rendered":"<p><span style=\"font-weight: 400\">Durante cinco dias, S\u00e3o Paulo sediou, no Parque do Ibirapuera, a confer\u00eancia <\/span><i><span style=\"font-weight: 400\">Catalisando Futuros Urbanos Sustent\u00e1veis<\/span><\/i><span style=\"font-weight: 400\">, que reuniu, na semana passada, prefeitos, gestores municipais e especialistas do Brasil e do mundo. Liderado pelo Banco Mundial, o evento abordou a necessidade, cada vez mais urgente, de transforma\u00e7\u00e3o dos centros urbanos em cidades sustent\u00e1veis, capazes de enfrentar as mudan\u00e7as clim\u00e1ticas pela qual passa o Planeta.\u00a0<\/span><\/p>\n<p><span style=\"font-weight: 400\">Conforme o diretor global para pr\u00e1ticas urbanas, de gerenciamento de risco de desastres, resili\u00eancia e terra do Banco Mundial, Sameh Wahba, as cidades s\u00e3o os locais onde o futuro esta sendo constru\u00eddo. \u201cA r\u00e1pida urbaniza\u00e7\u00e3o traz oportunidades, mas tamb\u00e9m desafios sem precedentes, como o aumento dos riscos de desastres causados pelas mudan\u00e7as clim\u00e1ticas, para cidades e seus residentes, especialmente os pobres e vulner\u00e1veis\u201d, afirma.<\/span><\/p>\n<figure id=\"attachment_425\" aria-describedby=\"caption-attachment-425\" style=\"width: 220px\" class=\"wp-caption alignleft\"><img loading=\"lazy\" decoding=\"async\" class=\"size-full wp-image-425\" src=\"https:\/\/blogs.correiobraziliense.com.br\/4elementos\/wp-content\/uploads\/sites\/53\/2019\/09\/Sameh-Wahba_500px.png\" alt=\"\" width=\"220\" height=\"220\" srcset=\"https:\/\/blogs.correiobraziliense.com.br\/4elementos\/wp-content\/uploads\/sites\/53\/2019\/09\/Sameh-Wahba_500px.png 220w, https:\/\/blogs.correiobraziliense.com.br\/4elementos\/wp-content\/uploads\/sites\/53\/2019\/09\/Sameh-Wahba_500px-150x150.png 150w\" sizes=\"auto, (max-width: 220px) 100vw, 220px\" \/><figcaption id=\"caption-attachment-425\" class=\"wp-caption-text\">Diretor do Banco Mundial Sameh Wahba. Foto: Lois Leyu Goh\/Divulga\u00e7\u00e3o<\/figcaption><\/figure>\n<p><span style=\"font-weight: 400\">Em entrevista para o <em><strong>Blog 4 Elementos<\/strong><\/em>, o eg\u00edpcio, que j\u00e1 trabalhou como l\u00edder do setor de Desenvolvimento Sustent\u00e1vel para o Brasil, em Bras\u00edlia, e como especialista urbano focado em habita\u00e7\u00e3o, terra, desenvolvimento econ\u00f4mico local e gest\u00e3o municipal e presta\u00e7\u00e3o de servi\u00e7os na Am\u00e9rica Latina, destacou que o mundo precisa se preparar para uma urbaniza\u00e7\u00e3o veloz associada a mudan\u00e7as clim\u00e1ticas que elevam os riscos de desastres.<\/span><\/p>\n<p><span style=\"font-weight: 400\">\u201cPara o Brasil mitigar os problemas atuais, precisa ampliar a vegeta\u00e7\u00e3o nas cidades, com constru\u00e7\u00f5es verdes, reduzir a depend\u00eancia de ve\u00edculos individuais, aumentando a oferta de transportes coletivos como VLTs e metr\u00f4s, e, ao mesmo tempo, encorajar caminhadas e o uso de bicicletas, por exemplo\u201d, enumera.\u00a0<\/span><\/p>\n<h2 style=\"text-align: center\"><strong>Caminhos<\/strong><\/h2>\n<p><span style=\"font-weight: 400\">J\u00e1 para o pa\u00eds se adaptar \u00e0s mudan\u00e7as clim\u00e1ticas, defende Wahba, necessita de uma combina\u00e7\u00e3o de\u00a0 infraestrutura com sistemas de alarmes eficientes para ampliar a resili\u00eancia a desastres naturais, como enchentes, furac\u00f5es e secas. \u201cO Brasil \u00e9 um pa\u00eds muito grande, com mais de 5 mil munic\u00edpios. Algumas grandes metr\u00f3poles, v\u00e1rias cidades m\u00e9dias e muitos pequenos vilarejos. H\u00e1 uma enorme diversidade no n\u00edvel de prepara\u00e7\u00e3o para enfrentar as mudan\u00e7as clim\u00e1ticas\u201d, ressalta.\u00a0<\/span><\/p>\n<p><span style=\"font-weight: 400\">Um dos caminhos para universalizar a efici\u00eancia das cidades brasileiras diante do risco de desastres, segundo Sameh Wahba, seria transferir tecnologia das que as det\u00eam para as que ainda precisam desenvolv\u00ea-la. \u201c\u00c9 preciso criar uma rede de ajuda compartilhada\u201d, sustenta.\u00a0<\/span><\/p>\n","protected":false},"excerpt":{"rendered":"<p>Durante cinco dias, S\u00e3o Paulo sediou, no Parque do Ibirapuera, a confer\u00eancia Catalisando Futuros Urbanos Sustent\u00e1veis, que reuniu, na semana passada, prefeitos, gestores municipais e especialistas do Brasil e do mundo. Liderado pelo Banco Mundial, o evento abordou a necessidade, cada vez mais urgente, de transforma\u00e7\u00e3o dos centros urbanos em cidades sustent\u00e1veis, capazes de enfrentar as mudan\u00e7as clim\u00e1ticas pela qual [&hellip;]<\/p>\n","protected":false},"author":114,"featured_media":0,"comment_status":"open","ping_status":"open","sticky":false,"template":"","format":"standard","meta":{"footnotes":""},"categories":[57,132],"tags":[4,50,105,134,133,5],"class_list":["post-424","post","type-post","status-publish","format-standard","hentry","category-desenvolvimento-sustentavel","category-mudancas-climaticas","tag-4elementos1planeta","tag-banco-mundial","tag-cidades-sustentaveis","tag-mudancas-climaticas","tag-sameh-wahba","tag-sustentabilidade"],"_links":{"self":[{"href":"https:\/\/blogs.correiobraziliense.com.br\/4elementos\/wp-json\/wp\/v2\/posts\/424","targetHints":{"allow":["GET"]}}],"collection":[{"href":"https:\/\/blogs.correiobraziliense.com.br\/4elementos\/wp-json\/wp\/v2\/posts"}],"about":[{"href":"https:\/\/blogs.correiobraziliense.com.br\/4elementos\/wp-json\/wp\/v2\/types\/post"}],"author":[{"embeddable":true,"href":"https:\/\/blogs.correiobraziliense.com.br\/4elementos\/wp-json\/wp\/v2\/users\/114"}],"replies":[{"embeddable":true,"href":"https:\/\/blogs.correiobraziliense.com.br\/4elementos\/wp-json\/wp\/v2\/comments?post=424"}],"version-history":[{"count":6,"href":"https:\/\/blogs.correiobraziliense.com.br\/4elementos\/wp-json\/wp\/v2\/posts\/424\/revisions"}],"predecessor-version":[{"id":434,"href":"https:\/\/blogs.correiobraziliense.com.br\/4elementos\/wp-json\/wp\/v2\/posts\/424\/revisions\/434"}],"wp:attachment":[{"href":"https:\/\/blogs.correiobraziliense.com.br\/4elementos\/wp-json\/wp\/v2\/media?parent=424"}],"wp:term":[{"taxonomy":"category","embeddable":true,"href":"https:\/\/blogs.correiobraziliense.com.br\/4elementos\/wp-json\/wp\/v2\/categories?post=424"},{"taxonomy":"post_tag","embeddable":true,"href":"https:\/\/blogs.correiobraziliense.com.br\/4elementos\/wp-json\/wp\/v2\/tags?post=424"}],"curies":[{"name":"wp","href":"https:\/\/api.w.org\/{rel}","templated":true}]}}