{"id":416,"date":"2019-09-20T17:00:04","date_gmt":"2019-09-20T20:00:04","guid":{"rendered":"https:\/\/blogs.correiobraziliense.com.br\/4elementos\/?p=416"},"modified":"2019-09-20T17:00:04","modified_gmt":"2019-09-20T20:00:04","slug":"mobilizacao-global-pelo-clima-comeca-em-100-paises-e-no-brasil","status":"publish","type":"post","link":"https:\/\/blogs.correiobraziliense.com.br\/4elementos\/2019\/09\/20\/mobilizacao-global-pelo-clima-comeca-em-100-paises-e-no-brasil\/","title":{"rendered":"Mobiliza\u00e7\u00e3o global pelo clima come\u00e7a em 100 pa\u00edses e no Brasil"},"content":{"rendered":"<p>Uma\u00a0mobiliza\u00e7\u00e3o global pelo clima come\u00e7a em 100 pa\u00edses e no Brasil.\u00a0Em Bras\u00edlia, houve abertura simb\u00f3lica das 8h30 \u00e0s 10h no gramado em frente ao Congresso Nacional. Chamada <em>Despertar pelo Clima<\/em>, a a\u00e7\u00e3o convocou atos programados para dezenas de cidades brasileiras. Os manifestantes levaram faixas e cartazes, com objetivo de alertar para a emerg\u00eancia clim\u00e1tica e ecol\u00f3gica pela qual passa o Planeta Terra.<\/p>\n<p>Segundo os ambientalistas, o mundo vive uma amea\u00e7a planet\u00e1ria. Para eles, o ar, a \u00e1gua, o solo, a comida, a beleza e a diversidade da natureza que nutrem a vida e o bem-estar psicol\u00f3gico est\u00e3o sendo corrompidos e comprometidos pelos sistemas pol\u00edtico e econ\u00f4mico focados no consumismo e no materialismo individualista.<\/p>\n<p>O protesto alerta para necessidade de reduzir a emiss\u00e3o de gases de efeito estufa. \u201cNossos l\u00edderes e governos fracassam em nos representar, pois s\u00f3 se interessam por lucro e crescimento econ\u00f4mico. Muitos pol\u00edticos se vendem a lobbies de poderosas corpora\u00e7\u00f5es\u201d, ressaltam as lideran\u00e7as.<\/p>\n<p>Bras\u00edlia e dezenas de cidades no Brasil se somam \u00e0 Greve Global pelo Clima, convocada em v\u00e1rios pa\u00edses para a semana entre 20 e 27 de setembro. \u201cA mobiliza\u00e7\u00e3o \u00e9 resposta, tamb\u00e9m, aos ataques \u2014 concretos e simb\u00f3licos \u2014 que o governo federal lan\u00e7ou contra os povos origin\u00e1rios e comunidades tradicionais, contra a Amaz\u00f4nia, o cerrado e todos os biomas. Os retrocessos t\u00eam chocado a opini\u00e3o p\u00fablica internacional\u201d, afirmam os manifestantes.<\/p>\n<figure id=\"attachment_417\" aria-describedby=\"caption-attachment-417\" style=\"width: 508px\" class=\"wp-caption alignleft\"><img loading=\"lazy\" decoding=\"async\" class=\"wp-image-417 \" src=\"https:\/\/blogs.correiobraziliense.com.br\/4elementos\/wp-content\/uploads\/sites\/53\/2019\/09\/WhatsApp-Image-2019-09-20-at-16.22.47-300x221.jpeg\" alt=\"\" width=\"508\" height=\"374\" srcset=\"https:\/\/blogs.correiobraziliense.com.br\/4elementos\/wp-content\/uploads\/sites\/53\/2019\/09\/WhatsApp-Image-2019-09-20-at-16.22.47-300x221.jpeg 300w, https:\/\/blogs.correiobraziliense.com.br\/4elementos\/wp-content\/uploads\/sites\/53\/2019\/09\/WhatsApp-Image-2019-09-20-at-16.22.47-768x566.jpeg 768w, https:\/\/blogs.correiobraziliense.com.br\/4elementos\/wp-content\/uploads\/sites\/53\/2019\/09\/WhatsApp-Image-2019-09-20-at-16.22.47-1024x755.jpeg 1024w, https:\/\/blogs.correiobraziliense.com.br\/4elementos\/wp-content\/uploads\/sites\/53\/2019\/09\/WhatsApp-Image-2019-09-20-at-16.22.47-550x406.jpeg 550w, https:\/\/blogs.correiobraziliense.com.br\/4elementos\/wp-content\/uploads\/sites\/53\/2019\/09\/WhatsApp-Image-2019-09-20-at-16.22.47-230x170.jpeg 230w, https:\/\/blogs.correiobraziliense.com.br\/4elementos\/wp-content\/uploads\/sites\/53\/2019\/09\/WhatsApp-Image-2019-09-20-at-16.22.47.jpeg 1280w\" sizes=\"auto, (max-width: 508px) 100vw, 508px\" \/><figcaption id=\"caption-attachment-417\" class=\"wp-caption-text\">Faixas alertam para pr\u00e1ticas sustent\u00e1veis<\/figcaption><\/figure>\n<h2><img loading=\"lazy\" decoding=\"async\" class=\"alignnone size-full wp-image-421\" src=\"https:\/\/blogs.correiobraziliense.com.br\/4elementos\/wp-content\/uploads\/sites\/53\/2019\/09\/IMG_20190920_102222.jpg\" alt=\"\" width=\"512\" height=\"384\" srcset=\"https:\/\/blogs.correiobraziliense.com.br\/4elementos\/wp-content\/uploads\/sites\/53\/2019\/09\/IMG_20190920_102222.jpg 512w, https:\/\/blogs.correiobraziliense.com.br\/4elementos\/wp-content\/uploads\/sites\/53\/2019\/09\/IMG_20190920_102222-300x225.jpg 300w, https:\/\/blogs.correiobraziliense.com.br\/4elementos\/wp-content\/uploads\/sites\/53\/2019\/09\/IMG_20190920_102222-230x173.jpg 230w\" sizes=\"auto, (max-width: 512px) 100vw, 512px\" \/><\/h2>\n<h2><\/h2>\n<h2>Veja o que a mobiliza\u00e7\u00e3o reivindica que as autoridades brasileiras:<\/h2>\n<p>1. Neutralizem as emiss\u00f5es de carbono at\u00e9 2030 e criem pol\u00edticas p\u00fablicas de promo\u00e7\u00e3o do reflorestamento e investimentos em energias renov\u00e1veis, al\u00e9m de cumprir o compromisso de Estado assumido no Acordo de Paris de reflorestar 12 milh\u00f5es de hectares at\u00e9 2025;<\/p>\n<p>2. Mobilizem recursos, em volume a ser definido pela SBPC, para pesquisa e implementa\u00e7\u00e3o de iniciativas e solu\u00e7\u00f5es voltadas para a\u00e7\u00f5es clim\u00e1ticas;<\/p>\n<p>3. Ampliem significativamente, no m\u00ednimo dobrando ou at\u00e9 triplicando o que j\u00e1 \u00e9 ministrado, a educa\u00e7\u00e3o sobre meio ambiente e sustentabilidade nas escolas, universidades e comunidades;<\/p>\n<p>4. Cobrem grandes devedores do governo no setor empresarial \u2013 agroneg\u00f3cio, pecu\u00e1ria, bancos, ind\u00fastrias, com\u00e9rcio, igrejas \u2013 para formar um fundo de combate \u00e0s mudan\u00e7as clim\u00e1ticas;<\/p>\n<p>5. Instituam um conselho de combate \u00e0s mudan\u00e7as clim\u00e1ticas composto de forma parit\u00e1ria pela sociedade civil, comunidade cient\u00edfica, organiza\u00e7\u00f5es n\u00e3o-governamentais e representantes do governo.<\/p>\n<p>&nbsp;<\/p>\n<p>&nbsp;<\/p>\n","protected":false},"excerpt":{"rendered":"<p>Uma\u00a0mobiliza\u00e7\u00e3o global pelo clima come\u00e7a em 100 pa\u00edses e no Brasil.\u00a0Em Bras\u00edlia, houve abertura simb\u00f3lica das 8h30 \u00e0s 10h no gramado em frente ao Congresso Nacional. Chamada Despertar pelo Clima, a a\u00e7\u00e3o convocou atos programados para dezenas de cidades brasileiras. Os manifestantes levaram faixas e cartazes, com objetivo de alertar para a emerg\u00eancia clim\u00e1tica e ecol\u00f3gica pela qual passa o [&hellip;]<\/p>\n","protected":false},"author":114,"featured_media":0,"comment_status":"open","ping_status":"open","sticky":false,"template":"","format":"standard","meta":{"footnotes":""},"categories":[3,2],"tags":[128,4,80,7,131,129,6,130,5],"class_list":["post-416","post","type-post","status-publish","format-standard","hentry","category-meio-ambiente","category-sustentabilidade","tag-mobilizacao","tag-4elementos1planeta","tag-ambientalistas","tag-conscientizacao","tag-despertar-pelo-clima","tag-emergencia-climatica","tag-meio-ambiente","tag-pegada-ecologica","tag-sustentabilidade"],"_links":{"self":[{"href":"https:\/\/blogs.correiobraziliense.com.br\/4elementos\/wp-json\/wp\/v2\/posts\/416","targetHints":{"allow":["GET"]}}],"collection":[{"href":"https:\/\/blogs.correiobraziliense.com.br\/4elementos\/wp-json\/wp\/v2\/posts"}],"about":[{"href":"https:\/\/blogs.correiobraziliense.com.br\/4elementos\/wp-json\/wp\/v2\/types\/post"}],"author":[{"embeddable":true,"href":"https:\/\/blogs.correiobraziliense.com.br\/4elementos\/wp-json\/wp\/v2\/users\/114"}],"replies":[{"embeddable":true,"href":"https:\/\/blogs.correiobraziliense.com.br\/4elementos\/wp-json\/wp\/v2\/comments?post=416"}],"version-history":[{"count":3,"href":"https:\/\/blogs.correiobraziliense.com.br\/4elementos\/wp-json\/wp\/v2\/posts\/416\/revisions"}],"predecessor-version":[{"id":422,"href":"https:\/\/blogs.correiobraziliense.com.br\/4elementos\/wp-json\/wp\/v2\/posts\/416\/revisions\/422"}],"wp:attachment":[{"href":"https:\/\/blogs.correiobraziliense.com.br\/4elementos\/wp-json\/wp\/v2\/media?parent=416"}],"wp:term":[{"taxonomy":"category","embeddable":true,"href":"https:\/\/blogs.correiobraziliense.com.br\/4elementos\/wp-json\/wp\/v2\/categories?post=416"},{"taxonomy":"post_tag","embeddable":true,"href":"https:\/\/blogs.correiobraziliense.com.br\/4elementos\/wp-json\/wp\/v2\/tags?post=416"}],"curies":[{"name":"wp","href":"https:\/\/api.w.org\/{rel}","templated":true}]}}