{"id":388,"date":"2019-09-18T17:00:14","date_gmt":"2019-09-18T20:00:14","guid":{"rendered":"https:\/\/blogs.correiobraziliense.com.br\/4elementos\/?p=388"},"modified":"2019-09-18T12:50:50","modified_gmt":"2019-09-18T15:50:50","slug":"baiana-vence-premio-da-onu-com-solucao-solar-para-purificar-agua","status":"publish","type":"post","link":"https:\/\/blogs.correiobraziliense.com.br\/4elementos\/2019\/09\/18\/baiana-vence-premio-da-onu-com-solucao-solar-para-purificar-agua\/","title":{"rendered":"Baiana vence pr\u00eamio da ONU com solu\u00e7\u00e3o solar para purificar \u00e1gua"},"content":{"rendered":"<p><span style=\"font-weight: 400\">A baiana Anna Luisa Beserra, de 21 anos, desenvolveu um dispositivo que purifica \u00e1gua por meio da radia\u00e7\u00e3o solar e conquistou o Pr\u00eamio Jovens Campe\u00f5es da Terra, realizado pela Organiza\u00e7\u00e3o das Na\u00e7\u00f5es Unidas Meio Ambiente. \u00c9 a primeira vez que uma brasileira recebe o pr\u00eamio da ONU, concedido anualmente a jovens ambientalistas entre 18 e 30 anos, por ideias inovadoras para o futuro do planeta.<\/span><\/p>\n<p><span style=\"font-weight: 400\">A jovem cientista \u00e9 uma das sete vencedoras juntamente com representantes da \u00c1frica, Am\u00e9rica do Norte, Am\u00e9rica Latina e Caribe, \u00c1sia e Pac\u00edfico, Europa e \u00c1sia Ocidental. Todos receber\u00e3o seu pr\u00eamio durante a Cerim\u00f4nia dos Campe\u00f5es da Terra em Nova York, no dia 26 de setembro, coincidindo com a reuni\u00e3o da 74\u00aa Assembleia Geral das Na\u00e7\u00f5es Unidas e a C\u00fapula de A\u00e7\u00e3o Clim\u00e1tica. Anna Luisa ficou entre os 35 finalistas globais e concorreu na categoria Am\u00e9rica Latina e Caribe com outros quatro jovens.\u00a0<\/span><\/p>\n<p><span style=\"font-weight: 400\">O Aqualuz, startup formada ao longo do programa Academic Working Capital (AWC) do Instituto TIM, \u00e9 um filtro inovador que purifica a \u00e1gua da chuva coletada por cisternas instaladas em \u00e1reas rurais, onde a \u00e1gua filtrada n\u00e3o \u00e9 acess\u00edvel. Esta realidade afeta mais de 1 milh\u00e3o de pessoas no Brasil. A \u00e1gua da cisterna \u00e9 purificada por meio de raios solares e um indicador muda de cor quando o recurso est\u00e1 seguro para o consumo. \u201cMeu prop\u00f3sito \u00e9 levar o direito b\u00e1sico \u00e0 \u00e1gua limpa para as comunidades carentes nas \u00e1reas rurais\u201d, afirmou Anna Luisa. \u201cQueremos ajudar a melhorar a vida das pessoas e salvar vidas.\u201d<\/span><\/p>\n<p><span style=\"font-weight: 400\">A inven\u00e7\u00e3o \u00e9 de baixo custo, f\u00e1cil manuten\u00e7\u00e3o e pode durar at\u00e9 20 anos. Embora tenha sido testada apenas no Brasil, o dispositivo tem potencial para ser aplicado em outros pa\u00edses. O Aqualuz j\u00e1 distribuiu \u00e1gua pot\u00e1vel para 265 pessoas e alcan\u00e7ar\u00e1 mais 700 ainda este ano.<\/span><\/p>\n<h2 style=\"text-align: center\"><b>Reconhecimento<\/b><\/h2>\n<p><span style=\"font-weight: 400\">O AWC \u00e9 um programa de educa\u00e7\u00e3o empreendedora do Instituto TIM que, desde 2015, apoia universit\u00e1rios de todo o pa\u00eds que querem transformar seus Trabalhos de Conclus\u00e3o de Curso em uma startup de base tecnol\u00f3gica. Anna Luisa fez parte da turma de 2018 e ressalta a import\u00e2ncia da iniciativa: \u201cSeria imposs\u00edvel evoluir tanto em t\u00e3o pouco tempo. O programa abriu portas incr\u00edveis e, mesmo depois do t\u00e9rmino do nosso per\u00edodo de acompanhamento oficial, continuamos recebendo apoio. Os resultados s\u00e3o frutos do treinamento e do suporte financeiro que recebemos\u201d, conta.<\/span><\/p>\n<p><span style=\"font-weight: 400\">Em 2017, Anna Luisa foi uma das oito finalistas do Desafio Like a Boss, promovido pelo Sebrae. No ano passado, a jovem empreendedora participou do Camp de Ecoinova\u00e7\u00e3o: Desafio Gest\u00e3o H\u00eddrica, durante o F\u00f3rum Mundial da \u00c1gua, em Bras\u00edlia, e ganhou a premia\u00e7\u00e3o na Categoria Ideias.\u00a0<\/span><\/p>\n","protected":false},"excerpt":{"rendered":"<p>A baiana Anna Luisa Beserra, de 21 anos, desenvolveu um dispositivo que purifica \u00e1gua por meio da radia\u00e7\u00e3o solar e conquistou o Pr\u00eamio Jovens Campe\u00f5es da Terra, realizado pela Organiza\u00e7\u00e3o das Na\u00e7\u00f5es Unidas Meio Ambiente. \u00c9 a primeira vez que uma brasileira recebe o pr\u00eamio da ONU, concedido anualmente a jovens ambientalistas entre 18 e 30 anos, por ideias inovadoras [&hellip;]<\/p>\n","protected":false},"author":114,"featured_media":0,"comment_status":"open","ping_status":"open","sticky":false,"template":"","format":"standard","meta":{"footnotes":""},"categories":[10,22,2],"tags":[4,12,80,121,120,6,47,119,5],"class_list":["post-388","post","type-post","status-publish","format-standard","hentry","category-agua","category-energia-solar","category-sustentabilidade","tag-4elementos1planeta","tag-agua","tag-ambientalistas","tag-aqualuz","tag-jovem-brasileira","tag-meio-ambiente","tag-onu","tag-premio","tag-sustentabilidade"],"_links":{"self":[{"href":"https:\/\/blogs.correiobraziliense.com.br\/4elementos\/wp-json\/wp\/v2\/posts\/388","targetHints":{"allow":["GET"]}}],"collection":[{"href":"https:\/\/blogs.correiobraziliense.com.br\/4elementos\/wp-json\/wp\/v2\/posts"}],"about":[{"href":"https:\/\/blogs.correiobraziliense.com.br\/4elementos\/wp-json\/wp\/v2\/types\/post"}],"author":[{"embeddable":true,"href":"https:\/\/blogs.correiobraziliense.com.br\/4elementos\/wp-json\/wp\/v2\/users\/114"}],"replies":[{"embeddable":true,"href":"https:\/\/blogs.correiobraziliense.com.br\/4elementos\/wp-json\/wp\/v2\/comments?post=388"}],"version-history":[{"count":4,"href":"https:\/\/blogs.correiobraziliense.com.br\/4elementos\/wp-json\/wp\/v2\/posts\/388\/revisions"}],"predecessor-version":[{"id":392,"href":"https:\/\/blogs.correiobraziliense.com.br\/4elementos\/wp-json\/wp\/v2\/posts\/388\/revisions\/392"}],"wp:attachment":[{"href":"https:\/\/blogs.correiobraziliense.com.br\/4elementos\/wp-json\/wp\/v2\/media?parent=388"}],"wp:term":[{"taxonomy":"category","embeddable":true,"href":"https:\/\/blogs.correiobraziliense.com.br\/4elementos\/wp-json\/wp\/v2\/categories?post=388"},{"taxonomy":"post_tag","embeddable":true,"href":"https:\/\/blogs.correiobraziliense.com.br\/4elementos\/wp-json\/wp\/v2\/tags?post=388"}],"curies":[{"name":"wp","href":"https:\/\/api.w.org\/{rel}","templated":true}]}}