{"id":361,"date":"2019-09-11T14:46:07","date_gmt":"2019-09-11T17:46:07","guid":{"rendered":"https:\/\/blogs.correiobraziliense.com.br\/4elementos\/?p=361"},"modified":"2019-09-11T14:46:07","modified_gmt":"2019-09-11T17:46:07","slug":"cerrado-meio-ambiente-e-agronegocio-sao-temas-de-evento-em-brasilia","status":"publish","type":"post","link":"https:\/\/blogs.correiobraziliense.com.br\/4elementos\/2019\/09\/11\/cerrado-meio-ambiente-e-agronegocio-sao-temas-de-evento-em-brasilia\/","title":{"rendered":"Cerrado, meio ambiente e agroneg\u00f3cio s\u00e3o temas de evento em Bras\u00edlia"},"content":{"rendered":"<p>Nesta semana, Bras\u00edlia \u00e9 palco do 9\u00ba Encontro e Feira dos Povos do Cerrado. O tema desta edi\u00e7\u00e3o \u00e9 <em>Pelo Cerrado Vivo: diversidades, territ\u00f3rios e democracia<\/em>. O evento tem o objetivo de chamar a aten\u00e7\u00e3o para as amea\u00e7as enfrentadas pelo bioma, dar voz e visibilidade para os povos do Cerrado tamb\u00e9m por meio de apresenta\u00e7\u00f5es culturais e realiza\u00e7\u00e3o de feira gratuita e aberta ao p\u00fablico com produtos da sociobiodiversidade.<\/p>\n<p>O evento, que come\u00e7a nesta quarta-feira (11\/9) e se encerra no s\u00e1bado (14\/9), contar\u00e1 com diversos especialistas e ambientalistas para discutirem estrat\u00e9gias de conserva\u00e7\u00e3o do Cerrado, a partir dos modos de vida dos povos e comunidades tradicionais locais.<\/p>\n<p><img loading=\"lazy\" decoding=\"async\" class=\"size-full wp-image-362 alignleft\" src=\"https:\/\/blogs.correiobraziliense.com.br\/4elementos\/wp-content\/uploads\/sites\/53\/2019\/09\/fotocerrado.jpg\" alt=\"\" width=\"336\" height=\"508\" srcset=\"https:\/\/blogs.correiobraziliense.com.br\/4elementos\/wp-content\/uploads\/sites\/53\/2019\/09\/fotocerrado.jpg 336w, https:\/\/blogs.correiobraziliense.com.br\/4elementos\/wp-content\/uploads\/sites\/53\/2019\/09\/fotocerrado-198x300.jpg 198w, https:\/\/blogs.correiobraziliense.com.br\/4elementos\/wp-content\/uploads\/sites\/53\/2019\/09\/fotocerrado-230x348.jpg 230w\" sizes=\"auto, (max-width: 336px) 100vw, 336px\" \/>Na quinta-feira, Edegar Oliveira, diretor de Conserva\u00e7\u00e3o e Restaura\u00e7\u00e3o de Ecossistemas do WWF Brasil (Fundo Mundial para a Natureza) far\u00e1 a palestra <em>O Agro, as Unidades de Conserva\u00e7\u00e3o e os Povos<\/em>, durante o semin\u00e1rio C<em>errado: qual defesa queremos?<\/em><\/p>\n<p>De acordo com Oliveira, para o futuro, a expectativa \u00e9 que a produ\u00e7\u00e3o agr\u00edcola e pecu\u00e1ria no Cerrado ainda aumente muito. Para atender este aumento n\u00e3o ser\u00e1 necess\u00e1rio abrir novas \u00e1reas, mas, melhorar os processos produtivos das \u00e1reas j\u00e1 abertas. \u201c\u00c9 fundamental que o processo de desenvolvimento do bioma concilie a produ\u00e7\u00e3o de commodities, a produ\u00e7\u00e3o da agricultura familiar e interesses dos povos e comunidades tradicionais que ocupam a regi\u00e3o e a restaura\u00e7\u00e3o e conserva\u00e7\u00e3o de recursos naturais e servi\u00e7os ecossist\u00eamicos\u201d, avalia.<\/p>\n<h2><strong>Cerrado x agropecu\u00e1ria<\/strong><\/h2>\n<p>Oliveira ressalta ainda que o Cerrado \u00e9 bioma brasileiro onde a conserva\u00e7\u00e3o dos ecossistemas e a produ\u00e7\u00e3o agropecu\u00e1ria, literalmente, dividem o territ\u00f3rio &#8211; 50% da savana mais biodiversa do mundo foi convertida, principalmente, para a produ\u00e7\u00e3o agr\u00edcola e pecu\u00e1ria. \u201cO processo de desmatamento custou caro ao bioma e \u00e0s popula\u00e7\u00f5es que nele vivem. Foram perdidos servi\u00e7os ecossist\u00eamicos important\u00edssimos, comunidades e povos tradicionais e ind\u00edgenas foram expulsos de suas \u00e1reas e do acesso aos seus meios de vida e esp\u00e9cies foram amea\u00e7adas\u201d, destaca. Segundo ele, 40% das esp\u00e9cies do Cerrado s\u00f3 existem nesse bioma.<\/p>\n<p>O 9\u00ba Encontro e Feira dos Povos do Cerrado deve receber mais de 500 participantes vindos dos 12 unidades da federa\u00e7\u00e3o onde a savana brasileira est\u00e1 presente &#8212; Goi\u00e1s, Mato Grosso, Mato Grosso do Sul, Distrito Federal, Minas Gerais, S\u00e3o Paulo, Paran\u00e1, Rond\u00f4nia, Tocantins, Bahia, Maranh\u00e3o e Piau\u00ed.<\/p>\n<h2><strong>Servi\u00e7o<\/strong><\/h2>\n<p><strong>O qu\u00ea:<\/strong> 9\u00ba Encontro e Feira dos Povos do Cerrado<br \/>\n<strong>Quando:<\/strong> De 11 a 14 de setembro<br \/>\n<strong>Onde:<\/strong> Complexo Cultural Funarte<\/p>\n","protected":false},"excerpt":{"rendered":"<p>Nesta semana, Bras\u00edlia \u00e9 palco do 9\u00ba Encontro e Feira dos Povos do Cerrado. O tema desta edi\u00e7\u00e3o \u00e9 Pelo Cerrado Vivo: diversidades, territ\u00f3rios e democracia. O evento tem o objetivo de chamar a aten\u00e7\u00e3o para as amea\u00e7as enfrentadas pelo bioma, dar voz e visibilidade para os povos do Cerrado tamb\u00e9m por meio de apresenta\u00e7\u00f5es culturais e realiza\u00e7\u00e3o de feira [&hellip;]<\/p>\n","protected":false},"author":114,"featured_media":0,"comment_status":"open","ping_status":"open","sticky":false,"template":"","format":"standard","meta":{"footnotes":""},"categories":[3],"tags":[4,111,110,113,6,112,36,62],"class_list":["post-361","post","type-post","status-publish","format-standard","hentry","category-meio-ambiente","tag-4elementos1planeta","tag-bioma","tag-cerrado","tag-encontro-e-feira-de-povos-do-cerrado","tag-meio-ambiente","tag-povos","tag-preservacao","tag-wwf-brasil"],"_links":{"self":[{"href":"https:\/\/blogs.correiobraziliense.com.br\/4elementos\/wp-json\/wp\/v2\/posts\/361","targetHints":{"allow":["GET"]}}],"collection":[{"href":"https:\/\/blogs.correiobraziliense.com.br\/4elementos\/wp-json\/wp\/v2\/posts"}],"about":[{"href":"https:\/\/blogs.correiobraziliense.com.br\/4elementos\/wp-json\/wp\/v2\/types\/post"}],"author":[{"embeddable":true,"href":"https:\/\/blogs.correiobraziliense.com.br\/4elementos\/wp-json\/wp\/v2\/users\/114"}],"replies":[{"embeddable":true,"href":"https:\/\/blogs.correiobraziliense.com.br\/4elementos\/wp-json\/wp\/v2\/comments?post=361"}],"version-history":[{"count":5,"href":"https:\/\/blogs.correiobraziliense.com.br\/4elementos\/wp-json\/wp\/v2\/posts\/361\/revisions"}],"predecessor-version":[{"id":367,"href":"https:\/\/blogs.correiobraziliense.com.br\/4elementos\/wp-json\/wp\/v2\/posts\/361\/revisions\/367"}],"wp:attachment":[{"href":"https:\/\/blogs.correiobraziliense.com.br\/4elementos\/wp-json\/wp\/v2\/media?parent=361"}],"wp:term":[{"taxonomy":"category","embeddable":true,"href":"https:\/\/blogs.correiobraziliense.com.br\/4elementos\/wp-json\/wp\/v2\/categories?post=361"},{"taxonomy":"post_tag","embeddable":true,"href":"https:\/\/blogs.correiobraziliense.com.br\/4elementos\/wp-json\/wp\/v2\/tags?post=361"}],"curies":[{"name":"wp","href":"https:\/\/api.w.org\/{rel}","templated":true}]}}