{"id":312,"date":"2019-08-22T21:10:38","date_gmt":"2019-08-23T00:10:38","guid":{"rendered":"https:\/\/blogs.correiobraziliense.com.br\/4elementos\/?p=312"},"modified":"2019-08-22T21:13:28","modified_gmt":"2019-08-23T00:13:28","slug":"protestos-contra-desmatamento-na-amazonia-ganham-o-mundo-e-prometem-ocupar-as-ruas","status":"publish","type":"post","link":"https:\/\/blogs.correiobraziliense.com.br\/4elementos\/2019\/08\/22\/protestos-contra-desmatamento-na-amazonia-ganham-o-mundo-e-prometem-ocupar-as-ruas\/","title":{"rendered":"Protestos contra desmatamento na Amaz\u00f4nia ganham o mundo e v\u00e3o ocupar as ruas"},"content":{"rendered":"<p><span style=\"font-weight: 400\"><img loading=\"lazy\" decoding=\"async\" class=\" wp-image-309 alignright\" src=\"https:\/\/blogs.correiobraziliense.com.br\/4elementos\/wp-content\/uploads\/sites\/53\/2019\/08\/madonna.jpg\" alt=\"\" width=\"303\" height=\"315\" srcset=\"https:\/\/blogs.correiobraziliense.com.br\/4elementos\/wp-content\/uploads\/sites\/53\/2019\/08\/madonna.jpg 359w, https:\/\/blogs.correiobraziliense.com.br\/4elementos\/wp-content\/uploads\/sites\/53\/2019\/08\/madonna-289x300.jpg 289w, https:\/\/blogs.correiobraziliense.com.br\/4elementos\/wp-content\/uploads\/sites\/53\/2019\/08\/madonna-230x239.jpg 230w\" sizes=\"auto, (max-width: 303px) 100vw, 303px\" \/>Enquanto o presidente Jair Bolsonaro afirma, sem comprovar, que ONGs s\u00e3o respons\u00e1veis pelas queimadas na Amaz\u00f4nia e que os governadores da regi\u00e3o Norte est\u00e3o coniventes com a situa\u00e7\u00e3o, os protestos contra o desmatamento da maior floresta do Planeta ganham o mundo nas redes sociais e prometem ocupar as ruas do Brasil nesta sexta-feira (23\/8).<\/span><\/p>\n<p><span style=\"font-weight: 400\">\u201cOs inc\u00eandios est\u00e3o furiosos e a Amaz\u00f4nia continua a arder &#8230;&#8230;&#8230; Isso \u00e9 uma devasta\u00e7\u00e3o para o Brasil &#8211; para os povos ind\u00edgenas que vivem l\u00e1 e para as esp\u00e9cies de plantas e animais que fazem dela a floresta biol\u00f3gica mais importante!!! Presidente Bolsonaro por favor\u201d, tuitou a diva Madonna nesta quinta-feira. O post teve 4 milh\u00f5es de retuitadas e 11 milh\u00f5es de curtidas.<\/span><\/p>\n<p><span style=\"font-weight: 400\">O ator Leonardo di Caprio e o jogador Cristiano Ronaldo tamb\u00e9m fizeram apelos pela rede social.\u00a0\u00a0<\/span><span style=\"font-weight: 400\">A modelo brasileira Gisele B\u00fcndchen, ativista ambientalista proeminente, escreveu no Twitter: \u201cN\u00e3o podemos fechar os olhos para o que est\u00e1 acontecendo na Amaz\u00f4nia. O desmatamento tem que parar.&#8221;<\/span><\/p>\n<p>&nbsp;<\/p>\n<h2 style=\"text-align: center\"><b>Protestos<\/b><\/h2>\n<p><span style=\"font-weight: 400\">Manifestantes organizam pelas redes sociais atos em defesa da floresta em pelo menos 11 cidades para os pr\u00f3ximos dias. Em S\u00e3o Paulo, o protesto acontecer\u00e1 nesta sexta-feira (23), na Avenida Paulista.\u00a0<\/span><span style=\"font-weight: 400\">H\u00e1 duas semanas, s\u00e3o registrados diversos pontos de inc\u00eandio na Amaz\u00f4nia Legal em estados do Norte, o que tem ganhado destaque na imprensa internacional.\u00a0<\/span><span style=\"font-weight: 400\">Fotos de sat\u00e9lite divulgadas pela Nasa mostram que as fortes queimadas podem ser vistas do espa\u00e7o.\u00a0<\/span><\/p>\n<p><img loading=\"lazy\" decoding=\"async\" class=\"wp-image-310 alignleft\" src=\"https:\/\/blogs.correiobraziliense.com.br\/4elementos\/wp-content\/uploads\/sites\/53\/2019\/08\/sp-e1566518346720-300x216.jpg\" alt=\"\" width=\"382\" height=\"275\" srcset=\"https:\/\/blogs.correiobraziliense.com.br\/4elementos\/wp-content\/uploads\/sites\/53\/2019\/08\/sp-e1566518346720-300x216.jpg 300w, https:\/\/blogs.correiobraziliense.com.br\/4elementos\/wp-content\/uploads\/sites\/53\/2019\/08\/sp-e1566518346720-550x396.jpg 550w, https:\/\/blogs.correiobraziliense.com.br\/4elementos\/wp-content\/uploads\/sites\/53\/2019\/08\/sp-e1566518346720-230x166.jpg 230w, https:\/\/blogs.correiobraziliense.com.br\/4elementos\/wp-content\/uploads\/sites\/53\/2019\/08\/sp-e1566518346720.jpg 726w\" sizes=\"auto, (max-width: 382px) 100vw, 382px\" \/><\/p>\n<p>&nbsp;<\/p>\n<h2 style=\"text-align: left\"><strong>E S\u00e3o Paulo virou noite \u00e0s 15h<\/strong><\/h2>\n<p>&nbsp;<\/p>\n<p><span style=\"font-weight: 400\">As queimadas que atingem a Amaz\u00f4nia ganharam ainda mais destaque depois que, segundo especialistas, a fuma\u00e7a provocada pelos inc\u00eandios fez a tarde da \u00faltima segunda-feira (19\/8) virar noite em S\u00e3o Paulo.\u00a0<\/span><span style=\"font-weight: 400\">Segundo dados divulgados pelo Instituto Nacional de Pesquisas Espaciais (Inpe), entre janeiro e agosto, as queimadas aumentaram 83% em rela\u00e7\u00e3o a 2018. S\u00f3 em julho, o instituto de pesquisa Imazon calcula que a Amaz\u00f4nia perdeu uma \u00e1rea do tamanho do munic\u00edpio do Rio de Janeiro.\u00a0<\/span><\/p>\n","protected":false},"excerpt":{"rendered":"<p>Enquanto o presidente Jair Bolsonaro afirma, sem comprovar, que ONGs s\u00e3o respons\u00e1veis pelas queimadas na Amaz\u00f4nia e que os governadores da regi\u00e3o Norte est\u00e3o coniventes com a situa\u00e7\u00e3o, os protestos contra o desmatamento da maior floresta do Planeta ganham o mundo nas redes sociais e prometem ocupar as ruas do Brasil nesta sexta-feira (23\/8). \u201cOs inc\u00eandios est\u00e3o furiosos e a [&hellip;]<\/p>\n","protected":false},"author":114,"featured_media":0,"comment_status":"open","ping_status":"open","sticky":false,"template":"","format":"standard","meta":{"footnotes":""},"categories":[3,2],"tags":[4,91,7,66,92,90,93],"class_list":["post-312","post","type-post","status-publish","format-standard","hentry","category-meio-ambiente","category-sustentabilidade","tag-4elementos1planeta","tag-amazonia","tag-conscientizacao","tag-desmatamento","tag-madonna","tag-protestos","tag-queimadas"],"_links":{"self":[{"href":"https:\/\/blogs.correiobraziliense.com.br\/4elementos\/wp-json\/wp\/v2\/posts\/312","targetHints":{"allow":["GET"]}}],"collection":[{"href":"https:\/\/blogs.correiobraziliense.com.br\/4elementos\/wp-json\/wp\/v2\/posts"}],"about":[{"href":"https:\/\/blogs.correiobraziliense.com.br\/4elementos\/wp-json\/wp\/v2\/types\/post"}],"author":[{"embeddable":true,"href":"https:\/\/blogs.correiobraziliense.com.br\/4elementos\/wp-json\/wp\/v2\/users\/114"}],"replies":[{"embeddable":true,"href":"https:\/\/blogs.correiobraziliense.com.br\/4elementos\/wp-json\/wp\/v2\/comments?post=312"}],"version-history":[{"count":11,"href":"https:\/\/blogs.correiobraziliense.com.br\/4elementos\/wp-json\/wp\/v2\/posts\/312\/revisions"}],"predecessor-version":[{"id":322,"href":"https:\/\/blogs.correiobraziliense.com.br\/4elementos\/wp-json\/wp\/v2\/posts\/312\/revisions\/322"}],"wp:attachment":[{"href":"https:\/\/blogs.correiobraziliense.com.br\/4elementos\/wp-json\/wp\/v2\/media?parent=312"}],"wp:term":[{"taxonomy":"category","embeddable":true,"href":"https:\/\/blogs.correiobraziliense.com.br\/4elementos\/wp-json\/wp\/v2\/categories?post=312"},{"taxonomy":"post_tag","embeddable":true,"href":"https:\/\/blogs.correiobraziliense.com.br\/4elementos\/wp-json\/wp\/v2\/tags?post=312"}],"curies":[{"name":"wp","href":"https:\/\/api.w.org\/{rel}","templated":true}]}}