{"id":302,"date":"2019-08-22T20:33:59","date_gmt":"2019-08-22T23:33:59","guid":{"rendered":"https:\/\/blogs.correiobraziliense.com.br\/4elementos\/?p=302"},"modified":"2019-08-22T20:33:59","modified_gmt":"2019-08-22T23:33:59","slug":"livro-alerta-para-energias-renovaveis-e-atitudes-sustentaveis","status":"publish","type":"post","link":"https:\/\/blogs.correiobraziliense.com.br\/4elementos\/2019\/08\/22\/livro-alerta-para-energias-renovaveis-e-atitudes-sustentaveis\/","title":{"rendered":"Livro alerta para energias renov\u00e1veis e atitudes sustent\u00e1veis"},"content":{"rendered":"<p>A queima de combust\u00edveis f\u00f3sseis envenena o ar das cidades, aquece perigosamente a atmosfera do Planeta e provoca chuvas \u00e1cidas. E grande parcela do pl\u00e1stico que jogamos fora, ap\u00f3s transformar-se em micropl\u00e1stico, dizima animais marinhos e contamina fontes de \u00e1gua mineral. O alerta est\u00e1 no livro Energias renov\u00e1veis, atitudes sustent\u00e1veis, de Flam\u00ednio Levy Neto, engenheiro formado pelo Instituto Tecnol\u00f3gico de Aeron\u00e1utica (ITA), com mestrado e PhD em engenharia mec\u00e2nica.<\/p>\n<p>Professor do ITA e da Universidade de Bras\u00edlia, com 40 anos de doc\u00eancia, Levy Neto ressalta na publica\u00e7\u00e3o que, para sobrevivermos ao longo do s\u00e9culo 21 s\u00e3o urgentes: uma busca mais efetiva por energias renov\u00e1veis e limpas; e mudan\u00e7as nos h\u00e1bitos de consumir e descartar. \u201cOs potenciais e\u00f3licos e solar do Brasil para gerar energia s\u00e3o extraordin\u00e1rios. Mas, na pr\u00e1tica, temos aproveitado muito pouco\u201d, afirma.<\/p>\n<p><img loading=\"lazy\" decoding=\"async\" class=\"alignright wp-image-303 \" src=\"https:\/\/blogs.correiobraziliense.com.br\/4elementos\/wp-content\/uploads\/sites\/53\/2019\/08\/Livro-220x300.jpg\" alt=\"\" width=\"270\" height=\"368\" srcset=\"https:\/\/blogs.correiobraziliense.com.br\/4elementos\/wp-content\/uploads\/sites\/53\/2019\/08\/Livro-220x300.jpg 220w, https:\/\/blogs.correiobraziliense.com.br\/4elementos\/wp-content\/uploads\/sites\/53\/2019\/08\/Livro-550x751.jpg 550w, https:\/\/blogs.correiobraziliense.com.br\/4elementos\/wp-content\/uploads\/sites\/53\/2019\/08\/Livro-230x314.jpg 230w, https:\/\/blogs.correiobraziliense.com.br\/4elementos\/wp-content\/uploads\/sites\/53\/2019\/08\/Livro.jpg 745w\" sizes=\"auto, (max-width: 270px) 100vw, 270px\" \/><\/p>\n<h2><strong>Amaz\u00f4nia<\/strong><\/h2>\n<p>Grande parte das chuvas que abastece importantes cidades e usinas hidrel\u00e9tricas depende, diretamente, da umidade que a Floresta Amaz\u00f4nica consegue reter. E 70% das nascentes do Rio S\u00e3o Francisco, por exemplo, recebem \u00e1gua que a vegeta\u00e7\u00e3o nativa do Cerrado conduz para o subsolo. \u201cMas, como desmatamentos da Amaz\u00f4nia e do Cerrado t\u00eam sido muito intensos, os reservat\u00f3rios de importantes hidrel\u00e9tricas e nossas principais bacias hidrogr\u00e1ficas est\u00e3o secando\u201d, assinala.<\/p>\n<p>Nas \u00faltimas d\u00e9cadas, florestas, que s\u00e3o importantes para a estabiliza\u00e7\u00e3o clim\u00e1tica, v\u00eam sendo derrubadas para formar pastos. E esses, no solo tropical arenoso do pa\u00eds, atuam como ber\u00e7\u00e1rios de desertos. \u201cAdicionalmente, com a derrubada das florestas, aumentam as enchentes catastr\u00f3ficas pontuais e simultaneamente as chuvas se tornam cada vez mais escassas\u201d, diz o autor. O livro sugere solu\u00e7\u00f5es para essas quest\u00f5es energ\u00e9ticas e ambientais amplamente inter-relacionadas.<\/p>\n","protected":false},"excerpt":{"rendered":"<p>A queima de combust\u00edveis f\u00f3sseis envenena o ar das cidades, aquece perigosamente a atmosfera do Planeta e provoca chuvas \u00e1cidas. E grande parcela do pl\u00e1stico que jogamos fora, ap\u00f3s transformar-se em micropl\u00e1stico, dizima animais marinhos e contamina fontes de \u00e1gua mineral. O alerta est\u00e1 no livro Energias renov\u00e1veis, atitudes sustent\u00e1veis, de Flam\u00ednio Levy Neto, engenheiro formado pelo Instituto Tecnol\u00f3gico de [&hellip;]<\/p>\n","protected":false},"author":114,"featured_media":0,"comment_status":"open","ping_status":"open","sticky":false,"template":"","format":"standard","meta":{"footnotes":""},"categories":[3,2],"tags":[4,89,7,66,24,88,36],"class_list":["post-302","post","type-post","status-publish","format-standard","hentry","category-meio-ambiente","category-sustentabilidade","tag-4elementos1planeta","tag-atitudes-sustentaveis","tag-conscientizacao","tag-desmatamento","tag-energia-limpa","tag-livro","tag-preservacao"],"_links":{"self":[{"href":"https:\/\/blogs.correiobraziliense.com.br\/4elementos\/wp-json\/wp\/v2\/posts\/302","targetHints":{"allow":["GET"]}}],"collection":[{"href":"https:\/\/blogs.correiobraziliense.com.br\/4elementos\/wp-json\/wp\/v2\/posts"}],"about":[{"href":"https:\/\/blogs.correiobraziliense.com.br\/4elementos\/wp-json\/wp\/v2\/types\/post"}],"author":[{"embeddable":true,"href":"https:\/\/blogs.correiobraziliense.com.br\/4elementos\/wp-json\/wp\/v2\/users\/114"}],"replies":[{"embeddable":true,"href":"https:\/\/blogs.correiobraziliense.com.br\/4elementos\/wp-json\/wp\/v2\/comments?post=302"}],"version-history":[{"count":3,"href":"https:\/\/blogs.correiobraziliense.com.br\/4elementos\/wp-json\/wp\/v2\/posts\/302\/revisions"}],"predecessor-version":[{"id":306,"href":"https:\/\/blogs.correiobraziliense.com.br\/4elementos\/wp-json\/wp\/v2\/posts\/302\/revisions\/306"}],"wp:attachment":[{"href":"https:\/\/blogs.correiobraziliense.com.br\/4elementos\/wp-json\/wp\/v2\/media?parent=302"}],"wp:term":[{"taxonomy":"category","embeddable":true,"href":"https:\/\/blogs.correiobraziliense.com.br\/4elementos\/wp-json\/wp\/v2\/categories?post=302"},{"taxonomy":"post_tag","embeddable":true,"href":"https:\/\/blogs.correiobraziliense.com.br\/4elementos\/wp-json\/wp\/v2\/tags?post=302"}],"curies":[{"name":"wp","href":"https:\/\/api.w.org\/{rel}","templated":true}]}}