{"id":279,"date":"2019-08-15T17:28:04","date_gmt":"2019-08-15T20:28:04","guid":{"rendered":"https:\/\/blogs.correiobraziliense.com.br\/4elementos\/?p=279"},"modified":"2019-08-15T17:28:04","modified_gmt":"2019-08-15T20:28:04","slug":"depois-da-alemanha-noruega-suspende-financiamento-do-fundo-amazonia","status":"publish","type":"post","link":"https:\/\/blogs.correiobraziliense.com.br\/4elementos\/2019\/08\/15\/depois-da-alemanha-noruega-suspende-financiamento-do-fundo-amazonia\/","title":{"rendered":"Depois da Alemanha, Noruega suspende financiamento do Fundo Amaz\u00f4nia"},"content":{"rendered":"<p><span style=\"font-weight: 400\">Depois das pol\u00eamicas declara\u00e7\u00f5es do presidente Jair Bolsonaro sobre os dados de desmatamento da Amaz\u00f4nia, que resultaram\u00a0na exonera\u00e7\u00e3o do diretor do Instituto Nacional de Pesquisas Espaciais (Inpe), Ricardo Galv\u00e3o, os dois pa\u00edses que financiavam o Fundo Amaz\u00f4nia cortaram a verba.<\/span><\/p>\n<p><span style=\"font-weight: 400\">Primeiro foi a Alemanha. E, nesta quinta-feira (15\/8), foi a vez da Noruega anunciar a suspens\u00e3o do apoio financeiro que destinava ao Fundo Amaz\u00f4nia. O governo do pa\u00eds escandinavo comunicou que n\u00e3o ir\u00e1 mais efetuar os pagamentos de 300 milh\u00f5es de coroas norueguesas, algo pr\u00f3ximo a R$ 133 milh\u00f5es para o programa.\u00a0<\/span><span style=\"font-weight: 400\">Os noruegueses eram o principais doadores do fundo. At\u00e9 hoje, o pa\u00eds havia feito aportes que totalizam R$ 3,6 bilh\u00f5es. <\/span><\/p>\n<figure id=\"attachment_280\" aria-describedby=\"caption-attachment-280\" style=\"width: 503px\" class=\"wp-caption alignleft\"><img loading=\"lazy\" decoding=\"async\" class=\"wp-image-280 \" src=\"https:\/\/blogs.correiobraziliense.com.br\/4elementos\/wp-content\/uploads\/sites\/53\/2019\/08\/desmata-e1565899064308-300x203.jpg\" alt=\"\" width=\"503\" height=\"340\" srcset=\"https:\/\/blogs.correiobraziliense.com.br\/4elementos\/wp-content\/uploads\/sites\/53\/2019\/08\/desmata-e1565899064308-300x203.jpg 300w, https:\/\/blogs.correiobraziliense.com.br\/4elementos\/wp-content\/uploads\/sites\/53\/2019\/08\/desmata-e1565899064308-768x520.jpg 768w, https:\/\/blogs.correiobraziliense.com.br\/4elementos\/wp-content\/uploads\/sites\/53\/2019\/08\/desmata-e1565899064308-550x372.jpg 550w, https:\/\/blogs.correiobraziliense.com.br\/4elementos\/wp-content\/uploads\/sites\/53\/2019\/08\/desmata-e1565899064308-230x156.jpg 230w, https:\/\/blogs.correiobraziliense.com.br\/4elementos\/wp-content\/uploads\/sites\/53\/2019\/08\/desmata-e1565899064308.jpg 1017w\" sizes=\"auto, (max-width: 503px) 100vw, 503px\" \/><figcaption id=\"caption-attachment-280\" class=\"wp-caption-text\">Desmatamento na Amaz\u00f4nia aumentou 88% em junho<\/figcaption><\/figure>\n<p><span style=\"font-weight: 400\">No s\u00e1bado passado (10\/8), o minist\u00e9rio alem\u00e3o do Meio Ambiente informou que a participa\u00e7\u00e3o da Alemanha no Fundo Amaz\u00f4nia deveria ser revista. Em nota divulgada na ter\u00e7a-feira (13\/8), o pa\u00eds reconheceu que j\u00e1 discutia o futuro do Fundo com outros membros.\u00a0<\/span><span style=\"font-weight: 400\">A declara\u00e7\u00e3o foi dada ap\u00f3s o pa\u00eds cancelar R$ 150 milh\u00f5es em investimentos em outros projetos que n\u00e3o integram o Fundo Amaz\u00f4nia. <\/span><\/p>\n<p><span style=\"font-weight: 400\">Devido ao forte aumento do desmatamento na Amaz\u00f4nia brasileira, a ministra do Meio Ambiente da Alemanha, Svenja Schulze, decidiu suspender o financiamento de projetos para a prote\u00e7\u00e3o da floresta e da biodiversidade.\u00a0<\/span><span style=\"font-weight: 400\">\u201cA pol\u00edtica do governo brasileiro na regi\u00e3o amaz\u00f4nica deixa d\u00favidas se ainda se persegue uma redu\u00e7\u00e3o consequente das taxas de desmatamento\u201d, declarou a ministra a um jornal alem\u00e3o, apontando que somente quando houver clareza, a coopera\u00e7\u00e3o de projetos poder\u00e1 continuar.<\/span><\/p>\n<p><span style=\"font-weight: 400\">Criado em 2008 para financiar projetos de redu\u00e7\u00e3o do desmatamento, o Fundo Amaz\u00f4nia j\u00e1 captou R$ 3 bilh\u00f5es em doa\u00e7\u00f5es. O objetivo \u00e9 financiar projetos de estados, munic\u00edpios e da iniciativa privada para o desenvolvimento sustent\u00e1vel da Amaz\u00f4nia Legal. Este ano, no entanto, o fundo est\u00e1 paralisado em 2019 e nenhum projeto foi aprovado.<\/span><\/p>\n<h2 style=\"text-align: center\"><b>Monitoramento<\/b><\/h2>\n<p><span style=\"font-weight: 400\">Ap\u00f3s o presidente Bolsonaro colocar em d\u00favida a compet\u00eancia do Inpe, um \u00f3rg\u00e3o reconhecido mundialmente, para monitorar o desmatamento, o governo anunciou que realiza um teste gratuito no Ibama de um novo sistema privado.<\/span><\/p>\n<p><span style=\"font-weight: 400\">Conforme o <\/span><i><span style=\"font-weight: 400\">Estad\u00e3o<\/span><\/i><span style=\"font-weight: 400\">, o Planet, um sistema de mapeamento em alta resolu\u00e7\u00e3o que pertence a uma companhia dos Estados Unidos, \u00e9 fornecido localmente pela empresa brasileira Santiago &amp; Cintra, do interior de S\u00e3o Paulo. Essa empresa, que \u00e9 respons\u00e1vel por processar as imagens e interpret\u00e1-las, j\u00e1 realizou diversas reuni\u00f5es com representantes do Ibama e do Minist\u00e9rio do Meio Ambiente neste ano.<\/span><\/p>\n<p>&nbsp;<\/p>\n","protected":false},"excerpt":{"rendered":"<p>Depois das pol\u00eamicas declara\u00e7\u00f5es do presidente Jair Bolsonaro sobre os dados de desmatamento da Amaz\u00f4nia, que resultaram\u00a0na exonera\u00e7\u00e3o do diretor do Instituto Nacional de Pesquisas Espaciais (Inpe), Ricardo Galv\u00e3o, os dois pa\u00edses que financiavam o Fundo Amaz\u00f4nia cortaram a verba. Primeiro foi a Alemanha. E, nesta quinta-feira (15\/8), foi a vez da Noruega anunciar a suspens\u00e3o do apoio financeiro que [&hellip;]<\/p>\n","protected":false},"author":114,"featured_media":0,"comment_status":"open","ping_status":"open","sticky":false,"template":"","format":"standard","meta":{"footnotes":""},"categories":[3,2],"tags":[4,85,66,84,6,86,5],"class_list":["post-279","post","type-post","status-publish","format-standard","hentry","category-meio-ambiente","category-sustentabilidade","tag-4elementos1planeta","tag-alemanha","tag-desmatamento","tag-fundo-amazonia","tag-meio-ambiente","tag-noruega","tag-sustentabilidade"],"_links":{"self":[{"href":"https:\/\/blogs.correiobraziliense.com.br\/4elementos\/wp-json\/wp\/v2\/posts\/279","targetHints":{"allow":["GET"]}}],"collection":[{"href":"https:\/\/blogs.correiobraziliense.com.br\/4elementos\/wp-json\/wp\/v2\/posts"}],"about":[{"href":"https:\/\/blogs.correiobraziliense.com.br\/4elementos\/wp-json\/wp\/v2\/types\/post"}],"author":[{"embeddable":true,"href":"https:\/\/blogs.correiobraziliense.com.br\/4elementos\/wp-json\/wp\/v2\/users\/114"}],"replies":[{"embeddable":true,"href":"https:\/\/blogs.correiobraziliense.com.br\/4elementos\/wp-json\/wp\/v2\/comments?post=279"}],"version-history":[{"count":4,"href":"https:\/\/blogs.correiobraziliense.com.br\/4elementos\/wp-json\/wp\/v2\/posts\/279\/revisions"}],"predecessor-version":[{"id":284,"href":"https:\/\/blogs.correiobraziliense.com.br\/4elementos\/wp-json\/wp\/v2\/posts\/279\/revisions\/284"}],"wp:attachment":[{"href":"https:\/\/blogs.correiobraziliense.com.br\/4elementos\/wp-json\/wp\/v2\/media?parent=279"}],"wp:term":[{"taxonomy":"category","embeddable":true,"href":"https:\/\/blogs.correiobraziliense.com.br\/4elementos\/wp-json\/wp\/v2\/categories?post=279"},{"taxonomy":"post_tag","embeddable":true,"href":"https:\/\/blogs.correiobraziliense.com.br\/4elementos\/wp-json\/wp\/v2\/tags?post=279"}],"curies":[{"name":"wp","href":"https:\/\/api.w.org\/{rel}","templated":true}]}}