{"id":257,"date":"2019-08-08T13:37:29","date_gmt":"2019-08-08T16:37:29","guid":{"rendered":"https:\/\/blogs.correiobraziliense.com.br\/4elementos\/?p=257"},"modified":"2019-08-08T16:35:25","modified_gmt":"2019-08-08T19:35:25","slug":"aquecimento-global-pode-reduzir-safras-revela-estudo-do-ipcc","status":"publish","type":"post","link":"https:\/\/blogs.correiobraziliense.com.br\/4elementos\/2019\/08\/08\/aquecimento-global-pode-reduzir-safras-revela-estudo-do-ipcc\/","title":{"rendered":"Aquecimento global pode reduzir safras, revela estudo do IPCC"},"content":{"rendered":"<p><span style=\"font-weight: 400\">Novo relat\u00f3rio do Painel Intergovernamental sobre Mudan\u00e7as Clim\u00e1ticas (IPCC, na sigla em ingl\u00eas), divulgado nesta quinta-feira (8\/7), aponta a necessidade de limitar o aquecimento do Planeta Terra em at\u00e9 1,5 graus celsius (\u00b0C) sob pena de provocar redu\u00e7\u00e3o nas safras de alimentos. Como o Brasil \u00e9 um pa\u00eds agroexportador e as commodities s\u00e3o a base da produ\u00e7\u00e3o agr\u00edcola, ignorar dados cient\u00edficos sobre desmatamento, como ocorre por parte do governo, pode ser devastador para a economia.\u00a0<\/span><\/p>\n<p><span style=\"font-weight: 400\">O documento do IPCC, realizado por cerca de 100 especialistas de 52 na\u00e7\u00f5es, a maioria pa\u00edses em desenvolvimento, apresenta cen\u00e1rios sobre como o uso da terra contribui para o aquecimento global e como a Amaz\u00f4nia tem papel de destaque para capturar o di\u00f3xido de carbono (CO2), um dos gases de efeito estufa (GEE). A partir de uma s\u00e9rie de estudos cient\u00edficos que comprovam que a temperatura do planeta est\u00e1 em eleva\u00e7\u00e3o, o relat\u00f3rio aborda desmatamento, seguran\u00e7a alimentar, degrada\u00e7\u00e3o do solo e desertifica\u00e7\u00e3o.\u00a0<\/span><\/p>\n<figure id=\"attachment_273\" aria-describedby=\"caption-attachment-273\" style=\"width: 300px\" class=\"wp-caption alignright\"><img loading=\"lazy\" decoding=\"async\" class=\"wp-image-273 size-medium\" src=\"https:\/\/blogs.correiobraziliense.com.br\/4elementos\/wp-content\/uploads\/sites\/53\/2019\/08\/2-Rachel-Biderman-diretora-Executiva-do-WRI-Brasil-300x200.jpg\" alt=\"\" width=\"300\" height=\"200\" srcset=\"https:\/\/blogs.correiobraziliense.com.br\/4elementos\/wp-content\/uploads\/sites\/53\/2019\/08\/2-Rachel-Biderman-diretora-Executiva-do-WRI-Brasil-300x200.jpg 300w, https:\/\/blogs.correiobraziliense.com.br\/4elementos\/wp-content\/uploads\/sites\/53\/2019\/08\/2-Rachel-Biderman-diretora-Executiva-do-WRI-Brasil-768x512.jpg 768w, https:\/\/blogs.correiobraziliense.com.br\/4elementos\/wp-content\/uploads\/sites\/53\/2019\/08\/2-Rachel-Biderman-diretora-Executiva-do-WRI-Brasil-1024x683.jpg 1024w, https:\/\/blogs.correiobraziliense.com.br\/4elementos\/wp-content\/uploads\/sites\/53\/2019\/08\/2-Rachel-Biderman-diretora-Executiva-do-WRI-Brasil-1440x960.jpg 1440w, https:\/\/blogs.correiobraziliense.com.br\/4elementos\/wp-content\/uploads\/sites\/53\/2019\/08\/2-Rachel-Biderman-diretora-Executiva-do-WRI-Brasil-550x367.jpg 550w, https:\/\/blogs.correiobraziliense.com.br\/4elementos\/wp-content\/uploads\/sites\/53\/2019\/08\/2-Rachel-Biderman-diretora-Executiva-do-WRI-Brasil-230x153.jpg 230w, https:\/\/blogs.correiobraziliense.com.br\/4elementos\/wp-content\/uploads\/sites\/53\/2019\/08\/2-Rachel-Biderman-diretora-Executiva-do-WRI-Brasil.jpg 1617w\" sizes=\"auto, (max-width: 300px) 100vw, 300px\" \/><figcaption id=\"caption-attachment-273\" class=\"wp-caption-text\">Rachel Biderman, diretora executiva do WRI Brasil \/ Foto: WRI Brasil\/Divulga\u00e7\u00e3o<\/figcaption><\/figure>\n<p><span style=\"font-weight: 400\">Rachel Biderman, diretora executiva do World Resources Institute (WRI Brasil), explica que o estudo foi feito por cientistas renomados, num momento cr\u00edtico em que a ci\u00eancia \u00e9 questionada pelo governo brasileiro. \u201c\u00c9 um alerta sobre o que pode atingir a base da nossa economia, j\u00e1 que o Brasil exporta commodities e depende de seus recursos naturais para produzir alimentos\u201d, diz.\u00a0<\/span><\/p>\n<p><span style=\"font-weight: 400\">Segundo ela, o estudo recomenda novas pr\u00e1ticas agr\u00edcolas sustent\u00e1veis, que j\u00e1 s\u00e3o feitas no pa\u00eds, mas que deveriam se tornar regra. \u201cEm um momento em que se questiona dados da ci\u00eancia, o governo est\u00e1 negando fatos que podem prejudicar nossa economia e colocar em risco a produ\u00e7\u00e3o do pa\u00eds\u201d, destaca. Rachel refere-se \u00e0 nega\u00e7\u00e3o do governo de dados alarmantes sobre desmatamento revelados pelo Instituto Nacional de Pesquisas Espaciais (Inpe), considerado refer\u00eancia mundial e cujo diretor, Ricardo Galv\u00e3o, foi exonerado, conforme publica\u00e7\u00e3o no <em>Di\u00e1rio Oficial da Uni\u00e3o<\/em> de quarta-feira (7\/8).<\/span><\/p>\n<h2 style=\"text-align: center\"><b>Redu\u00e7\u00e3o de safras<\/b><\/h2>\n<figure id=\"attachment_204\" aria-describedby=\"caption-attachment-204\" style=\"width: 800px\" class=\"wp-caption alignnone\"><img loading=\"lazy\" decoding=\"async\" class=\"wp-image-204 size-full\" src=\"https:\/\/blogs.correiobraziliense.com.br\/4elementos\/wp-content\/uploads\/sites\/53\/2019\/07\/milho.jpg\" alt=\"\" width=\"800\" height=\"531\" srcset=\"https:\/\/blogs.correiobraziliense.com.br\/4elementos\/wp-content\/uploads\/sites\/53\/2019\/07\/milho.jpg 800w, https:\/\/blogs.correiobraziliense.com.br\/4elementos\/wp-content\/uploads\/sites\/53\/2019\/07\/milho-300x199.jpg 300w, https:\/\/blogs.correiobraziliense.com.br\/4elementos\/wp-content\/uploads\/sites\/53\/2019\/07\/milho-768x510.jpg 768w, https:\/\/blogs.correiobraziliense.com.br\/4elementos\/wp-content\/uploads\/sites\/53\/2019\/07\/milho-550x365.jpg 550w, https:\/\/blogs.correiobraziliense.com.br\/4elementos\/wp-content\/uploads\/sites\/53\/2019\/07\/milho-230x153.jpg 230w\" sizes=\"auto, (max-width: 800px) 100vw, 800px\" \/><figcaption id=\"caption-attachment-204\" class=\"wp-caption-text\">Lavouras de milho podem encolher 5,5% no Brasil e mais de 10% nos EUA<\/figcaption><\/figure>\n<p><span style=\"font-weight: 400\">O relat\u00f3rio do IPCC alerta que, no Brasil, o aquecimento pode reduzir as safras de milho em 5,5% a cada grau celsius de aquecimento. Nos Estados Unidos, esse percentual pode chegar a 10,3%.\u00a0<\/span><span style=\"font-weight: 400\"> A<\/span><span style=\"font-weight: 400\">s mudan\u00e7as do uso do solo representam 22% das emiss\u00f5es dos GEE, com aumento de mais de 40% dessas emiss\u00f5es desde 1950, segundo o IPCC.\u00a0<\/span><\/p>\n<p><span style=\"font-weight: 400\">\u00a0<\/span><span style=\"font-weight: 400\">\u201cSe o desmatamento na Amaz\u00f4nia atingir 40% da floresta, chega-se a um ponto irrevers\u00edvel tanto para barrar o aquecimento global quanto para a sobreviv\u00eancia do ciclo da floresta como \u00e9 hoje\u201d, diz o estudo. O<\/span><span style=\"font-weight: 400\">\u00a0documento alerta para a necessidade de uma diversifica\u00e7\u00e3o da dieta para reduzir as emiss\u00f5es. At\u00e9 2050 ser\u00e3o 10 bilh\u00f5es de pessoas no mundo, um cen\u00e1rio preocupante para conciliar produ\u00e7\u00e3o de alimentos e energia.<\/span><\/p>\n<p><span style=\"font-weight: 400\">Ao avaliar os impactos da desertifica\u00e7\u00e3o e da escassez de \u00e1gua, o relat\u00f3rio aponta que 8% das terras no Brasil j\u00e1 sofrem alguma forma de degrada\u00e7\u00e3o relacionada. Na Caatinga, a estimativa \u00e9 de 50% da \u00e1rea. Sem mudan\u00e7as dr\u00e1sticas, o aumento m\u00e9dio da temperatura global em 1,5\u00b0C deve ser superado entre 2030 e 2052. Entre as altera\u00e7\u00f5es necess\u00e1rias, est\u00e3o a forma de consumo de energia, do planejamento urbano e territorial e da alimenta\u00e7\u00e3o.<\/span><\/p>\n<h2 style=\"text-align: center\"><b>Acordo de Paris<\/b><\/h2>\n<p><span style=\"font-weight: 400\">Atualmente, a meta estipulada pelo Acordo de Paris \u00e9 a de n\u00e3o ultrapassar o aquecimento em 2\u00b0C. Por\u00e9m, o relat\u00f3rio do IPCC mostra que se isso ocorrer as terras f\u00e9rteis se transformar\u00e3o em desertos, as infraestruturas v\u00e3o se desmoronar com o degelo das calotas polares e a seca e os fen\u00f4menos meteorol\u00f3gicos extremos colocar\u00e3o em risco o sistema alimentar. O quadro s\u00f3 pode ser evitado com sistemas sustent\u00e1veis.<\/span><\/p>\n","protected":false},"excerpt":{"rendered":"<p>Novo relat\u00f3rio do Painel Intergovernamental sobre Mudan\u00e7as Clim\u00e1ticas (IPCC, na sigla em ingl\u00eas), divulgado nesta quinta-feira (8\/7), aponta a necessidade de limitar o aquecimento do Planeta Terra em at\u00e9 1,5 graus celsius (\u00b0C) sob pena de provocar redu\u00e7\u00e3o nas safras de alimentos. Como o Brasil \u00e9 um pa\u00eds agroexportador e as commodities s\u00e3o a base da produ\u00e7\u00e3o agr\u00edcola, ignorar dados [&hellip;]<\/p>\n","protected":false},"author":114,"featured_media":0,"comment_status":"open","ping_status":"open","sticky":false,"template":"","format":"standard","meta":{"footnotes":""},"categories":[3,2],"tags":[4,74,7,75,36,76,77],"class_list":["post-257","post","type-post","status-publish","format-standard","hentry","category-meio-ambiente","category-sustentabilidade","tag-4elementos1planeta","tag-aquecimento-global","tag-conscientizacao","tag-ipcc","tag-preservacao","tag-relatorio","tag-safras"],"_links":{"self":[{"href":"https:\/\/blogs.correiobraziliense.com.br\/4elementos\/wp-json\/wp\/v2\/posts\/257","targetHints":{"allow":["GET"]}}],"collection":[{"href":"https:\/\/blogs.correiobraziliense.com.br\/4elementos\/wp-json\/wp\/v2\/posts"}],"about":[{"href":"https:\/\/blogs.correiobraziliense.com.br\/4elementos\/wp-json\/wp\/v2\/types\/post"}],"author":[{"embeddable":true,"href":"https:\/\/blogs.correiobraziliense.com.br\/4elementos\/wp-json\/wp\/v2\/users\/114"}],"replies":[{"embeddable":true,"href":"https:\/\/blogs.correiobraziliense.com.br\/4elementos\/wp-json\/wp\/v2\/comments?post=257"}],"version-history":[{"count":11,"href":"https:\/\/blogs.correiobraziliense.com.br\/4elementos\/wp-json\/wp\/v2\/posts\/257\/revisions"}],"predecessor-version":[{"id":275,"href":"https:\/\/blogs.correiobraziliense.com.br\/4elementos\/wp-json\/wp\/v2\/posts\/257\/revisions\/275"}],"wp:attachment":[{"href":"https:\/\/blogs.correiobraziliense.com.br\/4elementos\/wp-json\/wp\/v2\/media?parent=257"}],"wp:term":[{"taxonomy":"category","embeddable":true,"href":"https:\/\/blogs.correiobraziliense.com.br\/4elementos\/wp-json\/wp\/v2\/categories?post=257"},{"taxonomy":"post_tag","embeddable":true,"href":"https:\/\/blogs.correiobraziliense.com.br\/4elementos\/wp-json\/wp\/v2\/tags?post=257"}],"curies":[{"name":"wp","href":"https:\/\/api.w.org\/{rel}","templated":true}]}}