{"id":229,"date":"2019-07-30T17:41:28","date_gmt":"2019-07-30T20:41:28","guid":{"rendered":"https:\/\/blogs.correiobraziliense.com.br\/4elementos\/?p=229"},"modified":"2019-07-30T17:41:28","modified_gmt":"2019-07-30T20:41:28","slug":"brasil-esgota-seus-recursos-naturais-para-2019-neste-31-de-julho","status":"publish","type":"post","link":"https:\/\/blogs.correiobraziliense.com.br\/4elementos\/2019\/07\/30\/brasil-esgota-seus-recursos-naturais-para-2019-neste-31-de-julho\/","title":{"rendered":"Brasil esgota seus recursos naturais para 2019 neste 31 de julho"},"content":{"rendered":"<p>A humanidade atingiu o limite do uso sustent\u00e1vel de recursos naturais dispon\u00edveis para 2019 na segunda-feira (29\/07). A data, calculada pela organiza\u00e7\u00e3o internacional Global Footprint Network (GFN), \u00e9 chamada Dia da Sobrecarga da Terra. Cada pa\u00eds, no entanto, atinge a marca em dias diferentes. O Brasil vai esgotar seus recursos para o ano nesta quarta-feira, 31 de julho.<\/p>\n<p>Como o Planeta Terra \u00e9 devastado e as emiss\u00f5es de gases de efeito estufa n\u00e3o param, o Dia da Sobrecarga acontece cada vez mais cedo. No ano passado, havia sido em 1\u00ba de agosto e, em 1971, o primeiro ano de sobreconsumo global, em 21 de dezembro.<\/p>\n<p>Conforme a Global Footprint Network, o que vem antecipando o esgotamento do Planeta Terra s\u00e3o desmatamento, eros\u00e3o do solo, perda de biodiversidade e aumento do CO2 na atmosfera terrestre, o que leva a eventos clim\u00e1ticos extremos.<\/p>\n<p>O dia da exaust\u00e3o \u00e9 calculado por uma m\u00e9dia global. Mas cada pa\u00eds consome seus recursos numa velocidade. Segundo a WWF, no Catar, o Dia da Sobrecarga, este ano, foi atingido em 42 dias. Na Alemanha, foi em 3 de maio. E, no Brasil, ser\u00e1 neste 31 de julho.<\/p>\n<p>A GFN calcula que a popula\u00e7\u00e3o mundial consome o correspondente a 1,75 Terra. Se toda a humanidade vivesse com os h\u00e1bitos de consumo dos cidad\u00e3os dos Estados Unidos, no entanto, seriam necess\u00e1rios cinco planetas. O Brasil est\u00e1 na m\u00e9dia mundial.<\/p>\n<p>Uma calculadora bolada pela GFN mede a pegada ecol\u00f3gica de cada pessoa. Confira como seus h\u00e1bitos de consumo impactam o Planeta clicando <a href=\"https:\/\/www.footprintcalculator.org\/\">aqui<\/a>!<\/p>\n","protected":false},"excerpt":{"rendered":"<p>A humanidade atingiu o limite do uso sustent\u00e1vel de recursos naturais dispon\u00edveis para 2019 na segunda-feira (29\/07). A data, calculada pela organiza\u00e7\u00e3o internacional Global Footprint Network (GFN), \u00e9 chamada Dia da Sobrecarga da Terra. Cada pa\u00eds, no entanto, atinge a marca em dias diferentes. O Brasil vai esgotar seus recursos para o ano nesta quarta-feira, 31 de julho. Como o [&hellip;]<\/p>\n","protected":false},"author":114,"featured_media":0,"comment_status":"open","ping_status":"open","sticky":false,"template":"","format":"standard","meta":{"footnotes":""},"categories":[3,2],"tags":[4,7,65,64],"class_list":["post-229","post","type-post","status-publish","format-standard","hentry","category-meio-ambiente","category-sustentabilidade","tag-4elementos1planeta","tag-conscientizacao","tag-dia-da-sobrecarga-na-terra","tag-recursos-naturais"],"_links":{"self":[{"href":"https:\/\/blogs.correiobraziliense.com.br\/4elementos\/wp-json\/wp\/v2\/posts\/229","targetHints":{"allow":["GET"]}}],"collection":[{"href":"https:\/\/blogs.correiobraziliense.com.br\/4elementos\/wp-json\/wp\/v2\/posts"}],"about":[{"href":"https:\/\/blogs.correiobraziliense.com.br\/4elementos\/wp-json\/wp\/v2\/types\/post"}],"author":[{"embeddable":true,"href":"https:\/\/blogs.correiobraziliense.com.br\/4elementos\/wp-json\/wp\/v2\/users\/114"}],"replies":[{"embeddable":true,"href":"https:\/\/blogs.correiobraziliense.com.br\/4elementos\/wp-json\/wp\/v2\/comments?post=229"}],"version-history":[{"count":3,"href":"https:\/\/blogs.correiobraziliense.com.br\/4elementos\/wp-json\/wp\/v2\/posts\/229\/revisions"}],"predecessor-version":[{"id":232,"href":"https:\/\/blogs.correiobraziliense.com.br\/4elementos\/wp-json\/wp\/v2\/posts\/229\/revisions\/232"}],"wp:attachment":[{"href":"https:\/\/blogs.correiobraziliense.com.br\/4elementos\/wp-json\/wp\/v2\/media?parent=229"}],"wp:term":[{"taxonomy":"category","embeddable":true,"href":"https:\/\/blogs.correiobraziliense.com.br\/4elementos\/wp-json\/wp\/v2\/categories?post=229"},{"taxonomy":"post_tag","embeddable":true,"href":"https:\/\/blogs.correiobraziliense.com.br\/4elementos\/wp-json\/wp\/v2\/tags?post=229"}],"curies":[{"name":"wp","href":"https:\/\/api.w.org\/{rel}","templated":true}]}}